{"id":10553,"date":"2020-11-25T16:57:41","date_gmt":"2020-11-25T15:57:41","guid":{"rendered":"https:\/\/www.talent.upc.edu\/blog\/?p=10553"},"modified":"2020-11-25T16:57:41","modified_gmt":"2020-11-25T15:57:41","slug":"upc-50-anos-sin-limites","status":"publish","type":"post","link":"https:\/\/upcschool.upc.edu\/blog\/upc-50-anos-sin-limites\/","title":{"rendered":"UPC: 50 a\u00f1os sin l\u00edmites"},"content":{"rendered":"<div class=\"J0lOec\"><span class=\"VIiyi\" lang=\"es\"><span class=\"JLqJ4b\" data-language-for-alternatives=\"es\" data-language-to-translate-into=\"ca\" data-phrase-index=\"0\">La Universitat Polit\u00e8cnica de Catalunya (UPC) celebra su 50 aniversario este curso acad\u00e9mico 2020-2021. Las celebraciones de esta efem\u00e9ride tan especial incluir\u00e1n una serie de actos institucionales, acad\u00e9micos y l\u00fadicos dirigidos a la comunidad universitaria (PDI, PAS, estudiantes y alumni) y que girar\u00e1n en torno a los 17 Objetivos de Desarrollo Sostenible (ODS) de las Naciones Unidas, como muestra del compromiso de la instituci\u00f3n con la sociedad. <\/span><\/span><\/div>\n<p><!--more--><\/p>\n<div class=\"J0lOec\"><span class=\"VIiyi\" lang=\"es\"><span class=\"JLqJ4b\" data-language-for-alternatives=\"es\" data-language-to-translate-into=\"ca\" data-phrase-index=\"0\">La <strong><a href=\"https:\/\/50.upc.edu\/es\/homepage?set_language=es\" target=\"_blank\" rel=\"noopener noreferrer\">web del 50 aniversario UPC<\/a><\/strong> recoge el programa de actividades que se organizar\u00e1n para celebrar el 50 aniversario, y que se alargar\u00e1n hasta diciembre de 2021. La UPC School participar\u00e1 con la organizaci\u00f3n, en el mes de mayo de 2021, del <strong>Open Day TIC<\/strong>, una sesi\u00f3n para conocer nuevas tendencias profesionales del sector TIC, los perfiles m\u00e1s demandados y conocer las propuestas formativas de la UPC School en esta \u00e1rea. La sesi\u00f3n cuenta con la conferencia anual de un experto en la tem\u00e1tica. En las dos \u00faltimas ediciones, hemos invitado Oriol Vinyals y Elisenda Bou-Balust, dos referentes en el campo de la inteligencia artificial. <\/span><\/span><\/div>\n<div>&nbsp;<\/div>\n<div class=\"J0lOec\"><span class=\"VIiyi\" lang=\"es\"><span class=\"JLqJ4b\" data-language-for-alternatives=\"es\" data-language-to-translate-into=\"ca\" data-phrase-index=\"0\">La UPC imparte hoy d\u00eda 64 grados universitarios, 75 m\u00e1sters universitarios y 45 programas de doctorado, as\u00ed como m\u00e1s de 200 programas de formaci\u00f3n permanente. La transferencia de conocimiento es uno de los epicentros de la actividad de la UPC. Adem\u00e1s de ser una universidad l\u00edder en docencia e investigaci\u00f3n, y transferencia de tecnolog\u00eda, y de despuntar en los principales rankings internacionales, otro de los indicadores destacados es que el 93% de los graduados y graduadas por la UPC trabaja.<\/span><\/span><\/div>\n","protected":false},"excerpt":{"rendered":"<p>La Universitat Polit\u00e8cnica de Catalunya (UPC) celebra su 50 aniversario este curso acad\u00e9mico 2020-2021. Las celebraciones de esta efem\u00e9ride tan especial incluir\u00e1n una serie de actos institucionales, acad\u00e9micos y l\u00fadicos dirigidos a la comunidad universitaria (PDI, PAS, estudiantes y alumni) y que girar\u00e1n en torno a los 17 Objetivos de Desarrollo Sostenible (ODS) de las &#8230; <a title=\"UPC: 50 a\u00f1os sin l\u00edmites\" class=\"read-more\" href=\"https:\/\/upcschool.upc.edu\/blog\/upc-50-anos-sin-limites\/\" aria-label=\"Read more about UPC: 50 a\u00f1os sin l\u00edmites\">Leer m\u00e1s<\/a><\/p>\n","protected":false},"author":2,"featured_media":10550,"comment_status":"open","ping_status":"open","sticky":false,"template":"","format":"standard","meta":{"footnotes":""},"categories":[22,472],"tags":[1063,732,98],"class_list":["post-10553","post","type-post","status-publish","format-standard","has-post-thumbnail","hentry","category-arquitectura-2","category-institucional-2","tag-50-aniversario-upc","tag-universitat-politecnica-de-catalunya","tag-upc"],"aioseo_notices":[],"aioseo_head":"\n\t\t<!-- All in One SEO 4.9.10 - aioseo.com -->\n\t<meta name=\"description\" content=\"La Universitat Polit\u00e8cnica de Catalunya (UPC) celebra su 50 aniversario este curso acad\u00e9mico 2020-2021. Las celebraciones de esta efem\u00e9ride tan especial incluir\u00e1n una serie de actos institucionales, acad\u00e9micos y l\u00fadicos dirigidos a la comunidad universitaria (PDI, PAS, estudiantes y alumni) y que girar\u00e1n en torno a los 17 Objetivos de Desarrollo Sostenible (ODS) de las\" \/>\n\t<meta name=\"robots\" content=\"max-image-preview:large\" \/>\n\t<meta name=\"author\" content=\"UPC School\"\/>\n\t<meta name=\"keywords\" content=\"50 aniversario upc,universitat polit\u00e8cnica de catalunya,upc\" \/>\n\t<link rel=\"canonical\" href=\"https:\/\/upcschool.upc.edu\/blog\/upc-50-anos-sin-limites\/\" \/>\n\t<meta name=\"generator\" content=\"All in One SEO (AIOSEO) 4.9.10\" \/>\n\t\t<script type=\"application\/ld+json\" class=\"aioseo-schema\">\n\t\t\t{\"@context\":\"https:\\\/\\\/schema.org\",\"@graph\":[{\"@type\":\"Article\",\"@id\":\"https:\\\/\\\/upcschool.upc.edu\\\/blog\\\/upc-50-anos-sin-limites\\\/#article\",\"name\":\"UPC: 50 a\\u00f1os sin l\\u00edmites | Blog UPC School\",\"headline\":\"UPC: 50 a\\u00f1os sin l\\u00edmites\",\"author\":{\"@id\":\"https:\\\/\\\/upcschool.upc.edu\\\/blog\\\/author\\\/promocio\\\/#author\"},\"publisher\":{\"@id\":\"https:\\\/\\\/upcschool.upc.edu\\\/blog\\\/#organization\"},\"image\":{\"@type\":\"ImageObject\",\"url\":\"https:\\\/\\\/upcschool.upc.edu\\\/blog\\\/wp-content\\\/uploads\\\/2020\\\/11\\\/50anysUPC.jpg\",\"width\":750,\"height\":375},\"datePublished\":\"2020-11-25T16:57:41+01:00\",\"dateModified\":\"2020-11-25T16:57:41+01:00\",\"inLanguage\":\"es-ES\",\"mainEntityOfPage\":{\"@id\":\"https:\\\/\\\/upcschool.upc.edu\\\/blog\\\/upc-50-anos-sin-limites\\\/#webpage\"},\"isPartOf\":{\"@id\":\"https:\\\/\\\/upcschool.upc.edu\\\/blog\\\/upc-50-anos-sin-limites\\\/#webpage\"},\"articleSection\":\"Arquitectura, Institucional, 50 aniversario UPC, Universitat Polit\\u00e8cnica de Catalunya, upc\"},{\"@type\":\"BreadcrumbList\",\"@id\":\"https:\\\/\\\/upcschool.upc.edu\\\/blog\\\/upc-50-anos-sin-limites\\\/#breadcrumblist\",\"itemListElement\":[{\"@type\":\"ListItem\",\"@id\":\"https:\\\/\\\/upcschool.upc.edu\\\/blog#listItem\",\"position\":1,\"name\":\"Home\",\"item\":\"https:\\\/\\\/upcschool.upc.edu\\\/blog\",\"nextItem\":{\"@type\":\"ListItem\",\"@id\":\"https:\\\/\\\/upcschool.upc.edu\\\/blog\\\/category\\\/arquitectura-2\\\/#listItem\",\"name\":\"Arquitectura\"}},{\"@type\":\"ListItem\",\"@id\":\"https:\\\/\\\/upcschool.upc.edu\\\/blog\\\/category\\\/arquitectura-2\\\/#listItem\",\"position\":2,\"name\":\"Arquitectura\",\"item\":\"https:\\\/\\\/upcschool.upc.edu\\\/blog\\\/category\\\/arquitectura-2\\\/\",\"nextItem\":{\"@type\":\"ListItem\",\"@id\":\"https:\\\/\\\/upcschool.upc.edu\\\/blog\\\/upc-50-anos-sin-limites\\\/#listItem\",\"name\":\"UPC: 50 a\\u00f1os sin l\\u00edmites\"},\"previousItem\":{\"@type\":\"ListItem\",\"@id\":\"https:\\\/\\\/upcschool.upc.edu\\\/blog#listItem\",\"name\":\"Home\"}},{\"@type\":\"ListItem\",\"@id\":\"https:\\\/\\\/upcschool.upc.edu\\\/blog\\\/upc-50-anos-sin-limites\\\/#listItem\",\"position\":3,\"name\":\"UPC: 50 a\\u00f1os sin l\\u00edmites\",\"previousItem\":{\"@type\":\"ListItem\",\"@id\":\"https:\\\/\\\/upcschool.upc.edu\\\/blog\\\/category\\\/arquitectura-2\\\/#listItem\",\"name\":\"Arquitectura\"}}]},{\"@type\":\"Organization\",\"@id\":\"https:\\\/\\\/upcschool.upc.edu\\\/blog\\\/#organization\",\"name\":\"UPC School\",\"description\":\"Noticias y actualidad sobre los M\\u00e1sters, Posgrados y Cursos de Formaci\\u00f3n Permanente de la UPC\",\"url\":\"https:\\\/\\\/upcschool.upc.edu\\\/blog\\\/\",\"logo\":{\"@type\":\"ImageObject\",\"url\":\"https:\\\/\\\/upcschool.upc.edu\\\/blog\\\/wp-content\\\/uploads\\\/2020\\\/10\\\/cropped-logo-hack-School.png\",\"@id\":\"https:\\\/\\\/upcschool.upc.edu\\\/blog\\\/upc-50-anos-sin-limites\\\/#organizationLogo\",\"width\":500,\"height\":100},\"image\":{\"@id\":\"https:\\\/\\\/upcschool.upc.edu\\\/blog\\\/upc-50-anos-sin-limites\\\/#organizationLogo\"}},{\"@type\":\"Person\",\"@id\":\"https:\\\/\\\/upcschool.upc.edu\\\/blog\\\/author\\\/promocio\\\/#author\",\"url\":\"https:\\\/\\\/upcschool.upc.edu\\\/blog\\\/author\\\/promocio\\\/\",\"name\":\"UPC School\",\"image\":{\"@type\":\"ImageObject\",\"@id\":\"https:\\\/\\\/upcschool.upc.edu\\\/blog\\\/upc-50-anos-sin-limites\\\/#authorImage\",\"url\":\"https:\\\/\\\/www.talent.upc.edu\\\/blog\\\/wp-content\\\/uploads\\\/2014\\\/05\\\/UPC-School_avatar-96x96.jpg\",\"width\":96,\"height\":96,\"caption\":\"UPC School\"}},{\"@type\":\"WebPage\",\"@id\":\"https:\\\/\\\/upcschool.upc.edu\\\/blog\\\/upc-50-anos-sin-limites\\\/#webpage\",\"url\":\"https:\\\/\\\/upcschool.upc.edu\\\/blog\\\/upc-50-anos-sin-limites\\\/\",\"name\":\"UPC: 50 a\\u00f1os sin l\\u00edmites | Blog UPC School\",\"description\":\"La Universitat Polit\\u00e8cnica de Catalunya (UPC) celebra su 50 aniversario este curso acad\\u00e9mico 2020-2021. Las celebraciones de esta efem\\u00e9ride tan especial incluir\\u00e1n una serie de actos institucionales, acad\\u00e9micos y l\\u00fadicos dirigidos a la comunidad universitaria (PDI, PAS, estudiantes y alumni) y que girar\\u00e1n en torno a los 17 Objetivos de Desarrollo Sostenible (ODS) de las\",\"inLanguage\":\"es-ES\",\"isPartOf\":{\"@id\":\"https:\\\/\\\/upcschool.upc.edu\\\/blog\\\/#website\"},\"breadcrumb\":{\"@id\":\"https:\\\/\\\/upcschool.upc.edu\\\/blog\\\/upc-50-anos-sin-limites\\\/#breadcrumblist\"},\"author\":{\"@id\":\"https:\\\/\\\/upcschool.upc.edu\\\/blog\\\/author\\\/promocio\\\/#author\"},\"creator\":{\"@id\":\"https:\\\/\\\/upcschool.upc.edu\\\/blog\\\/author\\\/promocio\\\/#author\"},\"image\":{\"@type\":\"ImageObject\",\"url\":\"https:\\\/\\\/upcschool.upc.edu\\\/blog\\\/wp-content\\\/uploads\\\/2020\\\/11\\\/50anysUPC.jpg\",\"@id\":\"https:\\\/\\\/upcschool.upc.edu\\\/blog\\\/upc-50-anos-sin-limites\\\/#mainImage\",\"width\":750,\"height\":375},\"primaryImageOfPage\":{\"@id\":\"https:\\\/\\\/upcschool.upc.edu\\\/blog\\\/upc-50-anos-sin-limites\\\/#mainImage\"},\"datePublished\":\"2020-11-25T16:57:41+01:00\",\"dateModified\":\"2020-11-25T16:57:41+01:00\"},{\"@type\":\"WebSite\",\"@id\":\"https:\\\/\\\/upcschool.upc.edu\\\/blog\\\/#website\",\"url\":\"https:\\\/\\\/upcschool.upc.edu\\\/blog\\\/\",\"name\":\"Blog UPC School\",\"description\":\"Noticias y actualidad sobre los M\\u00e1sters, Posgrados y Cursos de Formaci\\u00f3n Permanente de la UPC\",\"inLanguage\":\"es-ES\",\"publisher\":{\"@id\":\"https:\\\/\\\/upcschool.upc.edu\\\/blog\\\/#organization\"}}]}\n\t\t<\/script>\n\t\t<!-- All in One SEO -->\n\n","aioseo_head_json":{"title":"UPC: 50 a\u00f1os sin l\u00edmites | Blog UPC School","description":"La Universitat Polit\u00e8cnica de Catalunya (UPC) celebra su 50 aniversario este curso acad\u00e9mico 2020-2021. Las celebraciones de esta efem\u00e9ride tan especial incluir\u00e1n una serie de actos institucionales, acad\u00e9micos y l\u00fadicos dirigidos a la comunidad universitaria (PDI, PAS, estudiantes y alumni) y que girar\u00e1n en torno a los 17 Objetivos de Desarrollo Sostenible (ODS) de las","canonical_url":"https:\/\/upcschool.upc.edu\/blog\/upc-50-anos-sin-limites\/","robots":"max-image-preview:large","keywords":"50 aniversario upc,universitat polit\u00e8cnica de catalunya,upc","webmasterTools":{"miscellaneous":""},"schema":{"@context":"https:\/\/schema.org","@graph":[{"@type":"Article","@id":"https:\/\/upcschool.upc.edu\/blog\/upc-50-anos-sin-limites\/#article","name":"UPC: 50 a\u00f1os sin l\u00edmites | Blog UPC School","headline":"UPC: 50 a\u00f1os sin l\u00edmites","author":{"@id":"https:\/\/upcschool.upc.edu\/blog\/author\/promocio\/#author"},"publisher":{"@id":"https:\/\/upcschool.upc.edu\/blog\/#organization"},"image":{"@type":"ImageObject","url":"https:\/\/upcschool.upc.edu\/blog\/wp-content\/uploads\/2020\/11\/50anysUPC.jpg","width":750,"height":375},"datePublished":"2020-11-25T16:57:41+01:00","dateModified":"2020-11-25T16:57:41+01:00","inLanguage":"es-ES","mainEntityOfPage":{"@id":"https:\/\/upcschool.upc.edu\/blog\/upc-50-anos-sin-limites\/#webpage"},"isPartOf":{"@id":"https:\/\/upcschool.upc.edu\/blog\/upc-50-anos-sin-limites\/#webpage"},"articleSection":"Arquitectura, Institucional, 50 aniversario UPC, Universitat Polit\u00e8cnica de Catalunya, upc"},{"@type":"BreadcrumbList","@id":"https:\/\/upcschool.upc.edu\/blog\/upc-50-anos-sin-limites\/#breadcrumblist","itemListElement":[{"@type":"ListItem","@id":"https:\/\/upcschool.upc.edu\/blog#listItem","position":1,"name":"Home","item":"https:\/\/upcschool.upc.edu\/blog","nextItem":{"@type":"ListItem","@id":"https:\/\/upcschool.upc.edu\/blog\/category\/arquitectura-2\/#listItem","name":"Arquitectura"}},{"@type":"ListItem","@id":"https:\/\/upcschool.upc.edu\/blog\/category\/arquitectura-2\/#listItem","position":2,"name":"Arquitectura","item":"https:\/\/upcschool.upc.edu\/blog\/category\/arquitectura-2\/","nextItem":{"@type":"ListItem","@id":"https:\/\/upcschool.upc.edu\/blog\/upc-50-anos-sin-limites\/#listItem","name":"UPC: 50 a\u00f1os sin l\u00edmites"},"previousItem":{"@type":"ListItem","@id":"https:\/\/upcschool.upc.edu\/blog#listItem","name":"Home"}},{"@type":"ListItem","@id":"https:\/\/upcschool.upc.edu\/blog\/upc-50-anos-sin-limites\/#listItem","position":3,"name":"UPC: 50 a\u00f1os sin l\u00edmites","previousItem":{"@type":"ListItem","@id":"https:\/\/upcschool.upc.edu\/blog\/category\/arquitectura-2\/#listItem","name":"Arquitectura"}}]},{"@type":"Organization","@id":"https:\/\/upcschool.upc.edu\/blog\/#organization","name":"UPC School","description":"Noticias y actualidad sobre los M\u00e1sters, Posgrados y Cursos de Formaci\u00f3n Permanente de la UPC","url":"https:\/\/upcschool.upc.edu\/blog\/","logo":{"@type":"ImageObject","url":"https:\/\/upcschool.upc.edu\/blog\/wp-content\/uploads\/2020\/10\/cropped-logo-hack-School.png","@id":"https:\/\/upcschool.upc.edu\/blog\/upc-50-anos-sin-limites\/#organizationLogo","width":500,"height":100},"image":{"@id":"https:\/\/upcschool.upc.edu\/blog\/upc-50-anos-sin-limites\/#organizationLogo"}},{"@type":"Person","@id":"https:\/\/upcschool.upc.edu\/blog\/author\/promocio\/#author","url":"https:\/\/upcschool.upc.edu\/blog\/author\/promocio\/","name":"UPC School","image":{"@type":"ImageObject","@id":"https:\/\/upcschool.upc.edu\/blog\/upc-50-anos-sin-limites\/#authorImage","url":"https:\/\/www.talent.upc.edu\/blog\/wp-content\/uploads\/2014\/05\/UPC-School_avatar-96x96.jpg","width":96,"height":96,"caption":"UPC School"}},{"@type":"WebPage","@id":"https:\/\/upcschool.upc.edu\/blog\/upc-50-anos-sin-limites\/#webpage","url":"https:\/\/upcschool.upc.edu\/blog\/upc-50-anos-sin-limites\/","name":"UPC: 50 a\u00f1os sin l\u00edmites | Blog UPC School","description":"La Universitat Polit\u00e8cnica de Catalunya (UPC) celebra su 50 aniversario este curso acad\u00e9mico 2020-2021. Las celebraciones de esta efem\u00e9ride tan especial incluir\u00e1n una serie de actos institucionales, acad\u00e9micos y l\u00fadicos dirigidos a la comunidad universitaria (PDI, PAS, estudiantes y alumni) y que girar\u00e1n en torno a los 17 Objetivos de Desarrollo Sostenible (ODS) de las","inLanguage":"es-ES","isPartOf":{"@id":"https:\/\/upcschool.upc.edu\/blog\/#website"},"breadcrumb":{"@id":"https:\/\/upcschool.upc.edu\/blog\/upc-50-anos-sin-limites\/#breadcrumblist"},"author":{"@id":"https:\/\/upcschool.upc.edu\/blog\/author\/promocio\/#author"},"creator":{"@id":"https:\/\/upcschool.upc.edu\/blog\/author\/promocio\/#author"},"image":{"@type":"ImageObject","url":"https:\/\/upcschool.upc.edu\/blog\/wp-content\/uploads\/2020\/11\/50anysUPC.jpg","@id":"https:\/\/upcschool.upc.edu\/blog\/upc-50-anos-sin-limites\/#mainImage","width":750,"height":375},"primaryImageOfPage":{"@id":"https:\/\/upcschool.upc.edu\/blog\/upc-50-anos-sin-limites\/#mainImage"},"datePublished":"2020-11-25T16:57:41+01:00","dateModified":"2020-11-25T16:57:41+01:00"},{"@type":"WebSite","@id":"https:\/\/upcschool.upc.edu\/blog\/#website","url":"https:\/\/upcschool.upc.edu\/blog\/","name":"Blog UPC School","description":"Noticias y actualidad sobre los M\u00e1sters, Posgrados y Cursos de Formaci\u00f3n Permanente de la UPC","inLanguage":"es-ES","publisher":{"@id":"https:\/\/upcschool.upc.edu\/blog\/#organization"}}]}},"aioseo_meta_data":{"post_id":"10553","title":null,"description":"","keywords":"","keyphrases":null,"primary_term":null,"canonical_url":"","og_title":null,"og_description":null,"og_object_type":"default","og_image_type":"default","og_image_url":null,"og_image_width":null,"og_image_height":null,"og_image_custom_url":null,"og_image_custom_fields":null,"og_video":null,"og_custom_url":null,"og_article_section":null,"og_article_tags":null,"twitter_use_og":false,"twitter_card":"default","twitter_image_type":"default","twitter_image_url":null,"twitter_image_custom_url":null,"twitter_image_custom_fields":null,"twitter_title":null,"twitter_description":null,"schema":{"blockGraphs":[],"customGraphs":[],"default":{"data":{"Article":[],"Course":[],"Dataset":[],"FAQPage":[],"Movie":[],"Person":[],"Product":[],"ProductReview":[],"Car":[],"Recipe":[],"Service":[],"SoftwareApplication":[],"WebPage":[]},"graphName":"Article","isEnabled":true},"graphs":[]},"schema_type":null,"schema_type_options":null,"pillar_content":false,"robots_default":true,"robots_noindex":false,"robots_noarchive":false,"robots_nosnippet":false,"robots_nofollow":false,"robots_noimageindex":false,"robots_noodp":false,"robots_notranslate":false,"robots_max_snippet":null,"robots_max_videopreview":null,"robots_max_imagepreview":"large","priority":null,"frequency":null,"local_seo":null,"breadcrumb_settings":null,"limit_modified_date":false,"ai":null,"created":"2021-06-01 07:52:15","updated":"2026-02-11 07:00:41","seo_analyzer_scan_date":null},"aioseo_breadcrumb":"<div class=\"aioseo-breadcrumbs\"><span class=\"aioseo-breadcrumb\">\n\t\t\t<a href=\"https:\/\/upcschool.upc.edu\/blog\" title=\"Home\">Home<\/a>\n\t\t<\/span><span class=\"aioseo-breadcrumb-separator\">&raquo;<\/span><span class=\"aioseo-breadcrumb\">\n\t\t\t<a href=\"https:\/\/upcschool.upc.edu\/blog\/category\/arquitectura-2\/\" title=\"Arquitectura\">Arquitectura<\/a>\n\t\t<\/span><span class=\"aioseo-breadcrumb-separator\">&raquo;<\/span><span class=\"aioseo-breadcrumb\">\n\t\t\tUPC: 50 a\u00f1os sin l\u00edmites\n\t\t<\/span><\/div>","aioseo_breadcrumb_json":[{"label":"Home","link":"https:\/\/upcschool.upc.edu\/blog"},{"label":"Arquitectura","link":"https:\/\/upcschool.upc.edu\/blog\/category\/arquitectura-2\/"},{"label":"UPC: 50 a\u00f1os sin l\u00edmites","link":"https:\/\/upcschool.upc.edu\/blog\/upc-50-anos-sin-limites\/"}],"_links":{"self":[{"href":"https:\/\/upcschool.upc.edu\/blog\/wp-json\/wp\/v2\/posts\/10553","targetHints":{"allow":["GET"]}}],"collection":[{"href":"https:\/\/upcschool.upc.edu\/blog\/wp-json\/wp\/v2\/posts"}],"about":[{"href":"https:\/\/upcschool.upc.edu\/blog\/wp-json\/wp\/v2\/types\/post"}],"author":[{"embeddable":true,"href":"https:\/\/upcschool.upc.edu\/blog\/wp-json\/wp\/v2\/users\/2"}],"replies":[{"embeddable":true,"href":"https:\/\/upcschool.upc.edu\/blog\/wp-json\/wp\/v2\/comments?post=10553"}],"version-history":[{"count":1,"href":"https:\/\/upcschool.upc.edu\/blog\/wp-json\/wp\/v2\/posts\/10553\/revisions"}],"predecessor-version":[{"id":10554,"href":"https:\/\/upcschool.upc.edu\/blog\/wp-json\/wp\/v2\/posts\/10553\/revisions\/10554"}],"wp:featuredmedia":[{"embeddable":true,"href":"https:\/\/upcschool.upc.edu\/blog\/wp-json\/wp\/v2\/media\/10550"}],"wp:attachment":[{"href":"https:\/\/upcschool.upc.edu\/blog\/wp-json\/wp\/v2\/media?parent=10553"}],"wp:term":[{"taxonomy":"category","embeddable":true,"href":"https:\/\/upcschool.upc.edu\/blog\/wp-json\/wp\/v2\/categories?post=10553"},{"taxonomy":"post_tag","embeddable":true,"href":"https:\/\/upcschool.upc.edu\/blog\/wp-json\/wp\/v2\/tags?post=10553"}],"curies":[{"name":"wp","href":"https:\/\/api.w.org\/{rel}","templated":true}]}}