{"id":10561,"date":"2020-11-30T16:18:45","date_gmt":"2020-11-30T15:18:45","guid":{"rendered":"https:\/\/www.talent.upc.edu\/blog\/?p=10561"},"modified":"2020-12-03T15:58:26","modified_gmt":"2020-12-03T14:58:26","slug":"la-transformacio-digital-centra-les-noves-propostes-formatives-de-la-upc-school","status":"publish","type":"post","link":"https:\/\/upcschool.upc.edu\/blog\/la-transformacio-digital-centra-les-noves-propostes-formatives-de-la-upc-school\/?lang=ca","title":{"rendered":"La transformaci\u00f3 digital centra les noves propostes formatives de la UPC School"},"content":{"rendered":"<p>La UPC School encetar\u00e0 el nou any 2021 amb una renovada oferta de m\u00e0sters, postgraus i cursos. Entre els nous programes, que comen\u00e7aran al llarg dels primers mesos del nou any, n\u2019hi ha 12 de nova creaci\u00f3 centrats en tem\u00e0tiques com la fabricaci\u00f3 additiva, l\u2019urbanisme i la salut, la gesti\u00f3 d\u2019equips virtuals, la transformaci\u00f3 digital, la rob\u00f2tica, les tecnologies 5G o l&#8217;<em>sports analytics<\/em>, entre d\u2019altres.<!--more--><\/p>\n<p>Aquests nous programes estan dissenyats per donar resposta a la demanda de talent digital format, la tend\u00e8ncia que marca el present del mercat laboral. Els m\u00e0sters i postgraus de la UPC School compten amb l\u2019aval de la universitat tecnol\u00f2gica de refer\u00e8ncia, la UPC, i estan adaptats constantment a les necessitats de l\u2019entorn professional, gr\u00e0cies a la vinculaci\u00f3 d\u2019empreses punteres i al seu professorat, format per professionals en actiu en cada especialitat.<\/p>\n<p>Aquestes s\u00f3n les noves propostes formatives:<\/p>\n<p><strong><u>M\u00c0STERS<\/u><\/strong><strong>:<\/strong><\/p>\n<p><strong><a href=\"https:\/\/upcschool.upc.edu\/blog\/wp-content\/uploads\/2020\/07\/FabricacionAditiva.jpg\" target=\"_blank\" rel=\"noopener noreferrer\"><img loading=\"lazy\" decoding=\"async\" class=\"alignleft wp-image-10018 size-thumbnail\" src=\"https:\/\/upcschool.upc.edu\/blog\/wp-content\/uploads\/2020\/07\/FabricacionAditiva-150x150.jpg\" alt=\"\" width=\"150\" height=\"150\"><\/a><a href=\"https:\/\/upcschool.upc.edu\/cat\/estudis\/formacio\/curs\/208500\/master-fabricacio-additiva\/\" target=\"_blank\" rel=\"noopener noreferrer\">M\u00e0ster en Fabricaci\u00f3 Additiva<\/a><\/strong> <em>(semipresencial)<\/em>. Moltes empreses s\u2019estan plantejant introduir la impressi\u00f3 3D com a complement de les tecnologies de fabricaci\u00f3 actuals, en termes de reduir significativament el malbaratament de material, la quantitat de passos en el proc\u00e9s productiu o la quantitat d\u2019estoc. Aquest programa t\u2019ajudar\u00e0 a redefinir el paradigma de producci\u00f3 actual i sacsejar el mercat amb productes i models de negoci innovadors.<\/p>\n<p><strong><u>POSTGRAUS<\/u><\/strong><strong>:<\/strong><\/p>\n<p><strong><a href=\"https:\/\/upcschool.upc.edu\/blog\/wp-content\/uploads\/2020\/11\/CIOS.jpg\" target=\"_blank\" rel=\"noopener noreferrer\"><img loading=\"lazy\" decoding=\"async\" class=\"alignleft wp-image-10567 size-thumbnail\" src=\"https:\/\/upcschool.upc.edu\/blog\/wp-content\/uploads\/2020\/11\/CIOS-150x150.jpg\" alt=\"\" width=\"150\" height=\"150\"><\/a><a href=\"https:\/\/upcschool.upc.edu\/cat\/estudis\/formacio\/curs\/316400\/postgrau-cios-advanced-business-program\/\" target=\"_blank\" rel=\"noopener noreferrer\">Postgrau en CIOs Advanced Business Program <\/a><\/strong><em>(semipresencial)<\/em>. Aquest programa ofereix una visi\u00f3 pr\u00e0ctica i aplicada de la direcci\u00f3 IT per formar-te com a Chief Information Offer (CIO). Aix\u00f2 compren l\u2019estrat\u00e8gia IT i l&#8217;alineament IT-negoci, la gesti\u00f3 de recursos IT i una visi\u00f3 exhaustiva de la innovaci\u00f3 i l\u2019emprenedoria en el context actual. S\u2019ofereixen, a m\u00e9s, <a href=\"https:\/\/upcschool.upc.edu\/blog\/cinc-ajuts-del-40-per-cursar-el-postgrau-en-cios-advanced-business-program\/?lang=ca\" target=\"_blank\" rel=\"noopener noreferrer\">5 ajuts del 40% de la matr\u00edcula<\/a> per cursar aquest postgrau.<\/p>\n<p><strong><a href=\"https:\/\/upcschool.upc.edu\/blog\/wp-content\/uploads\/2020\/11\/ComponentsPlastics.jpg\"><img loading=\"lazy\" decoding=\"async\" class=\"alignleft size-thumbnail wp-image-10568\" src=\"https:\/\/upcschool.upc.edu\/blog\/wp-content\/uploads\/2020\/11\/ComponentsPlastics-150x150.jpg\" alt=\"\" width=\"150\" height=\"150\"><\/a><a href=\"https:\/\/upcschool.upc.edu\/cat\/estudis\/formacio\/curs\/313600\/postgrau-disseny-components-metallics-polimerics\/\" target=\"_blank\" rel=\"noopener noreferrer\">Postgrau en Disseny de Components Met\u00e0l\u00b7lics i Polim\u00e8rics<\/a><\/strong> <em>(<\/em><em>presencial)<\/em>. Aquest postgrau t\u2019especialitzar\u00e0 en el disseny de components industrials, tenint en compte els requeriments clau, com ara la funci\u00f3, el comportament amb l&#8217;entorn o el cost segons el volum de fabricaci\u00f3. De la m\u00e0 del Centre de Disseny d&#8217;Equips Industrials de la UPC (CDEI), centre tecnol\u00f2gic de refer\u00e8ncia de la UPC.<\/p>\n<p><strong><a href=\"https:\/\/upcschool.upc.edu\/blog\/wp-content\/uploads\/2020\/07\/Robotica.jpg\" target=\"_blank\" rel=\"noopener noreferrer\"><img loading=\"lazy\" decoding=\"async\" class=\"alignleft wp-image-10020 size-thumbnail\" src=\"https:\/\/upcschool.upc.edu\/blog\/wp-content\/uploads\/2020\/07\/Robotica-150x150.jpg\" alt=\"\" width=\"150\" height=\"150\"><\/a><a href=\"https:\/\/upcschool.upc.edu\/cat\/estudis\/formacio\/curs\/314200\/postgrau-disseny-sistemes-robotics\/\" target=\"_blank\" rel=\"noopener noreferrer\">Postgrau en Disseny de Sistemes Rob\u00f2tics<\/a><\/strong> <em>(presencial)<\/em>. La quarta revoluci\u00f3 industrial ha fet que la rob\u00f2tica s\u2019integri en la vida de les persones, tant en l\u2019\u00e0mbit dom\u00e8stic com en l\u2019\u00e0mbit laboral. Aquest postgrau capacita per al desenvolupament integral d\u2019un sistema rob\u00f2tic, centrant-se principalment en les aplicacions industrials m\u00e9s comunes en l\u2019actualitat.<\/p>\n<p>&nbsp;<\/p>\n<p><strong><a href=\"https:\/\/upcschool.upc.edu\/blog\/wp-content\/uploads\/2020\/11\/digital-transformation-scaled.jpg\" target=\"_blank\" rel=\"noopener noreferrer\"><img loading=\"lazy\" decoding=\"async\" class=\"alignleft wp-image-10569 \" src=\"https:\/\/upcschool.upc.edu\/blog\/wp-content\/uploads\/2020\/11\/digital-transformation-150x150.jpg\" alt=\"\" width=\"159\" height=\"167\"><\/a><a href=\"https:\/\/upcschool.upc.edu\/cat\/estudis\/formacio\/curs\/302000\/postgrau-direccio-transformacio-digital\/?utm_source=2134_ENV_Nous_Programes_2021&amp;utm_medium=email&amp;utm_campaign=32002000_Digital_Business_Transformation:\" target=\"_blank\" rel=\"noopener noreferrer\">Postgrau en Direcci\u00f3 de la Transformaci\u00f3 Digital <\/a><\/strong><em>(presencial)<\/em> Les organitzacions de qualsevol sector han d\u2019adaptar les seves estructures i funcionament als nous models de negoci, als diferents entorns competitius, als canvis en les cadenes de valor, aix\u00ed com incorporar nous perfils professionals. Apr\u00e8n amb aquest postgrau les estrat\u00e8gies i habilitats per dissenyar, executar i liderar amb \u00e8xit la transformaci\u00f3 digital que la teva organitzaci\u00f3 necessita.<\/p>\n<p><strong><a href=\"https:\/\/upcschool.upc.edu\/blog\/wp-content\/uploads\/2020\/11\/EquipsVirtuals.jpg\" target=\"_blank\" rel=\"noopener noreferrer\"><img loading=\"lazy\" decoding=\"async\" class=\"alignleft wp-image-10570 size-thumbnail\" src=\"https:\/\/upcschool.upc.edu\/blog\/wp-content\/uploads\/2020\/11\/EquipsVirtuals-150x150.jpg\" alt=\"\" width=\"150\" height=\"150\"><\/a><a href=\"https:\/\/upcschool.upc.edu\/cat\/estudis\/formacio\/curs\/316200\/postgrau-gestio-equips-virtuals\/?utm_source=2134_ENV_Nous_Programes_2021&amp;utm_medium=email&amp;utm_campaign=32016200_\" target=\"_blank\" rel=\"noopener noreferrer\">Postgrau en Gesti\u00f3 d&#8217;Equips Virtuals <\/a><\/strong><em>(bimodal: semipresencial i en l\u00ednia).<\/em> La digitalitzaci\u00f3 marca el present a les empreses, i tamb\u00e9 la forma de treballar dels seus professionals. El teletreball ha irromput amb for\u00e7a despr\u00e9s de la crisi sanit\u00e0ria generada per la COVID-19 i a hores d&#8217;ara ja \u00e9s una realitat que cal consolidar. Amb aquest postgrau adquirir\u00e0s les eines per liderar amb \u00e8xit la transici\u00f3 a la feina en remot.<\/p>\n<p><strong><a href=\"https:\/\/upcschool.upc.edu\/blog\/wp-content\/uploads\/2020\/07\/PatrimoniArquitectonic.jpg\" target=\"_blank\" rel=\"noopener noreferrer\"><img loading=\"lazy\" decoding=\"async\" class=\"alignleft wp-image-10021 size-thumbnail\" src=\"https:\/\/upcschool.upc.edu\/blog\/wp-content\/uploads\/2020\/07\/PatrimoniArquitectonic-150x150.jpg\" alt=\"\" width=\"150\" height=\"150\"><\/a><a href=\"https:\/\/upcschool.upc.edu\/cat\/estudis\/formacio\/curs\/310500\/postgrau-projecte-intervencio-patrimoni-arquitectonic\/\" target=\"_blank\" rel=\"noopener noreferrer\">Postgrau en Projecte d\u2019Intervenci\u00f3 en el Patrimoni Arquitect\u00f2nic<\/a><\/strong> <em>(semipresencial).<\/em> El sector de la rehabilitaci\u00f3 i restauraci\u00f3 arquitect\u00f2nica \u00e9s, i tamb\u00e9 ho ser\u00e0 en el futur, un dels pilars de l\u2019exercici professional de l\u2019arquitecte. El programa aporta tots els coneixements i habilitats necess\u00e0ries per desenvolupar, de manera integral, el cicle de rehabilitaci\u00f3 d\u2019un edifici, de la m\u00e0 dels professionals que han rehabilitat edificis hist\u00f2rics tan destacats com l\u2019Esgl\u00e9sia de Santa Maria de la Mar o l\u2019Hospital de Sant Pau.<\/p>\n<p><strong><a href=\"https:\/\/upcschool.upc.edu\/blog\/wp-content\/uploads\/2020\/07\/SportsAnalytics-scaled.jpg\" target=\"_blank\" rel=\"noopener noreferrer\"><img loading=\"lazy\" decoding=\"async\" class=\"alignleft wp-image-9956 size-thumbnail\" src=\"https:\/\/upcschool.upc.edu\/blog\/wp-content\/uploads\/2020\/07\/SportsAnalytics-150x150.jpg\" alt=\"SportsAnalytics\" width=\"150\" height=\"150\"><\/a><a href=\"https:\/\/upcschool.upc.edu\/cat\/estudis\/formacio\/curs\/303600\/postgrau-sports-analytics\/\" target=\"_blank\" rel=\"noopener noreferrer\">Postgrau en Sports Analytics<\/a><\/strong> <em>(presencial)<\/em>. La rellev\u00e0ncia de les dades en la societat actual \u00e9s inq\u00fcestionable, tamb\u00e9 l\u2019\u00e0mbit de l\u2019esport professional. L\u2019<em>sports analytics<\/em> s\u2019ha convertit en una nova \u00e0rea en constant creixement i fonamental per a la presa de decisions en l\u2019\u00e0mbit esportiu. Aquest postgrau, gr\u00e0cies a la seva col\u00b7laboraci\u00f3 amb el FC Barcelona, permetr\u00e0 treballar amb dades de primer nivell i en la resoluci\u00f3 de problemes reals, amb la visi\u00f3 privilegiada d\u2019un dels millors clubs del m\u00f3n i pioner en l\u2019an\u00e0lisi de dades.<\/p>\n<p><strong><a href=\"https:\/\/upcschool.upc.edu\/blog\/wp-content\/uploads\/2020\/07\/Tecnologias5G.jpg\" target=\"_blank\" rel=\"noopener noreferrer\"><img loading=\"lazy\" decoding=\"async\" class=\"alignleft wp-image-10022 size-thumbnail\" src=\"https:\/\/upcschool.upc.edu\/blog\/wp-content\/uploads\/2020\/07\/Tecnologias5G-150x150.jpg\" alt=\"\" width=\"150\" height=\"150\"><\/a><a href=\"https:\/\/upcschool.upc.edu\/cat\/estudis\/formacio\/curs\/301500\/postgrau-tecnologies-5g\/\" target=\"_blank\" rel=\"noopener noreferrer\">Postgrau en Tecnologies 5G<\/a><\/strong><em> (presencial)<\/em>. El desplegament del 5G suposa una revoluci\u00f3 tecnol\u00f2gica en les comunicacions, ja que augmenta considerablement la velocitat de connexi\u00f3, redueix la lat\u00e8ncia i multiplica exponencialment el nombre de dispositius connectats. Aquest programa neix per proporcionar una visi\u00f3 \u00e0mplia de les xarxes m\u00f2bils 5G, dels seus \u00e0mbits d\u2019aplicaci\u00f3 i dels nous models de negoci associats a aquesta revoluci\u00f3 digital 5G.<\/p>\n<p><strong><a href=\"https:\/\/upcschool.upc.edu\/blog\/wp-content\/uploads\/2020\/11\/Postgrau_Urbanisme_Salut-scaled.jpg\" target=\"_blank\" rel=\"noopener noreferrer\"><img loading=\"lazy\" decoding=\"async\" class=\"alignleft wp-image-10484 size-thumbnail\" src=\"https:\/\/upcschool.upc.edu\/blog\/wp-content\/uploads\/2020\/11\/Postgrau_Urbanisme_Salut-150x150.jpg\" alt=\"Urbanisme_Salut\" width=\"150\" height=\"150\"><\/a><a href=\"https:\/\/upcschool.upc.edu\/cat\/estudis\/formacio\/curs\/316300\/postgrau-urbanisme-salut-planejament-urbanistic-eina-salut\/\" target=\"_blank\" rel=\"noopener noreferrer\">Postgrau en Urbanisme i Salut: El Planejament Urban\u00edstic com a Eina de Salut<\/a><\/strong> <em>(semipresencial)<\/em> Aspectes de l\u2019entorn urb\u00e0 com les zones verdes, el model de mobilitat, els equipaments, el tipus de comer\u00e7 o l\u2019habitatge assequible impacten de manera decisiva en la salut de les persones. Aquest nou programa aporta les m\u00e9s innovadores eines per incorporar la salut en els models de planificaci\u00f3 i gesti\u00f3 urban\u00edstica.<\/p>\n<p><strong><u>CURSOS<\/u><\/strong><strong>: <\/strong><\/p>\n<p><strong><a href=\"https:\/\/upcschool.upc.edu\/blog\/wp-content\/uploads\/2018\/04\/Blockchain.jpg\" target=\"_blank\" rel=\"noopener noreferrer\"><img loading=\"lazy\" decoding=\"async\" class=\"alignleft wp-image-8027 size-thumbnail\" src=\"https:\/\/upcschool.upc.edu\/blog\/wp-content\/uploads\/2018\/04\/Blockchain-150x150.jpg\" alt=\"Blockchain\" width=\"150\" height=\"150\"><\/a><a href=\"https:\/\/upcschool.upc.edu\/cat\/estudis\/formacio\/curs\/500800\/curs-formacio-continua-blockchain-business\/\" target=\"_blank\" rel=\"noopener noreferrer\">Curs de formaci\u00f3 cont\u00ednua en Blockchain for Business<\/a><\/strong> <em>(bimodal: presencial i en l\u00ednia)<\/em> Les tecnologies <em>blockchain<\/em> estan revolucionant tant sectors d\u2019innovaci\u00f3 tecnol\u00f2gica com sectors tradicionals. Sense necessitat de rec\u00f3rrer a terceres parts o intermediaris, permeten processar dades de forma segura i transparent, definir actius digitals i crear mercats. Aquest curs inclou els principals casos d\u2019\u00fas de les tecnologies <em>blockchain<\/em>, aix\u00ed com els aspectes legals i oportunitats de negoci relacionats.<\/p>\n<p><strong><a href=\"https:\/\/upcschool.upc.edu\/blog\/wp-content\/uploads\/2020\/07\/PeritatgeInformatic.jpg\" target=\"_blank\" rel=\"noopener noreferrer\"><img loading=\"lazy\" decoding=\"async\" class=\"alignleft wp-image-10023 size-thumbnail\" src=\"https:\/\/upcschool.upc.edu\/blog\/wp-content\/uploads\/2020\/07\/PeritatgeInformatic-150x150.jpg\" alt=\"\" width=\"150\" height=\"150\"><\/a><a href=\"https:\/\/upcschool.upc.edu\/cat\/estudis\/formacio\/curs\/501200\/curs-formacio-continua-peritatge-informatic-tecnologia-forense\/\" target=\"_blank\" rel=\"noopener noreferrer\">Curs de formaci\u00f3 cont\u00ednua en Peritatge Inform\u00e0tic i Tecnologia Forense<\/a><\/strong> <em>(presencial)<\/em>. Actualment, les comunicacions i la documentaci\u00f3 es generen i distribueixen en format digital. Quan aquesta informaci\u00f3 \u00e9s q\u00fcestionada, cal recollir-la, presentar-la i analitzar-ne les possibles manipulacions per tal de resoldre un eventual litigi. Aquest curs prepara per analitzar t\u00e8cnicament les proves digitals i con\u00e8ixer els procediments necessaris per presentar-les amb \u00e8xit.<\/p>\n<p><strong><a href=\"https:\/\/upcschool.upc.edu\/blog\/wp-content\/uploads\/2020\/11\/VisioCircular.jpg\" target=\"_blank\" rel=\"noopener noreferrer\"><img loading=\"lazy\" decoding=\"async\" class=\"alignleft wp-image-10571 size-thumbnail\" src=\"https:\/\/upcschool.upc.edu\/blog\/wp-content\/uploads\/2020\/11\/VisioCircular-150x150.jpg\" alt=\"\" width=\"150\" height=\"150\"><\/a><a href=\"https:\/\/upcschool.upc.edu\/cat\/estudis\/formacio\/curs\/509300\/curs-formacio-continua-visio-estrategica-economia-circular\/\" target=\"_blank\" rel=\"noopener noreferrer\">Curs de formaci\u00f3 cont\u00ednua en Visi\u00f3 Estrat\u00e8gica de l&#8217;Economia Circular<\/a><\/strong><em> (presencial). <\/em>La transici\u00f3 cap aquest nou model econ\u00f2mic combina diferents estrat\u00e8gies que passen pel disseny sostenible, la definici\u00f3 de nous models de negoci, l&#8217;optimitzaci\u00f3 del consum i la gesti\u00f3 dels recursos. Aquest curs aporta les compet\u00e8ncies clau per liderar aquesta transformaci\u00f3.<\/p>\n<p>&nbsp;<\/p>\n","protected":false},"excerpt":{"rendered":"<p>La UPC School encetar\u00e0 el nou any 2021 amb una renovada oferta de m\u00e0sters, postgraus i cursos. Entre els nous programes, que comen\u00e7aran al llarg dels primers mesos del nou any, n\u2019hi ha 12 de nova creaci\u00f3 centrats en tem\u00e0tiques com la fabricaci\u00f3 additiva, l\u2019urbanisme i la salut, la gesti\u00f3 d\u2019equips virtuals, la transformaci\u00f3 digital, &#8230; <a title=\"La transformaci\u00f3 digital centra les noves propostes formatives de la UPC School\" class=\"read-more\" href=\"https:\/\/upcschool.upc.edu\/blog\/la-transformacio-digital-centra-les-noves-propostes-formatives-de-la-upc-school\/?lang=ca\" aria-label=\"Read more about La transformaci\u00f3 digital centra les noves propostes formatives de la UPC School\">Leer m\u00e1s<\/a><\/p>\n","protected":false},"author":2,"featured_media":10562,"comment_status":"open","ping_status":"open","sticky":false,"template":"","format":"standard","meta":{"footnotes":""},"categories":[5,579,7,12,4,260,11,6,521],"tags":[823,794,1037,628,941,1010,944,845,486],"class_list":["post-10561","post","type-post","status-publish","format-standard","has-post-thumbnail","hentry","category-arquitectura","category-enginyeria-ca","category-enginyeria_industrial","category-innovacio","category-management","category-rehabilitacio-2","category-sostenibilitat","category-tic_2","category-urbanisme-2","tag-blockchain","tag-economia-circular","tag-fabricacio-additiva","tag-formacio-permanent-upc","tag-noves-propostes","tag-sports-analytics","tag-tecnologies-5g","tag-transformacio-digital","tag-urbanisme"],"aioseo_notices":[],"_links":{"self":[{"href":"https:\/\/upcschool.upc.edu\/blog\/wp-json\/wp\/v2\/posts\/10561","targetHints":{"allow":["GET"]}}],"collection":[{"href":"https:\/\/upcschool.upc.edu\/blog\/wp-json\/wp\/v2\/posts"}],"about":[{"href":"https:\/\/upcschool.upc.edu\/blog\/wp-json\/wp\/v2\/types\/post"}],"author":[{"embeddable":true,"href":"https:\/\/upcschool.upc.edu\/blog\/wp-json\/wp\/v2\/users\/2"}],"replies":[{"embeddable":true,"href":"https:\/\/upcschool.upc.edu\/blog\/wp-json\/wp\/v2\/comments?post=10561"}],"version-history":[{"count":18,"href":"https:\/\/upcschool.upc.edu\/blog\/wp-json\/wp\/v2\/posts\/10561\/revisions"}],"predecessor-version":[{"id":10612,"href":"https:\/\/upcschool.upc.edu\/blog\/wp-json\/wp\/v2\/posts\/10561\/revisions\/10612"}],"wp:featuredmedia":[{"embeddable":true,"href":"https:\/\/upcschool.upc.edu\/blog\/wp-json\/wp\/v2\/media\/10562"}],"wp:attachment":[{"href":"https:\/\/upcschool.upc.edu\/blog\/wp-json\/wp\/v2\/media?parent=10561"}],"wp:term":[{"taxonomy":"category","embeddable":true,"href":"https:\/\/upcschool.upc.edu\/blog\/wp-json\/wp\/v2\/categories?post=10561"},{"taxonomy":"post_tag","embeddable":true,"href":"https:\/\/upcschool.upc.edu\/blog\/wp-json\/wp\/v2\/tags?post=10561"}],"curies":[{"name":"wp","href":"https:\/\/api.w.org\/{rel}","templated":true}]}}