{"id":11964,"date":"2022-05-17T10:30:43","date_gmt":"2022-05-17T09:30:43","guid":{"rendered":"https:\/\/www.talent.upc.edu\/blog\/?p=11964"},"modified":"2022-05-17T10:34:23","modified_gmt":"2022-05-17T09:34:23","slug":"lluis-cuatrecasas-els-objectius-de-la-metodologia-lean-com-ajustar-se-a-la-demanda-o-als-terminis-es-veuran-millorats-amb-la-digitalitzacio","status":"publish","type":"post","link":"https:\/\/upcschool.upc.edu\/blog\/lluis-cuatrecasas-els-objectius-de-la-metodologia-lean-com-ajustar-se-a-la-demanda-o-als-terminis-es-veuran-millorats-amb-la-digitalitzacio\/?lang=ca","title":{"rendered":"Llu\u00eds Cuatrecasas: \u00abEls objectius de la metodologia Lean, com ajustar-se a la demanda o als terminis, es veuran millorats amb la digitalitzaci\u00f3\u00bb"},"content":{"rendered":"<p><span class=\"VIiyi\" lang=\"ca\"><span class=\"JLqJ4b ChMk0b\" data-language-for-alternatives=\"ca\" data-language-to-translate-into=\"es\" data-phrase-index=\"0\" data-number-of-phrases=\"6\"><span class=\"Q4iAWc\"><strong>Llu\u00eds Cuatrecasas<\/strong> \u00e9s un dels majors referents en <em>management<\/em> industrial i direcci\u00f3 de la producci\u00f3.<\/span><\/span> <span class=\"JLqJ4b ChMk0b\" data-language-for-alternatives=\"ca\" data-language-to-translate-into=\"es\" data-phrase-index=\"1\" data-number-of-phrases=\"6\"><span class=\"Q4iAWc\">Doctor Enginyer Industrial i Catedr\u00e0tic per la Universitat Polit\u00e8cnica de Catalunya, \u00e9s president de l&#8217;Institut Lean Management d&#8217;Espanya, filial oficial del Lean Enterprise Institute dels EUA. Autor de diversos llibres i articles en revistes sobre organitzaci\u00f3 de la producci\u00f3, <em>lean manufacturing<\/em>,<\/span><\/span> <span class=\"JLqJ4b ChMk0b\" data-language-for-alternatives=\"ca\" data-language-to-translate-into=\"es\" data-phrase-index=\"2\" data-number-of-phrases=\"6\"><span class=\"Q4iAWc\">enginyeria de processos, qualitat, manteniment i log\u00edstica.<\/span><\/span> <span class=\"JLqJ4b ChMk0b\" data-language-for-alternatives=\"ca\" data-language-to-translate-into=\"es\" data-phrase-index=\"3\" data-number-of-phrases=\"6\"><span class=\"Q4iAWc\">Assessor i formador d&#8217;empreses industrials.<\/span><\/span> <span class=\"JLqJ4b ChMk0b\" data-language-for-alternatives=\"ca\" data-language-to-translate-into=\"es\" data-phrase-index=\"4\" data-number-of-phrases=\"6\"><span class=\"Q4iAWc\">A la UPC School dirigeix el <strong><a href=\"https:\/\/upcschool.upc.edu\/cat\/estudis\/formacio\/curs\/208400\/master-organitzacio-enginyeria-produccio-direccio-plantes-industrials\/\" target=\"_blank\" rel=\"noopener\">m\u00e0ster en Organitzaci\u00f3 i Enginyeria de la Producci\u00f3 i Direcci\u00f3 de Plantes Industrials (Engiplant)<\/a><\/strong> i el <a href=\"https:\/\/upcschool.upc.edu\/cat\/estudis\/formacio\/curs\/212300\/master-project-management-industrial-serveis\/\" target=\"_blank\" rel=\"noopener\"><strong>m\u00e0ster en Project Management Industrial i de Serveis<\/strong><\/a>.<\/span><\/span> <span class=\"JLqJ4b ChMk0b\" data-language-for-alternatives=\"ca\" data-language-to-translate-into=\"es\" data-phrase-index=\"5\" data-number-of-phrases=\"6\"><span class=\"Q4iAWc\">Coneixem m\u00e9s detalls en aquesta entrevista<\/span><\/span><\/span>.<strong><!--more--><\/strong><\/p>\n<ul>\n<li><strong><span class=\"VIiyi\" lang=\"ca\"><span class=\"JLqJ4b ChMk0b\" data-language-for-alternatives=\"ca\" data-language-to-translate-into=\"es\" data-phrase-index=\"0\" data-number-of-phrases=\"2\"><span class=\"Q4iAWc\">El m\u00e0ster en Organitzaci\u00f3 i Direcci\u00f3 de Plantes Industrials (Engiplant) va ser un programa pioner en la seva especialitat que ja acumula 34 edicions.<\/span><\/span> <span class=\"JLqJ4b ChMk0b\" data-language-for-alternatives=\"ca\" data-language-to-translate-into=\"es\" data-phrase-index=\"1\" data-number-of-phrases=\"2\"><span class=\"Q4iAWc\">Quin \u00e9s el secret del seu \u00e8xit i aquesta traject\u00f2ria tan consolidada al llarg de tants anys?<\/span><\/span><\/span><\/strong><\/li>\n<\/ul>\n<p><span class=\"VIiyi\" lang=\"ca\"><span class=\"JLqJ4b ChMk0b\" data-language-for-alternatives=\"ca\" data-language-to-translate-into=\"es\" data-phrase-index=\"0\" data-number-of-phrases=\"2\"><span class=\"Q4iAWc\">Es tracta d&#8217;un programa amb orientaci\u00f3 professional que es va crear des del tercer cicle de la UPC per complementar la formaci\u00f3 del segon cicle que \u00e9s m\u00e9s conceptual o te\u00f2rica, per a titulats que ja exercissin professionalment.<\/span><\/span> <span class=\"JLqJ4b ChMk0b\" data-language-for-alternatives=\"ca\" data-language-to-translate-into=\"es\" data-phrase-index=\"1\" data-number-of-phrases=\"2\"><span class=\"Q4iAWc\">El seu objectiu, per tant, \u00e9s formar l&#8217;alumne en la realitat pr\u00e0ctica de la gesti\u00f3 de l&#8217;empresa industrial i les funcions que li correspondran com a professional de l&#8217;\u00e0mbit<\/span><\/span><\/span>.<\/p>\n<p><span class=\"VIiyi\" lang=\"ca\"><span class=\"JLqJ4b ChMk0b\" data-language-for-alternatives=\"ca\" data-language-to-translate-into=\"es\" data-phrase-index=\"0\" data-number-of-phrases=\"2\"><span class=\"Q4iAWc\">El programa est\u00e0 enfocat eminentment a la pr\u00e0ctica i el professorat est\u00e0 integrat per professionals experts en diversos aspectes de la gesti\u00f3 industrial.<\/span><\/span> <span class=\"JLqJ4b ChMk0b\" data-language-for-alternatives=\"ca\" data-language-to-translate-into=\"es\" data-phrase-index=\"1\" data-number-of-phrases=\"2\"><span class=\"Q4iAWc\">Un i altre es van actualitzant a cada edici\u00f3<\/span><\/span><\/span>.<\/p>\n<p><span class=\"VIiyi\" lang=\"ca\"><span class=\"JLqJ4b ChMk0b\" data-language-for-alternatives=\"ca\" data-language-to-translate-into=\"es\" data-phrase-index=\"0\" data-number-of-phrases=\"1\"><span class=\"Q4iAWc\">La idea original la vaig tenir al cap de poc temps d&#8217;accedir a la c\u00e0tedra, despr\u00e9s de treballar m\u00e9s de quinze anys al m\u00f3n industrial, i vaig poder comprovar que l&#8217;alumnat necessitava una formaci\u00f3 d&#8217;aquesta mena una vegada accedia a la vida professional al m\u00f3n industrial<\/span><\/span><\/span>.<\/p>\n<ul>\n<li><strong><span class=\"VIiyi\" lang=\"ca\"><span class=\"JLqJ4b ChMk0b\" data-language-for-alternatives=\"ca\" data-language-to-translate-into=\"es\" data-phrase-index=\"0\" data-number-of-phrases=\"2\"><span class=\"Q4iAWc\">Com s&#8217;aconsegueix la plena aplicabilitat dels coneixements apresos al m\u00e0ster a l&#8217;empresa industrial?<\/span><\/span> <span class=\"JLqJ4b ChMk0b\" data-language-for-alternatives=\"ca\" data-language-to-translate-into=\"es\" data-phrase-index=\"1\" data-number-of-phrases=\"2\"><span class=\"Q4iAWc\">Quin tipus de projectes desenvolupen els alumnes?<\/span><\/span><\/span><\/strong><\/li>\n<\/ul>\n<p><span class=\"VIiyi\" lang=\"ca\"><span class=\"JLqJ4b ChMk0b\" data-language-for-alternatives=\"ca\" data-language-to-translate-into=\"es\" data-phrase-index=\"0\" data-number-of-phrases=\"1\"><span class=\"Q4iAWc\">La formaci\u00f3 completa es compon de tres parts, que al Lean Enterprise Institute dels EUA \u2013la matriu de l&#8217;Institut Lean a Espanya\u2013 s&#8217;identifica amb les tres parts que componen un cos hum\u00e0<\/span><\/span><\/span>:<\/p>\n<ul>\n<li>[<em>el cap<\/em>] <strong>Coneixements:<\/strong> <span class=\"VIiyi\" lang=\"ca\"><span class=\"JLqJ4b ChMk0b\" data-language-for-alternatives=\"ca\" data-language-to-translate-into=\"es\" data-phrase-index=\"0\" data-number-of-phrases=\"1\"><span class=\"Q4iAWc\">la part del programa dedicada a donar a l&#8217;alumnat els coneixements necessaris dels temes que componen el programa, per part d&#8217;experts de cada tema al m\u00f3n industrial<\/span><\/span><\/span>.<\/li>\n<li>[<em>el cos amb els bra\u00e7os<\/em>] <strong>Pr\u00e0ctica:<\/strong> <span class=\"VIiyi\" lang=\"ca\"><span class=\"JLqJ4b ChMk0b\" data-language-for-alternatives=\"ca\" data-language-to-translate-into=\"es\" data-phrase-index=\"0\" data-number-of-phrases=\"1\"><span class=\"Q4iAWc\">realitzada majorment en les mateixes sessions del programa, per tal d&#8217;anar assumint adequadament els coneixements adquirits<\/span><\/span><\/span>.<\/li>\n<li>[<em>les cames<\/em>] <strong>Experi\u00e8ncia:<\/strong> <span class=\"VIiyi\" lang=\"ca\"><span class=\"JLqJ4b ChMk0b\" data-language-for-alternatives=\"ca\" data-language-to-translate-into=\"es\" data-phrase-index=\"0\" data-number-of-phrases=\"2\"><span class=\"Q4iAWc\">tot aix\u00f2 fins a arribar a un punt en qu\u00e8 l&#8217;alumne ja \u00e9s capa\u00e7 de \u201ccaminar\u201d sol, es suposa que ja \u00e9s capa\u00e7, per si mateix, de gestionar all\u00f2 que li correspongui a l&#8217;empresa industrial.<\/span><\/span> <span class=\"JLqJ4b ChMk0b\" data-language-for-alternatives=\"ca\" data-language-to-translate-into=\"es\" data-phrase-index=\"1\" data-number-of-phrases=\"2\"><span class=\"Q4iAWc\">Aquesta part li porta for\u00e7a temps i ho fa en dur a terme el projecte fi de m\u00e0ster, que s&#8217;est\u00e0 aconseguint que sempre sigui real<\/span><\/span><\/span>.<\/li>\n<\/ul>\n<p><span class=\"VIiyi\" lang=\"ca\"><span class=\"JLqJ4b ChMk0b\" data-language-for-alternatives=\"ca\" data-language-to-translate-into=\"es\" data-phrase-index=\"0\" data-number-of-phrases=\"2\"><span class=\"Q4iAWc\">Els projectes que executen els alumnes tracten de ser, doncs, reals, objectiu que s&#8217;est\u00e0 assolint en el 100% dels casos, molts d&#8217;ells a les mateixes empreses en qu\u00e8 treballen o, si no \u00e9s aix\u00ed, poden accedir igualment a la que<\/span><\/span> <span class=\"JLqJ4b ChMk0b\" data-language-for-alternatives=\"ca\" data-language-to-translate-into=\"es\" data-phrase-index=\"1\" data-number-of-phrases=\"2\"><span class=\"Q4iAWc\">correspongui al projecte<\/span><\/span><\/span>.<\/p>\n<ul>\n<li><strong><span class=\"VIiyi\" lang=\"ca\"><span class=\"JLqJ4b ChMk0b\" data-language-for-alternatives=\"ca\" data-language-to-translate-into=\"es\" data-phrase-index=\"0\" data-number-of-phrases=\"1\"><span class=\"Q4iAWc\">Per qu\u00e8 les empreses industrials haurien d&#8217;apostar per la metodologia<em> Lean<\/em> per millorar la competitivitat?<\/span><\/span><\/span><\/strong><\/li>\n<\/ul>\n<p><span class=\"VIiyi\" lang=\"ca\"><span class=\"JLqJ4b ChMk0b\" data-language-for-alternatives=\"ca\" data-language-to-translate-into=\"es\" data-phrase-index=\"0\" data-number-of-phrases=\"1\"><span class=\"Q4iAWc\"><a href=\"https:\/\/upcschool.upc.edu\/blog\/wp-content\/uploads\/2020\/09\/engiplant_2_iStock-496517841-scaled.jpg\" target=\"_blank\" rel=\"noopener\"><img loading=\"lazy\" decoding=\"async\" class=\"alignleft wp-image-10188 size-medium\" src=\"https:\/\/upcschool.upc.edu\/blog\/wp-content\/uploads\/2020\/09\/engiplant_2_iStock-496517841-300x200.jpg\" alt=\"\" width=\"300\" height=\"200\" srcset=\"https:\/\/upcschool.upc.edu\/blog\/wp-content\/uploads\/2020\/09\/engiplant_2_iStock-496517841-300x200.jpg 300w, https:\/\/upcschool.upc.edu\/blog\/wp-content\/uploads\/2020\/09\/engiplant_2_iStock-496517841-1024x683.jpg 1024w, https:\/\/upcschool.upc.edu\/blog\/wp-content\/uploads\/2020\/09\/engiplant_2_iStock-496517841-768x513.jpg 768w, https:\/\/upcschool.upc.edu\/blog\/wp-content\/uploads\/2020\/09\/engiplant_2_iStock-496517841-1536x1025.jpg 1536w, https:\/\/upcschool.upc.edu\/blog\/wp-content\/uploads\/2020\/09\/engiplant_2_iStock-496517841-2048x1367.jpg 2048w, https:\/\/upcschool.upc.edu\/blog\/wp-content\/uploads\/2020\/09\/engiplant_2_iStock-496517841-450x300.jpg 450w\" sizes=\"auto, (max-width: 300px) 100vw, 300px\" \/><\/a>La metodologia<em> Lean<\/em> suposa una millora enorme pel que fa a la gesti\u00f3 industrial, en particular pel que fa a com s&#8217;enfoca la gesti\u00f3 i l&#8217;organitzaci\u00f3 del treball hum\u00e0<\/span><\/span><\/span>.<\/p>\n<p><span class=\"VIiyi\" lang=\"ca\"><span class=\"JLqJ4b ChMk0b\" data-language-for-alternatives=\"ca\" data-language-to-translate-into=\"es\" data-phrase-index=\"0\" data-number-of-phrases=\"2\"><span class=\"Q4iAWc\">L&#8217;origen es troba en el sistema de gesti\u00f3 desenvolupat per Toyota a la segona meitat del segle XX, superant llargament el sistema tradicional existent, molt orientat a la producci\u00f3 a gran escala i intensiu en maquin\u00e0ria.<\/span><\/span> <span class=\"JLqJ4b ChMk0b\" data-language-for-alternatives=\"ca\" data-language-to-translate-into=\"es\" data-phrase-index=\"1\" data-number-of-phrases=\"2\"><span class=\"Q4iAWc\">Amb una orientaci\u00f3 molt diferent, Toyota va desplegar un sistema orientat a la producci\u00f3 a petita escala, cobrint exclusivament la demanda, governat per les persones en funci\u00f3 del ritme de la demanda i sense necessitat de fortes inversions en maquin\u00e0ria per maximitzar la producci\u00f3<\/span><\/span><\/span>.<\/p>\n<p><span class=\"VIiyi\" lang=\"ca\"><span class=\"JLqJ4b ChMk0b\" data-language-for-alternatives=\"ca\" data-language-to-translate-into=\"es\" data-phrase-index=\"0\" data-number-of-phrases=\"1\"><span class=\"Q4iAWc\">En resum: efici\u00e8ncia en lloc de volum i, tot aix\u00f2, minimitzant el capital invertit<\/span><\/span><\/span>.<\/p>\n<p><span class=\"VIiyi\" lang=\"ca\"><span class=\"JLqJ4b ChMk0b\" data-language-for-alternatives=\"ca\" data-language-to-translate-into=\"es\" data-phrase-index=\"0\" data-number-of-phrases=\"2\"><span class=\"Q4iAWc\">Amb aquest sistema es poden reduir els terminis de lliurament i l&#8217;estoc necessari en m\u00e9s del 90% i, sobretot, es poden eliminar una gran quantitat d&#8217;activitats que no aporten res al producte, mentre el m\u00f3n tradicional no ho pot fer i anomena aquestes<\/span><\/span> <span class=\"JLqJ4b ChMk0b\" data-language-for-alternatives=\"ca\" data-language-to-translate-into=\"es\" data-phrase-index=\"1\" data-number-of-phrases=\"2\"><span class=\"Q4iAWc\">activitats \u201cde suport\u201d<\/span><\/span><\/span>.<\/p>\n<p><span class=\"VIiyi\" lang=\"ca\"><span class=\"JLqJ4b ChMk0b\" data-language-for-alternatives=\"ca\" data-language-to-translate-into=\"es\" data-phrase-index=\"0\" data-number-of-phrases=\"2\"><span class=\"Q4iAWc\">Actualment, a l&#8217;autom\u00f2bil ja nom\u00e9s es pot treballar aix\u00ed o abandonar.<\/span><\/span> <span class=\"JLqJ4b ChMk0b\" data-language-for-alternatives=\"ca\" data-language-to-translate-into=\"es\" data-phrase-index=\"1\" data-number-of-phrases=\"2\"><span class=\"Q4iAWc\">Per\u00f2 des dels EUA, el Lean Enterprise Institute ho est\u00e0 difonent per a qualsevol mena d&#8217;empresa (industrial, serveis, administraci\u00f3, etc.), m\u00e9s enll\u00e0 de l&#8217;autom\u00f2bil, sector per al qual va ser desenvolupat<\/span><\/span><\/span>.<\/p>\n<ul>\n<li><strong><span class=\"VIiyi\" lang=\"ca\"><span class=\"JLqJ4b ChMk0b\" data-language-for-alternatives=\"ca\" data-language-to-translate-into=\"es\" data-phrase-index=\"0\" data-number-of-phrases=\"1\"><span class=\"Q4iAWc\">Quin valor aporta que l&#8217;Institut Lean Management, que vost\u00e8 presideix, sigui soci estrat\u00e8gic d&#8217;aquesta formaci\u00f3?<\/span><\/span><\/span><\/strong><\/li>\n<\/ul>\n<div class=\"J0lOec\"><span class=\"VIiyi\" lang=\"ca\"><span class=\"JLqJ4b ChMk0b\" data-language-for-alternatives=\"ca\" data-language-to-translate-into=\"es\" data-phrase-index=\"0\" data-number-of-phrases=\"1\"><span class=\"Q4iAWc\">Abans de res, he d&#8217;aclarir que en l&#8217;actualitat presideixo aquest Institut que em va ser atorgat des del Lean Enterprise Institute dels EUA, per\u00f2 la direcci\u00f3 va a c\u00e0rrec d&#8217;Oriol Cuatrecasas Castellsagu\u00e9s, que m&#8217;ha succe\u00eft en aquest c\u00e0rrec.<br \/>\n<\/span><\/span><\/span><\/div>\n<p><span class=\"VIiyi\" lang=\"ca\"><span class=\"JLqJ4b ChMk0b\" data-language-for-alternatives=\"ca\" data-language-to-translate-into=\"es\" data-phrase-index=\"0\" data-number-of-phrases=\"2\"><span class=\"Q4iAWc\">Atesa la import\u00e0ncia que el <em>Lean Management<\/em> (habitualment <em>Lean Manufacturing<\/em> al m\u00f3n industrial) t\u00e9 en pr\u00e0cticament tot all\u00f2 que afecta la gesti\u00f3 de les empreses industrials (operacions, processos, enginyeria, qualitat, manteniment, log\u00edstica, recursos humans, etc.)<\/span><\/span> <span class=\"JLqJ4b ChMk0b\" data-language-for-alternatives=\"ca\" data-language-to-translate-into=\"es\" data-phrase-index=\"1\" data-number-of-phrases=\"2\"><span class=\"Q4iAWc\">i la diferent manera com s&#8217;enfoca des del pensament <em>Lean<\/em>, l&#8217;aportaci\u00f3 de l&#8217;Institut Lean Management \u00e9s molt important, tant per la tem\u00e0tica amb aquest enfocament, com pels experts de l&#8217;Institut que s\u00f3n tamb\u00e9 professors del m\u00e0ster<\/span><\/span><\/span>.<\/p>\n<p><span class=\"VIiyi\" lang=\"ca\"><span class=\"JLqJ4b ChMk0b\" data-language-for-alternatives=\"ca\" data-language-to-translate-into=\"es\" data-phrase-index=\"0\" data-number-of-phrases=\"2\"><span class=\"Q4iAWc\">Com a confirmaci\u00f3 d&#8217;aix\u00f2, l&#8217;alumne del m\u00e0ster Engiplant de la UPC pot optar a un certificat de coneixements <em>Lean<\/em> de l&#8217;Institut que presideixo, nom\u00e9s fent un petit treball amb la metodologia A3 del <em>lean managemen<\/em>t per introduir aspectes de gesti\u00f3 i eines, canvis i millores<\/span><\/span> <span class=\"JLqJ4b ChMk0b\" data-language-for-alternatives=\"ca\" data-language-to-translate-into=\"es\" data-phrase-index=\"1\" data-number-of-phrases=\"2\"><span class=\"Q4iAWc\">i resoldre problemes<\/span><\/span><\/span>.<\/p>\n<ul>\n<li><strong><span class=\"VIiyi\" lang=\"ca\"><span class=\"JLqJ4b ChMk0b\" data-language-for-alternatives=\"ca\" data-language-to-translate-into=\"es\" data-phrase-index=\"0\" data-number-of-phrases=\"1\"><span class=\"Q4iAWc\">Com s&#8217;han integrat les noves necessitats de la ind\u00fastria 4.0 en el plantejament d&#8217;aquest m\u00e0ster?<\/span><\/span><\/span><\/strong><\/li>\n<\/ul>\n<p><span class=\"VIiyi\" lang=\"ca\"><span class=\"JLqJ4b ChMk0b\" data-language-for-alternatives=\"ca\" data-language-to-translate-into=\"es\" data-phrase-index=\"0\" data-number-of-phrases=\"2\"><span class=\"Q4iAWc\">Les anomenades revolucions en la tecnologia, treball i gesti\u00f3, succe\u00efdes hist\u00f2ricament al m\u00f3n des del segle XVIII, han tingut diferents enfocaments.<\/span><\/span> <span class=\"JLqJ4b ChMk0b\" data-language-for-alternatives=\"ca\" data-language-to-translate-into=\"es\" data-phrase-index=\"1\" data-number-of-phrases=\"2\"><span class=\"Q4iAWc\">Aix\u00ed, la primera gran revoluci\u00f3, l&#8217;anomenada simplement Revoluci\u00f3 Industrial (finals del segle XVIII i segle XIX), fou eminentment tecnol\u00f2gica (m\u00e0quines de vapor, electricitat, etc.).<\/span><\/span><\/span><\/p>\n<p><span class=\"VIiyi\" lang=\"ca\"><span class=\"JLqJ4b ChMk0b\" data-language-for-alternatives=\"ca\" data-language-to-translate-into=\"es\" data-phrase-index=\"0\" data-number-of-phrases=\"4\"><span class=\"Q4iAWc\">A aquesta la van seguir dues m\u00e9s amb una orientaci\u00f3 molt m\u00e9s enfocades al <em>management<\/em>, inicialment industrial, per\u00f2 que van acabar afectant tots els sectors d&#8217;activitat.<\/span><\/span> <span class=\"JLqJ4b ChMk0b\" data-language-for-alternatives=\"ca\" data-language-to-translate-into=\"es\" data-phrase-index=\"1\" data-number-of-phrases=\"4\"><span class=\"Q4iAWc\">Una va donar lloc a la segona revoluci\u00f3 industrial (primera meitat del segle XX), de la qual va n\u00e9ixer el primer model de gesti\u00f3 amb criteris cient\u00edfics, model que va acabar donant lloc a la ja esmentada producci\u00f3 a gran escala i intensiva en maquin\u00e0ria, liderada<\/span><\/span> <span class=\"JLqJ4b ChMk0b\" data-language-for-alternatives=\"ca\" data-language-to-translate-into=\"es\" data-phrase-index=\"2\" data-number-of-phrases=\"4\"><span class=\"Q4iAWc\">inicialment per Henry Ford, per\u00f2 que va ser modelada i conclosa des de la General Motors d&#8217;Alfred Sloan.<\/span><\/span> <span class=\"JLqJ4b ChMk0b\" data-language-for-alternatives=\"ca\" data-language-to-translate-into=\"es\" data-phrase-index=\"3\" data-number-of-phrases=\"4\"><span class=\"Q4iAWc\">L&#8217;altra, que seria la tercera revoluci\u00f3 industrial (segona meitat del segle XX), va ser la liderada per Toyota, que va donar lloc al<\/span><\/span><\/span> <em>Lean Management<\/em>.<\/p>\n<p><span class=\"VIiyi\" lang=\"ca\"><span class=\"JLqJ4b ChMk0b\" data-language-for-alternatives=\"ca\" data-language-to-translate-into=\"es\" data-phrase-index=\"0\" data-number-of-phrases=\"5\"><span class=\"Q4iAWc\">I arribem a la quarta revoluci\u00f3, l&#8217;actualment coneguda com a Ind\u00fastria 4.0.<\/span><\/span> <span class=\"JLqJ4b ChMk0b\" data-language-for-alternatives=\"ca\" data-language-to-translate-into=\"es\" data-phrase-index=\"1\" data-number-of-phrases=\"5\"><span class=\"Q4iAWc\">\u00c9s una revoluci\u00f3 marcadament tecnol\u00f2gica, encara que amb clares incid\u00e8ncies en aspectes de gesti\u00f3.<\/span><\/span> <span class=\"JLqJ4b ChMk0b\" data-language-for-alternatives=\"ca\" data-language-to-translate-into=\"es\" data-phrase-index=\"2\" data-number-of-phrases=\"5\"><span class=\"Q4iAWc\">Si una paraula pot resumir el car\u00e0cter d&#8217;aquesta revoluci\u00f3, seria la digitalitzaci\u00f3, que tantes coses est\u00e0 canviant, per\u00f2 pel que fa a la gesti\u00f3 pr\u00f2piament dita, els principis del <em>Lean Management<\/em> segueixen sent el m\u00e9s avan\u00e7at.<\/span><\/span> <span class=\"JLqJ4b ChMk0b\" data-language-for-alternatives=\"ca\" data-language-to-translate-into=\"es\" data-phrase-index=\"3\" data-number-of-phrases=\"5\"><span class=\"Q4iAWc\">De tota manera, objectius molt importants per a aquesta tend\u00e8ncia de gesti\u00f3, com s\u00f3n treballar per a la demanda real o reduir al m\u00e0xim el termini de lliurament, s&#8217;ent\u00e9n que es poden millorar encara molt m\u00e9s amb les noves eines tecnol\u00f2giques de la Ind\u00fastria 4.0, especialment pel que fa <\/span><\/span><span class=\"JLqJ4b ChMk0b\" data-language-for-alternatives=\"ca\" data-language-to-translate-into=\"es\" data-phrase-index=\"4\" data-number-of-phrases=\"5\"><span class=\"Q4iAWc\">a la digitalitzaci\u00f3.<br \/>\n<\/span><\/span><\/span><\/p>\n<p><span class=\"VIiyi\" lang=\"ca\"><span class=\"JLqJ4b ChMk0b\" data-language-for-alternatives=\"ca\" data-language-to-translate-into=\"es\" data-phrase-index=\"0\" data-number-of-phrases=\"1\"><span class=\"Q4iAWc\">Per tot aix\u00f2, el programa del m\u00e0ster inclou la tem\u00e0tica relativa a la Ind\u00fastria 4.0, aix\u00ed com les noves orientacions derivades del <em>Lean Management<\/em> conegudes com a<\/span><\/span><\/span><em> Agile<\/em>.<\/p>\n<ul>\n<li><strong><span class=\"VIiyi\" lang=\"ca\"><span class=\"JLqJ4b ChMk0b\" data-language-for-alternatives=\"ca\" data-language-to-translate-into=\"es\" data-phrase-index=\"0\" data-number-of-phrases=\"2\"><span class=\"Q4iAWc\">El m\u00e0ster en Project Management Industrial i de Serveis arriba aquest nou curs 2022-2023 a la seva 19a edici\u00f3.<\/span><\/span> <span class=\"JLqJ4b ChMk0b\" data-language-for-alternatives=\"ca\" data-language-to-translate-into=\"es\" data-phrase-index=\"1\" data-number-of-phrases=\"2\"><span class=\"Q4iAWc\">Com ha evolucionat el programa durant els anys per adaptar-se a les noves tend\u00e8ncies en gesti\u00f3 de projectes i lideratge empresarial?<\/span><\/span><\/span><\/strong><\/li>\n<\/ul>\n<p><span class=\"VIiyi\" lang=\"ca\"><span class=\"JLqJ4b ChMk0b\" data-language-for-alternatives=\"ca\" data-language-to-translate-into=\"es\" data-phrase-index=\"0\" data-number-of-phrases=\"2\"><span class=\"Q4iAWc\"><a href=\"https:\/\/upcschool.upc.edu\/blog\/wp-content\/uploads\/2021\/02\/PMA.jpg\" target=\"_blank\" rel=\"noopener\"><img loading=\"lazy\" decoding=\"async\" class=\"alignleft wp-image-10766 size-medium\" src=\"https:\/\/upcschool.upc.edu\/blog\/wp-content\/uploads\/2021\/02\/PMA-300x182.jpg\" alt=\"\" width=\"300\" height=\"182\" srcset=\"https:\/\/upcschool.upc.edu\/blog\/wp-content\/uploads\/2021\/02\/PMA-300x182.jpg 300w, https:\/\/upcschool.upc.edu\/blog\/wp-content\/uploads\/2021\/02\/PMA-1024x621.jpg 1024w, https:\/\/upcschool.upc.edu\/blog\/wp-content\/uploads\/2021\/02\/PMA-768x466.jpg 768w, https:\/\/upcschool.upc.edu\/blog\/wp-content\/uploads\/2021\/02\/PMA-1536x932.jpg 1536w, https:\/\/upcschool.upc.edu\/blog\/wp-content\/uploads\/2021\/02\/PMA.jpg 2000w\" sizes=\"auto, (max-width: 300px) 100vw, 300px\" \/><\/a>Comen\u00e7ar\u00e9 dient que molt del que s&#8217;ha exposat a prop\u00f2sit del m\u00e0ster Engiplant \u00e9s perfectament v\u00e0lid per al m\u00e0ster en Project Management Industrial i de Serveis que, en endavant, l&#8217;anomenarem pel seu acr\u00f2nim PMIS (de la mateixa manera que a l&#8217;anterior hem fet servir la<\/span><\/span> <span class=\"JLqJ4b ChMk0b\" data-language-for-alternatives=\"ca\" data-language-to-translate-into=\"es\" data-phrase-index=\"1\" data-number-of-phrases=\"2\"><span class=\"Q4iAWc\">denominaci\u00f3 redu\u00efda Engiplant)<\/span><\/span><\/span>.<\/p>\n<p><span class=\"VIiyi\" lang=\"ca\"><span class=\"JLqJ4b ChMk0b\" data-language-for-alternatives=\"ca\" data-language-to-translate-into=\"es\" data-phrase-index=\"0\" data-number-of-phrases=\"2\"><span class=\"Q4iAWc\">Aix\u00ed, el programa de m\u00e0ster PMIS \u00e9s tamb\u00e9 de car\u00e0cter professional, inicialment plantejat des de tercer cicle de la UPC \u2013llavors com a postgrau, cosa que tamb\u00e9 va ser aix\u00ed per a Engiplant\u2013 amb un programa eminentment pr\u00e0ctic i impartit per professionals de l&#8217;\u00e0mbit dels projectes.<\/span><\/span> <span class=\"JLqJ4b ChMk0b\" data-language-for-alternatives=\"ca\" data-language-to-translate-into=\"es\" data-phrase-index=\"1\" data-number-of-phrases=\"2\"><span class=\"Q4iAWc\">I igual que Engiplant s&#8217;ha anat actualitzant any rere any<\/span><\/span><\/span>.<\/p>\n<p><span class=\"VIiyi\" lang=\"ca\"><span class=\"JLqJ4b ChMk0b\" data-language-for-alternatives=\"ca\" data-language-to-translate-into=\"es\" data-phrase-index=\"0\" data-number-of-phrases=\"4\"><span class=\"Q4iAWc\">Aix\u00ed, inicialment, era un programa de gesti\u00f3 i desenvolupament de projectes que es deia Planificaci\u00f3 de Projectes.<\/span><\/span> <span class=\"JLqJ4b ChMk0b\" data-language-for-alternatives=\"ca\" data-language-to-translate-into=\"es\" data-phrase-index=\"1\" data-number-of-phrases=\"4\"><span class=\"Q4iAWc\">La planificaci\u00f3 segueix sent un tema dominant en el <em>project management<\/em>, per\u00f2 aquest abasta actualment la direcci\u00f3 de projectes, aix\u00ed com el plantejament i desenvolupament dels mateixos amb metodologies molt avan\u00e7ades, molt especialment la coneguda com a guia PMBOK elaborada des del PMI (Project Management Institute de<\/span><\/span> <span class=\"JLqJ4b ChMk0b\" data-language-for-alternatives=\"ca\" data-language-to-translate-into=\"es\" data-phrase-index=\"2\" data-number-of-phrases=\"4\"><span class=\"Q4iAWc\">els EUA).<\/span><\/span> <span class=\"JLqJ4b ChMk0b\" data-language-for-alternatives=\"ca\" data-language-to-translate-into=\"es\" data-phrase-index=\"3\" data-number-of-phrases=\"4\"><span class=\"Q4iAWc\">L&#8217;operativa en equip i el desenvolupament d&#8217;equips d&#8217;alt rendiment tamb\u00e9 s\u00f3n aspectes clau<\/span><\/span><\/span>.<\/p>\n<p><span class=\"VIiyi\" lang=\"ca\"><span class=\"JLqJ4b ChMk0b\" data-language-for-alternatives=\"ca\" data-language-to-translate-into=\"es\" data-phrase-index=\"0\" data-number-of-phrases=\"4\"><span class=\"Q4iAWc\">Naturalment, l&#8217;evoluci\u00f3 de la direcci\u00f3, la gesti\u00f3 i el desenvolupament de projectes ha estat molt gran i el m\u00e0ster PMIS s&#8217;ha anat actualitzant al mateix ritme.<\/span><\/span> <span class=\"JLqJ4b ChMk0b\" data-language-for-alternatives=\"ca\" data-language-to-translate-into=\"es\" data-phrase-index=\"1\" data-number-of-phrases=\"4\"><span class=\"Q4iAWc\">Les eines cl\u00e0ssiques tamb\u00e9 se segueixen incloent al programa, en la mesura que se segueixen utilitzant en la realitat.<\/span><\/span> <span class=\"JLqJ4b ChMk0b\" data-language-for-alternatives=\"ca\" data-language-to-translate-into=\"es\" data-phrase-index=\"2\" data-number-of-phrases=\"4\"><span class=\"Q4iAWc\">Aix\u00ed, els sistemes de planificaci\u00f3 basats en l&#8217;anomenat cam\u00ed cr\u00edtic segueixen formant part del programa, de la mateixa manera que el software m\u00e9s utilitzat per a la planificaci\u00f3 de projectes \u2013el Project de Microsoft\u2013 es basa en aquests sistemes.<\/span><\/span> <span class=\"JLqJ4b ChMk0b\" data-language-for-alternatives=\"ca\" data-language-to-translate-into=\"es\" data-phrase-index=\"3\" data-number-of-phrases=\"4\"><span class=\"Q4iAWc\">Per\u00f2 a continuaci\u00f3, el programa del m\u00e0ster aborda sistemes m\u00e9s avan\u00e7ats de planificaci\u00f3, com s\u00f3n els basats en la cadena cr\u00edtica, i el software corresponent (en aquest cas el Pro Chain)<\/span><\/span><\/span>.<\/p>\n<p><span class=\"VIiyi\" lang=\"ca\"><span class=\"JLqJ4b ChMk0b\" data-language-for-alternatives=\"ca\" data-language-to-translate-into=\"es\" data-phrase-index=\"0\" data-number-of-phrases=\"3\"><span class=\"Q4iAWc\">No obstant aix\u00f2, si alguna cosa caracteritza el programa del m\u00e0ster PMIS \u00e9s que tracta d&#8217;abordar tots els temes que es poden relacionar amb els projectes, com \u00e9s el cas de les t\u00e8cniques m\u00e9s avan\u00e7ades per assegurar que la qualitat en el desenvolupament de projectes, el temps necessari per acabar-los<\/span><\/span> <span class=\"JLqJ4b ChMk0b\" data-language-for-alternatives=\"ca\" data-language-to-translate-into=\"es\" data-phrase-index=\"1\" data-number-of-phrases=\"3\"><span class=\"Q4iAWc\">i el cost total, s&#8217;ajustin a all\u00f2 que est\u00e0 previst i pressupostat.<\/span><\/span> <span class=\"JLqJ4b ChMk0b\" data-language-for-alternatives=\"ca\" data-language-to-translate-into=\"es\" data-phrase-index=\"2\" data-number-of-phrases=\"3\"><span class=\"Q4iAWc\">Al costat d&#8217;aix\u00f2, el programa no oblida aspectes com s\u00f3n la gesti\u00f3 dels recursos humans en la gesti\u00f3 dels equips de projectes o, tamb\u00e9, tots els relacionats amb els aspectes econ\u00f2mics (costos, inversions i finan\u00e7ament, sobretot)<\/span><\/span><\/span>.<\/p>\n<ul>\n<li><strong><span class=\"VIiyi\" lang=\"ca\"><span class=\"JLqJ4b ChMk0b\" data-language-for-alternatives=\"ca\" data-language-to-translate-into=\"es\" data-phrase-index=\"0\" data-number-of-phrases=\"1\"><span class=\"Q4iAWc\">Aquest m\u00e0ster facilita l&#8217;obtenci\u00f3 del certificat Project Management Professional (PMP) que atorga el Project Management Institute (PMI). Quin valor aporta aquesta certificaci\u00f3 al mercat professional?<\/span><\/span><\/span><\/strong><\/li>\n<\/ul>\n<p><span class=\"VIiyi\" lang=\"ca\"><span class=\"JLqJ4b ChMk0b\" data-language-for-alternatives=\"ca\" data-language-to-translate-into=\"es\" data-phrase-index=\"0\" data-number-of-phrases=\"3\"><span class=\"Q4iAWc\">At\u00e8s el prestigi que gaudeix actualment la metodologia basada en guia PMBOK del PMI, la certificaci\u00f3 que atorga aquest Institut, el Project Management Professional (PMP) \u00e9s un actiu molt important per al professional que l&#8217;aconsegueix obtenir.<\/span><\/span> <span class=\"JLqJ4b ChMk0b\" data-language-for-alternatives=\"ca\" data-language-to-translate-into=\"es\" data-phrase-index=\"1\" data-number-of-phrases=\"3\"><span class=\"Q4iAWc\">Als pa\u00efsos m\u00e9s avan\u00e7ats \u00e9s gaireb\u00e9 obligat tenir-lo si es vol exercir professionalment en l&#8217;\u00e0mbit.<\/span><\/span> <span class=\"JLqJ4b ChMk0b\" data-language-for-alternatives=\"ca\" data-language-to-translate-into=\"es\" data-phrase-index=\"2\" data-number-of-phrases=\"3\"><span class=\"Q4iAWc\">Per\u00f2 en qualsevol cas, disposar-ne al curr\u00edculum \u00e9s decisiu<\/span><\/span><\/span>.<\/p>\n<p><span class=\"VIiyi\" lang=\"ca\"><span class=\"JLqJ4b ChMk0b\" data-language-for-alternatives=\"ca\" data-language-to-translate-into=\"es\" data-phrase-index=\"0\" data-number-of-phrases=\"3\"><span class=\"Q4iAWc\">Per aix\u00f2 mateix, el m\u00e0ster PMIS t\u00e9 al seu programa una part destinada a aquells assistents que vulguin obtenir el PMP.<\/span><\/span> <span class=\"JLqJ4b ChMk0b\" data-language-for-alternatives=\"ca\" data-language-to-translate-into=\"es\" data-phrase-index=\"1\" data-number-of-phrases=\"3\"><span class=\"Q4iAWc\">S&#8217;hi revisa el PMBOK des del punt de vista dels requeriments del PMP i es prepara els alumnes perqu\u00e8 puguin superar les proves pertinents, on les faci el PMI.<\/span><\/span> <span class=\"JLqJ4b ChMk0b\" data-language-for-alternatives=\"ca\" data-language-to-translate-into=\"es\" data-phrase-index=\"2\" data-number-of-phrases=\"3\"><span class=\"Q4iAWc\">A m\u00e9s, el mateix programa de m\u00e0ster PMIS ha estat adm\u00e8s per aquest Institut com a formaci\u00f3 pr\u00e8via necess\u00e0ria per sotmetre&#8217;s a les proves que donen lloc a l&#8217;obtenci\u00f3 del certificat PMP<\/span><\/span><\/span>.<\/p>\n<p><span class=\"VIiyi\" lang=\"ca\"><span class=\"JLqJ4b ChMk0b\" data-language-for-alternatives=\"ca\" data-language-to-translate-into=\"es\" data-phrase-index=\"0\" data-number-of-phrases=\"1\"><span class=\"Q4iAWc\">Com a comentari final, l&#8217;estad\u00edstica dels alumnes que han optat per intentar aconseguir aquest certificat ens diu que la immensa majoria han superat la prova<\/span><\/span><\/span>.<\/p>\n<ul>\n<li><strong><span class=\"VIiyi\" lang=\"ca\"><span class=\"JLqJ4b ChMk0b\" data-language-for-alternatives=\"ca\" data-language-to-translate-into=\"es\" data-phrase-index=\"0\" data-number-of-phrases=\"1\"><span class=\"Q4iAWc\">Ens pot explicar un cas d&#8217;\u00e8xit de <em>Lean Management<\/em> que consideri especialment destacable pels resultats?<\/span><\/span><\/span><\/strong><\/li>\n<\/ul>\n<p><span class=\"VIiyi\" lang=\"ca\"><span class=\"JLqJ4b ChMk0b\" data-language-for-alternatives=\"ca\" data-language-to-translate-into=\"es\" data-phrase-index=\"0\" data-number-of-phrases=\"2\"><span class=\"Q4iAWc\">Casos d&#8217;\u00e8xit de <em>Lean Management<\/em> n&#8217;hi ha molts i en tots ells l&#8217;empresa que l&#8217;ha adoptat ha crescut de forma molt forta i, encara que s&#8217;aconsella intentar evolucionar des de la forma tradicional d&#8217;operar al <em>Lean<\/em> en el context d&#8217;una situaci\u00f3 estable de la<\/span><\/span> <span class=\"JLqJ4b ChMk0b\" data-language-for-alternatives=\"ca\" data-language-to-translate-into=\"es\" data-phrase-index=\"1\" data-number-of-phrases=\"2\"><span class=\"Q4iAWc\">companyia, hi ha hagut molts casos en qu\u00e8 aquesta no era la situaci\u00f3 i el salt al <em>Lean<\/em> ha salvat for\u00e7a companyies<\/span><\/span><\/span>.<\/p>\n<p><span class=\"VIiyi\" lang=\"ca\"><span class=\"JLqJ4b ChMk0b\" data-language-for-alternatives=\"ca\" data-language-to-translate-into=\"es\" data-phrase-index=\"0\" data-number-of-phrases=\"5\"><span class=\"Q4iAWc\">Aquest va ser el cas de Porsche, l&#8217;empresa d&#8217;automoci\u00f3 que a inicis de la d\u00e8cada dels 90 estava gaireb\u00e9 en fallida i, amb l&#8217;adopci\u00f3 del <em>Lean<\/em> (en aquella \u00e8poca era directament el sistema de Toyota, ja que el Lean Enterprise Institute<\/span><\/span> <span class=\"JLqJ4b ChMk0b\" data-language-for-alternatives=\"ca\" data-language-to-translate-into=\"es\" data-phrase-index=\"1\" data-number-of-phrases=\"5\"><span class=\"Q4iAWc\">es va crear el 1997), va sobreviure i va aconseguir cr\u00e9ixer amb for\u00e7a.<\/span><\/span> <span class=\"JLqJ4b ChMk0b\" data-language-for-alternatives=\"ca\" data-language-to-translate-into=\"es\" data-phrase-index=\"2\" data-number-of-phrases=\"5\"><span class=\"Q4iAWc\">I des de llavors hi ha hagut molts casos d&#8217;\u00e8xit i amb <em>Lean<\/em> ja n&#8217;hi ha hagut fora del sector de l&#8217;autom\u00f2bil, com ja he exposat anteriorment.<\/span><\/span> <span class=\"JLqJ4b ChMk0b\" data-language-for-alternatives=\"ca\" data-language-to-translate-into=\"es\" data-phrase-index=\"3\" data-number-of-phrases=\"5\"><span class=\"Q4iAWc\">El llibre de cap\u00e7alera per aprendre els aspectes b\u00e0sics del <em>Lean<\/em>, titulat <em>Lean Thinking<\/em> presenta i descriu detalladament for\u00e7a casos d&#8217;\u00e8xit d&#8217;importants empreses de sectors d&#8217;activitat molt variats (entre ells el de Porsche).<\/span><\/span> <span class=\"JLqJ4b ChMk0b\" data-language-for-alternatives=\"ca\" data-language-to-translate-into=\"es\" data-phrase-index=\"4\" data-number-of-phrases=\"5\"><span class=\"Q4iAWc\">Va ser escrit pel fundador de Lean Enterprise Institute, professor del MIT de Boston, James P. Womack i Daniel T. Jones que va acabar fundant l&#8217;Institut del Regne Unit<\/span><\/span><\/span>.<\/p>\n<p><span class=\"VIiyi\" lang=\"ca\"><span class=\"JLqJ4b ChMk0b\" data-language-for-alternatives=\"ca\" data-language-to-translate-into=\"es\" data-phrase-index=\"0\" data-number-of-phrases=\"3\"><span class=\"Q4iAWc\">Al sector de l&#8217;autom\u00f2bil tots s\u00f3n casos d&#8217;\u00e8xit, ja que en aquest sector no es pot operar de manera competitiva d&#8217;una altra manera i, per a m\u00e9s detall, la General Motors \u2013 paradigma, com s&#8217;ha dit, del sistema tradicional que opera a gran<\/span><\/span> <span class=\"JLqJ4b ChMk0b\" data-language-for-alternatives=\"ca\" data-language-to-translate-into=\"es\" data-phrase-index=\"1\" data-number-of-phrases=\"3\"><span class=\"Q4iAWc\">escala\u2013 es va enfonsar com a conseq\u00fc\u00e8ncia que Toyota va iniciar la fabricaci\u00f3 d&#8217;autom\u00f2bils als Estats Units.<\/span><\/span> <span class=\"JLqJ4b ChMk0b\" data-language-for-alternatives=\"ca\" data-language-to-translate-into=\"es\" data-phrase-index=\"2\" data-number-of-phrases=\"3\"><span class=\"Q4iAWc\">Despr\u00e9s el govern americ\u00e0 la va ressuscitar<\/span><\/span><\/span>\u2026<\/p>\n<p><span class=\"VIiyi\" lang=\"ca\"><span class=\"JLqJ4b ChMk0b\" data-language-for-alternatives=\"ca\" data-language-to-translate-into=\"es\" data-phrase-index=\"0\" data-number-of-phrases=\"1\"><span class=\"Q4iAWc\">Amb el <em>Lean Management<\/em> molts altres sectors han tingut un gran impuls en l&#8217;adopci\u00f3 d&#8217;aquest corrent de gesti\u00f3, molts de car\u00e0cter industrial, per\u00f2 tamb\u00e9 en els serveis, com \u00e9s el cas del<em> healthcare<\/em> i amb aix\u00f2 l&#8217;organitzaci\u00f3 i el funcionament dels hospitals.<\/span><\/span><\/span><\/p>\n<p><span class=\"VIiyi\" lang=\"ca\"><span class=\"JLqJ4b ChMk0b\" data-language-for-alternatives=\"ca\" data-language-to-translate-into=\"es\" data-phrase-index=\"0\" data-number-of-phrases=\"3\"><span class=\"Q4iAWc\">A Espanya tamb\u00e9 hi ha hagut molts casos d&#8217;\u00e8xit, un dels quals l&#8217;empresa del sector t\u00e8xtil Inditex \u00e9s molt conegut.<\/span><\/span> <span class=\"JLqJ4b ChMk0b\" data-language-for-alternatives=\"ca\" data-language-to-translate-into=\"es\" data-phrase-index=\"1\" data-number-of-phrases=\"3\"><span class=\"Q4iAWc\">Des de l&#8217;Institut Lean Management d&#8217;Espanya s&#8217;ha treballat amb \u00e8xit en l&#8217;adopci\u00f3 del <em>Lean<\/em> en for\u00e7a empreses, moltes petites o mitjanes, per\u00f2 tamb\u00e9 grans, com \u00e9s el cas de Nestl\u00e9 (a m\u00e9s a m\u00e9s de diverses de les plantes que t\u00e9) o en <\/span><\/span><span class=\"JLqJ4b ChMk0b\" data-language-for-alternatives=\"ca\" data-language-to-translate-into=\"es\" data-phrase-index=\"2\" data-number-of-phrases=\"3\"><span class=\"Q4iAWc\">el cas esmentat dels serveis hospitalaris, inicialment al Consorci del Garraf \u2013cas pilot que va ser dif\u00f3s com un gran \u00e8xit des del Telenot\u00edcies de TV3\u2013 fins als grans hospitals en qu\u00e8 col\u00b7laborem actualment en la seva transformaci\u00f3<\/span><\/span><\/span>.<\/p>\n<ul>\n<li><strong><span class=\"VIiyi\" lang=\"ca\"><span class=\"JLqJ4b ChMk0b\" data-language-for-alternatives=\"ca\" data-language-to-translate-into=\"es\" data-phrase-index=\"0\" data-number-of-phrases=\"1\"><span class=\"Q4iAWc\">Quins professionals formen part del quadre docent del m\u00e0ster?<\/span><\/span><\/span><\/strong><\/li>\n<\/ul>\n<p><span class=\"VIiyi\" lang=\"ca\"><span class=\"JLqJ4b ChMk0b\" data-language-for-alternatives=\"ca\" data-language-to-translate-into=\"es\" data-phrase-index=\"0\" data-number-of-phrases=\"2\"><span class=\"Q4iAWc\">Ja s&#8217;ha dit que el professorat dels programes de m\u00e0ster que dirigeixo est\u00e0 format per professionals especialitzats en els temes que venen a impartir.<\/span><\/span> <span class=\"JLqJ4b ChMk0b\" data-language-for-alternatives=\"ca\" data-language-to-translate-into=\"es\" data-phrase-index=\"1\" data-number-of-phrases=\"2\"><span class=\"Q4iAWc\">At\u00e8s que aquests programes intenten abastar tot el que pugui tenir inter\u00e8s en la tem\u00e0tica d&#8217;aquests programes, el claustre de professors ha resultat molt ampli<\/span><\/span><\/span>.<\/p>\n<p><span class=\"VIiyi\" lang=\"ca\"><span class=\"JLqJ4b ChMk0b\" data-language-for-alternatives=\"ca\" data-language-to-translate-into=\"es\" data-phrase-index=\"0\" data-number-of-phrases=\"1\"><span class=\"Q4iAWc\">A m\u00e9s, de la mateixa manera que els programes evolucionen i s&#8217;actualitzen, tamb\u00e9 va passant el mateix amb el professorat<\/span><\/span><\/span>.<\/p>\n<p><span class=\"VIiyi\" lang=\"ca\"><span class=\"JLqJ4b ChMk0b\" data-language-for-alternatives=\"ca\" data-language-to-translate-into=\"es\" data-phrase-index=\"0\" data-number-of-phrases=\"2\"><span class=\"Q4iAWc\">D&#8217;altra banda, i, com no podia ser altrament, la seva proced\u00e8ncia \u00e9s de molts sectors d&#8217;activitat diferents i no gaireb\u00e9 exclusivament de l&#8217;autom\u00f2bil, com es pot creure, ja que recordem que els alumnes d&#8217;aquests programes poden procedir de diferents sectors i\/<\/span><\/span><span class=\"JLqJ4b ChMk0b\" data-language-for-alternatives=\"ca\" data-language-to-translate-into=\"es\" data-phrase-index=\"1\" data-number-of-phrases=\"2\"><span class=\"Q4iAWc\">o tipus d&#8217;empresa<\/span><\/span><\/span>.<\/p>\n<p><span class=\"VIiyi\" lang=\"ca\"><span class=\"JLqJ4b ChMk0b\" data-language-for-alternatives=\"ca\" data-language-to-translate-into=\"es\" data-phrase-index=\"0\" data-number-of-phrases=\"1\"><span class=\"Q4iAWc\">El m\u00e9s important \u00e9s que tinguin moltes hores de \u201cvol\u201d en el tema que venen a exposar i, per mi tamb\u00e9 \u00e9s molt important, que les tinguin en la seva actuaci\u00f3 com a professors, \u00e9s a dir, que siguin molt bons comunicadors<\/span><\/span><\/span>.<\/p>\n<p><span class=\"VIiyi\" lang=\"ca\"><span class=\"JLqJ4b ChMk0b\" data-language-for-alternatives=\"ca\" data-language-to-translate-into=\"es\" data-phrase-index=\"0\" data-number-of-phrases=\"2\"><span class=\"Q4iAWc\">La llargu\u00edssima experi\u00e8ncia acumulada amb \u00e8xit en els dos programes de m\u00e0ster que dirigeixo, fruit de la quantitat d&#8217;edicions que s&#8217;han efectuat, ens ha perm\u00e8s anar polint cada cop m\u00e9s els programes, el professorat i el model docent, alhora que se n&#8217;han anat<\/span><\/span> <span class=\"JLqJ4b ChMk0b\" data-language-for-alternatives=\"ca\" data-language-to-translate-into=\"es\" data-phrase-index=\"1\" data-number-of-phrases=\"2\"><span class=\"Q4iAWc\">adaptant amb el temps, actualitzant-los cont\u00ednuament<\/span><\/span><\/span>.<\/p>\n","protected":false},"excerpt":{"rendered":"<p>Llu\u00eds Cuatrecasas \u00e9s un dels majors referents en management industrial i direcci\u00f3 de la producci\u00f3. Doctor Enginyer Industrial i Catedr\u00e0tic per la Universitat Polit\u00e8cnica de Catalunya, \u00e9s president de l&#8217;Institut Lean Management d&#8217;Espanya, filial oficial del Lean Enterprise Institute dels EUA. Autor de diversos llibres i articles en revistes sobre organitzaci\u00f3 de la producci\u00f3, lean &#8230; <a title=\"Llu\u00eds Cuatrecasas: \u00abEls objectius de la metodologia Lean, com ajustar-se a la demanda o als terminis, es veuran millorats amb la digitalitzaci\u00f3\u00bb\" class=\"read-more\" href=\"https:\/\/upcschool.upc.edu\/blog\/lluis-cuatrecasas-els-objectius-de-la-metodologia-lean-com-ajustar-se-a-la-demanda-o-als-terminis-es-veuran-millorats-amb-la-digitalitzacio\/?lang=ca\" aria-label=\"Read more about Llu\u00eds Cuatrecasas: \u00abEls objectius de la metodologia Lean, com ajustar-se a la demanda o als terminis, es veuran millorats amb la digitalitzaci\u00f3\u00bb\">Leer m\u00e1s<\/a><\/p>\n","protected":false},"author":2,"featured_media":11961,"comment_status":"open","ping_status":"open","sticky":false,"template":"","format":"standard","meta":{"footnotes":""},"categories":[7,15,4],"tags":[396,1183,1165,854,1166,1273,145],"class_list":["post-11964","post","type-post","status-publish","format-standard","has-post-thumbnail","hentry","category-enginyeria_industrial","category-entrevistaes","category-management","tag-direccio-doperacions","tag-direccio-de-la-produccio","tag-engiplant","tag-entrevistes","tag-master-engiplant","tag-master-project-management","tag-project-management_2"],"aioseo_notices":[],"_links":{"self":[{"href":"https:\/\/upcschool.upc.edu\/blog\/wp-json\/wp\/v2\/posts\/11964","targetHints":{"allow":["GET"]}}],"collection":[{"href":"https:\/\/upcschool.upc.edu\/blog\/wp-json\/wp\/v2\/posts"}],"about":[{"href":"https:\/\/upcschool.upc.edu\/blog\/wp-json\/wp\/v2\/types\/post"}],"author":[{"embeddable":true,"href":"https:\/\/upcschool.upc.edu\/blog\/wp-json\/wp\/v2\/users\/2"}],"replies":[{"embeddable":true,"href":"https:\/\/upcschool.upc.edu\/blog\/wp-json\/wp\/v2\/comments?post=11964"}],"version-history":[{"count":10,"href":"https:\/\/upcschool.upc.edu\/blog\/wp-json\/wp\/v2\/posts\/11964\/revisions"}],"predecessor-version":[{"id":11980,"href":"https:\/\/upcschool.upc.edu\/blog\/wp-json\/wp\/v2\/posts\/11964\/revisions\/11980"}],"wp:featuredmedia":[{"embeddable":true,"href":"https:\/\/upcschool.upc.edu\/blog\/wp-json\/wp\/v2\/media\/11961"}],"wp:attachment":[{"href":"https:\/\/upcschool.upc.edu\/blog\/wp-json\/wp\/v2\/media?parent=11964"}],"wp:term":[{"taxonomy":"category","embeddable":true,"href":"https:\/\/upcschool.upc.edu\/blog\/wp-json\/wp\/v2\/categories?post=11964"},{"taxonomy":"post_tag","embeddable":true,"href":"https:\/\/upcschool.upc.edu\/blog\/wp-json\/wp\/v2\/tags?post=11964"}],"curies":[{"name":"wp","href":"https:\/\/api.w.org\/{rel}","templated":true}]}}