{"id":12081,"date":"2022-05-30T14:04:51","date_gmt":"2022-05-30T13:04:51","guid":{"rendered":"https:\/\/www.talent.upc.edu\/blog\/?p=12081"},"modified":"2022-05-30T14:06:53","modified_gmt":"2022-05-30T13:06:53","slug":"4a-edicion-del-open-day-tic-de-la-upc-school","status":"publish","type":"post","link":"https:\/\/upcschool.upc.edu\/blog\/4a-edicion-del-open-day-tic-de-la-upc-school\/","title":{"rendered":"4\u00aa edici\u00f3n del Open Day TIC de la UPC School"},"content":{"rendered":"<p>El pasado jueves 12 de mayo, la UPC School organiz\u00f3 con \u00e9xito la cuarta edici\u00f3n del Open Day TIC, este a\u00f1o retomando la presencialidad. Una sesi\u00f3n para poner en com\u00fan tendencias y retos del sector TIC y conocer las nuevas propuestas formativas en este \u00e1mbito.<!--more--><\/p>\n<p>De la mano de Merc\u00e8 D\u00edaz, responsable de programas formativos de la UPC School, conocimos cu\u00e1les son los perfiles m\u00e1s demandados por las empresas y las nuevas tendencias del sector TIC. Tambi\u00e9n nos present\u00f3 la nueva oferta formativa de la UPC School en este \u00e1mbito, dise\u00f1ada especialmente para cubrir estas oportunidades emergentes.<\/p>\n<p><a href=\"https:\/\/upcschool.upc.edu\/blog\/wp-content\/uploads\/2022\/05\/Cervera.jpg\" target=\"_blank\" rel=\"noopener\"><img loading=\"lazy\" decoding=\"async\" class=\"alignleft wp-image-12085 size-medium\" src=\"https:\/\/upcschool.upc.edu\/blog\/wp-content\/uploads\/2022\/05\/Cervera-300x200.jpg\" alt=\"\" width=\"300\" height=\"200\" srcset=\"https:\/\/upcschool.upc.edu\/blog\/wp-content\/uploads\/2022\/05\/Cervera-300x200.jpg 300w, https:\/\/upcschool.upc.edu\/blog\/wp-content\/uploads\/2022\/05\/Cervera-768x512.jpg 768w, https:\/\/upcschool.upc.edu\/blog\/wp-content\/uploads\/2022\/05\/Cervera.jpg 799w\" sizes=\"auto, (max-width: 300px) 100vw, 300px\" \/><\/a>A continuaci\u00f3n, disfrutamos de la <strong>conferencia: \u00abComputaci\u00f3n Cu\u00e1ntica: Presente y Futuro de una Revoluci\u00f3n Tecnol\u00f3gica\u00bb<\/strong>, a cargo de <strong>Alba Cervera<\/strong>, investigadora s\u00e9nior en el Barcelona Supercomputing Center (BSC) y coordinadora de Quantum Spain. En esta ponencia, conocimos la breve historia de la computaci\u00f3n cu\u00e1ntica, en qu\u00e9 punto nos encontramos en estos momentos y los retos y aplicaciones que nos presenta este cambio de paradigma tecnol\u00f3gico.<\/p>\n<p>La UPC School ofrece un extenso cat\u00e1logo de programas en el \u00e1rea de Tecnolog\u00edas de la Informaci\u00f3n y la Comunicaci\u00f3n para el pr\u00f3ximo curso 2022-2023, entre los que destacan estas dos nuevas propuestas:<\/p>\n<ul>\n<li class=\"allowList\"><a href=\"https:\/\/upcschool.upc.edu\/esp\/estudis\/formacio\/curs\/319000\/posgrado-cloud-computing-architecture\/\" target=\"_blank\" rel=\"noopener\">Posgrado en Cloud Computing Architecture<\/a><\/li>\n<li class=\"allowList\"><a href=\"https:\/\/upcschool.upc.edu\/esp\/estudis\/formacio\/curs\/505300\/curso-formacion-continua-trends-urban-mobility\/\" target=\"_blank\" rel=\"noopener\">Curso de formaci\u00f3n continua en New Trends on Urban Mobility<\/a><\/li>\n<\/ul>\n<p>Y programas formativos consolidados como:<\/p>\n<ul>\n<li class=\"allowList\"><a href=\"https:\/\/upcschool.upc.edu\/esp\/estudis\/formacio\/curs\/221100\/master-cybersecurity-management\/\" target=\"_blank\" rel=\"noopener\">M\u00e1ster en Cybersecurity Management<\/a><\/li>\n<li class=\"allowList\"><a href=\"https:\/\/upcschool.upc.edu\/esp\/estudis\/formacio\/curs\/200800\/master-big-data-management-technologies-analytics\/\" target=\"_blank\" rel=\"noopener\">M\u00e1ster en Big Data Management, Technologies and Analytics<\/a><\/li>\n<li class=\"allowList\"><a href=\"https:\/\/upcschool.upc.edu\/esp\/estudis\/formacio\/curs\/304400\/posgrado-ingenieria-cuantica\/\" target=\"_blank\" rel=\"noopener\">Posgrado en Ingenier\u00eda Cu\u00e1ntica<\/a><\/li>\n<li class=\"allowList\"><a href=\"https:\/\/upcschool.upc.edu\/esp\/estudis\/formacio\/curs\/310401\/posgrado-artificial-intelligence-deep-learning\/\" target=\"_blank\" rel=\"noopener\">Posgrado en Artificial Intelligence with Deep Learning<\/a><\/li>\n<\/ul>\n<p>Ap\u00fantate a las pr\u00f3ximas <strong><a href=\"https:\/\/upcschool.upc.edu\/esp\/estudis\/sessions-informatives\/?area_select=4\" target=\"_blank\" rel=\"noopener\">sesiones informativas del \u00e1rea TIC<\/a> <\/strong>y podr\u00e1s conocer todos los detalles de cada programa formativo.<\/p>\n<p><a href=\"https:\/\/www.flickr.com\/photos\/upcschool\/albums\/72177720298980505\" target=\"_blank\" rel=\"noopener\"><strong>Galer\u00eda de im\u00e1genes del Open Day TIC 2022<\/strong><\/a><\/p>\n<p><strong>V\u00eddeo completo del Open Day TIC 2022:<\/strong><\/p>\n<p><a href=\"https:\/\/vimeo.com\/715172089\" target=\"_blank\" rel=\"noopener\"><img loading=\"lazy\" decoding=\"async\" class=\"alignleft wp-image-12082\" src=\"https:\/\/upcschool.upc.edu\/blog\/wp-content\/uploads\/2022\/05\/OpenDayTIC_Video-1024x575.png\" alt=\"\" width=\"848\" height=\"451\" \/><\/a><\/p>\n<p>&nbsp;<\/p>\n","protected":false},"excerpt":{"rendered":"<p>El pasado jueves 12 de mayo, la UPC School organiz\u00f3 con \u00e9xito la cuarta edici\u00f3n del Open Day TIC, este a\u00f1o retomando la presencialidad. Una sesi\u00f3n para poner en com\u00fan tendencias y retos del sector TIC y conocer las nuevas propuestas formativas en este \u00e1mbito.<\/p>\n","protected":false},"author":2,"featured_media":12083,"comment_status":"open","ping_status":"open","sticky":false,"template":"","format":"standard","meta":{"footnotes":""},"categories":[23],"tags":[958,1293,994,934,643,1003],"class_list":["post-12081","post","type-post","status-publish","format-standard","has-post-thumbnail","hentry","category-tic-2","tag-computacion-cuantica","tag-cursos-tic","tag-ingenieria-cuantica","tag-open-day-tic","tag-tecnologia","tag-tecnologias-de-la-informacion-y-comunicacion"],"aioseo_notices":[],"_links":{"self":[{"href":"https:\/\/upcschool.upc.edu\/blog\/wp-json\/wp\/v2\/posts\/12081","targetHints":{"allow":["GET"]}}],"collection":[{"href":"https:\/\/upcschool.upc.edu\/blog\/wp-json\/wp\/v2\/posts"}],"about":[{"href":"https:\/\/upcschool.upc.edu\/blog\/wp-json\/wp\/v2\/types\/post"}],"author":[{"embeddable":true,"href":"https:\/\/upcschool.upc.edu\/blog\/wp-json\/wp\/v2\/users\/2"}],"replies":[{"embeddable":true,"href":"https:\/\/upcschool.upc.edu\/blog\/wp-json\/wp\/v2\/comments?post=12081"}],"version-history":[{"count":2,"href":"https:\/\/upcschool.upc.edu\/blog\/wp-json\/wp\/v2\/posts\/12081\/revisions"}],"predecessor-version":[{"id":12086,"href":"https:\/\/upcschool.upc.edu\/blog\/wp-json\/wp\/v2\/posts\/12081\/revisions\/12086"}],"wp:featuredmedia":[{"embeddable":true,"href":"https:\/\/upcschool.upc.edu\/blog\/wp-json\/wp\/v2\/media\/12083"}],"wp:attachment":[{"href":"https:\/\/upcschool.upc.edu\/blog\/wp-json\/wp\/v2\/media?parent=12081"}],"wp:term":[{"taxonomy":"category","embeddable":true,"href":"https:\/\/upcschool.upc.edu\/blog\/wp-json\/wp\/v2\/categories?post=12081"},{"taxonomy":"post_tag","embeddable":true,"href":"https:\/\/upcschool.upc.edu\/blog\/wp-json\/wp\/v2\/tags?post=12081"}],"curies":[{"name":"wp","href":"https:\/\/api.w.org\/{rel}","templated":true}]}}