{"id":12114,"date":"2022-05-31T14:45:57","date_gmt":"2022-05-31T13:45:57","guid":{"rendered":"https:\/\/www.talent.upc.edu\/blog\/?p=12114"},"modified":"2022-05-31T15:34:59","modified_gmt":"2022-05-31T14:34:59","slug":"1a-edicio-de-lopen-day-arquitectura-de-la-upc-school","status":"publish","type":"post","link":"https:\/\/upcschool.upc.edu\/blog\/1a-edicio-de-lopen-day-arquitectura-de-la-upc-school\/?lang=ca","title":{"rendered":"1a edici\u00f3 de l&#8217;Open Day Arquitectura de la UPC School"},"content":{"rendered":"<p>El passat dijous <span class=\"VIiyi\" lang=\"ca\"><span class=\"JLqJ4b ChMk0b\" data-language-for-alternatives=\"ca\" data-language-to-translate-into=\"es\" data-phrase-index=\"0\" data-number-of-phrases=\"2\"><span class=\"Q4iAWc\">19 de maig, la UPC School va organitzar amb \u00e8xit la primera edici\u00f3 de l&#8217;Open Day Arquitectura.<\/span><\/span> <span class=\"JLqJ4b ChMk0b\" data-language-for-alternatives=\"ca\" data-language-to-translate-into=\"es\" data-phrase-index=\"1\" data-number-of-phrases=\"2\"><span class=\"Q4iAWc\">Una sessi\u00f3 en format virtual per posar en com\u00fa tend\u00e8ncies i reptes del sector i con\u00e8ixer les noves propostes formatives de la UPC School per al nou curs 2022-2023<\/span><\/span><\/span>. <!--more--><\/p>\n<p><span class=\"VIiyi\" lang=\"ca\"><span class=\"JLqJ4b ChMk0b\" data-language-for-alternatives=\"ca\" data-language-to-translate-into=\"es\" data-phrase-index=\"0\" data-number-of-phrases=\"2\"><span class=\"Q4iAWc\">De la m\u00e0 de Merc\u00e8 D\u00edaz, responsable de programes formatius de la UPC School, vam con\u00e8ixer l&#8217;oferta formativa de la UPC School en aquest \u00e0mbit, dissenyada especialment per cobrir les oportunitats emergents que es derivaran de la creixent digitalitzaci\u00f3 del sector i les noves exig\u00e8ncies de sostenibilitat<\/span><\/span> <span class=\"JLqJ4b ChMk0b\" data-language-for-alternatives=\"ca\" data-language-to-translate-into=\"es\" data-phrase-index=\"1\" data-number-of-phrases=\"2\"><span class=\"Q4iAWc\">i efici\u00e8ncia energ\u00e8tica<\/span><\/span><\/span>.<\/p>\n<p><span class=\"VIiyi\" lang=\"ca\"><span class=\"JLqJ4b ChMk0b\" data-language-for-alternatives=\"ca\" data-language-to-translate-into=\"es\" data-phrase-index=\"0\" data-number-of-phrases=\"2\"><span class=\"Q4iAWc\">A continuaci\u00f3, vam gaudir de la <strong>confer\u00e8ncia: \u00abEl 4.0 a l&#8217;Arquitectura, la Construcci\u00f3 i l&#8217;Urbanisme. Les 10 Dimensions que estan Produint el Canvi\u00bb<\/strong>, a c\u00e0rrec d&#8217;<strong>Ignasi P\u00e9rez Arnal<\/strong>, una de les veus referents en transformaci\u00f3 digital i noves tend\u00e8ncies al<\/span><\/span><span class=\"JLqJ4b ChMk0b\" data-language-for-alternatives=\"ca\" data-language-to-translate-into=\"es\" data-phrase-index=\"1\" data-number-of-phrases=\"2\"><span class=\"Q4iAWc\"> sector AECO<\/span><\/span><\/span>.<\/p>\n<p><a href=\"https:\/\/upcschool.upc.edu\/blog\/wp-content\/uploads\/2022\/05\/Ignasi-Pe\u0301rez-scaled-1.jpg\" target=\"_blank\" rel=\"noopener\"><img loading=\"lazy\" decoding=\"async\" class=\"alignleft wp-image-12112 size-thumbnail\" src=\"https:\/\/upcschool.upc.edu\/blog\/wp-content\/uploads\/2022\/05\/Ignasi-Pe\u0301rez-scaled-1-150x150.jpg\" alt=\"\" width=\"150\" height=\"150\" \/><\/a><span class=\"VIiyi\" lang=\"ca\"><span class=\"JLqJ4b ChMk0b\" data-language-for-alternatives=\"ca\" data-language-to-translate-into=\"es\" data-phrase-index=\"0\" data-number-of-phrases=\"5\"><span class=\"Q4iAWc\">Ignasi P\u00e9rez \u00e9s CEO de BIM Academy.es i The BIM Force.<\/span><\/span> <span class=\"JLqJ4b ChMk0b\" data-language-for-alternatives=\"ca\" data-language-to-translate-into=\"es\" data-phrase-index=\"1\" data-number-of-phrases=\"5\"><span class=\"Q4iAWc\">Director de l&#8217;European BIM Summit i el BIM Summit Brasil, director de Continguts del Congr\u00e9s Nacional d&#8217;Arquitectura Avan\u00e7ada i Construcci\u00f3 4.0 REBUILD i del Building Digital Twin International Congress.<\/span><\/span> <span class=\"JLqJ4b ChMk0b\" data-language-for-alternatives=\"ca\" data-language-to-translate-into=\"es\" data-phrase-index=\"2\" data-number-of-phrases=\"5\"><span class=\"Q4iAWc\">Ha estat consultor d&#8217;implantacions BIM en diverses institucions com l&#8217;Ag\u00e8ncia de l&#8217;Habitatge de Catalunya, l&#8217;\u00c0rea Metropolitana de Barcelona, la Universitat de Burgos, l&#8217;Ajuntament de Barcelona, l&#8217;Ajuntament de Sant Cugat del Vall\u00e8s o la Diputaci\u00f3 de Barcelona, entre d&#8217;altres<\/span><\/span>. <span class=\"JLqJ4b ChMk0b\" data-language-for-alternatives=\"ca\" data-language-to-translate-into=\"es\" data-phrase-index=\"4\" data-number-of-phrases=\"5\"><span class=\"Q4iAWc\">Expert en la implantaci\u00f3 de l&#8217;Agenda Digital en Serveis T\u00e8cnics p\u00fablics, en la contractaci\u00f3 amb models col\u00b7laboratius IPD i en la introducci\u00f3 de processos BIM en institucions p\u00fabliques i empreses privades<\/span><\/span><\/span>.<\/p>\n<p><span class=\"VIiyi\" lang=\"ca\"><span class=\"JLqJ4b ChMk0b\" data-language-for-alternatives=\"ca\" data-language-to-translate-into=\"es\" data-phrase-index=\"0\" data-number-of-phrases=\"1\"><span class=\"Q4iAWc\">La UPC School ofereix un extens cat\u00e0leg de programes en l&#8217;\u00e0rea d&#8217;arquitectura, edificaci\u00f3 i urbanisme per al curs vinent 2022-2023, que pretenen cobrir les necessitats formatives del sector, i entre els quals destaquen propostes de tem\u00e0tiques tan novedoses com<\/span><\/span><\/span>:<\/p>\n<ul>\n<li class=\"allowList\"><a href=\"https:\/\/upcschool.upc.edu\/cat\/estudis\/formacio\/curs\/211300\/master-artificial-intelligence-architectural-design\/\" target=\"_blank\" rel=\"noopener\">M\u00e0ster en Artificial Intelligence for Architectural Design<\/a><\/li>\n<li class=\"allowList\"><a href=\"https:\/\/upcschool.upc.edu\/cat\/estudis\/formacio\/curs\/316300\/urbanismo-salud-planeamiento-urbanistico-herramienta-salud\/\" target=\"_blank\" rel=\"noopener\">Postgrau en Urbanisme i Salut: El Planejament Urban\u00edstic com a Eina de Salut<\/a><\/li>\n<li class=\"allowList\"><a href=\"https:\/\/upcschool.upc.edu\/cat\/estudis\/formacio\/curs\/200500\/master-parametric-design-architecture\/\" target=\"_blank\" rel=\"noopener\">M\u00e0ster en Parametric Design in Architecture<\/a><\/li>\n<li class=\"allowList\"><a href=\"https:\/\/upcschool.upc.edu\/cat\/estudis\/formacio\/curs\/206400\/master-bim-management-transformacion-digital-nuevos-modelos-negocio\/\" target=\"_blank\" rel=\"noopener\">M\u00e0ster en BIM Management. Transformaci\u00f3 Digital i Nous Models de Negoci<\/a><\/li>\n<\/ul>\n<p><span class=\"VIiyi\" lang=\"ca\"><span class=\"JLqJ4b ChMk0b\" data-language-for-alternatives=\"ca\" data-language-to-translate-into=\"es\" data-phrase-index=\"0\" data-number-of-phrases=\"1\"><span class=\"Q4iAWc\">Apunta&#8217;t a les properes<\/span><\/span><\/span><a href=\"https:\/\/upcschool.upc.edu\/cat\/estudis\/sessions-informatives\/?area_select=1\" target=\"_blank\" rel=\"noopener\"> <strong>sessions informatives de l&#8217;\u00e0rea d&#8217;arquitectura, urbanisme i edificaci\u00f3<\/strong> <\/a><span class=\"VIiyi\" lang=\"ca\"><span class=\"JLqJ4b ChMk0b\" data-language-for-alternatives=\"ca\" data-language-to-translate-into=\"es\" data-phrase-index=\"0\" data-number-of-phrases=\"1\"><span class=\"Q4iAWc\">i podr\u00e0s con\u00e8ixer tots els detalls de cada programa formatiu.<\/span><\/span><\/span><\/p>\n<p><strong>V\u00eddeo complet de la 1a edici\u00f3 de l&#8217;Open Day Arquitectura:<\/strong><\/p>\n<p><a href=\"https:\/\/vimeo.com\/715178688\" target=\"_blank\" rel=\"noopener\"><img loading=\"lazy\" decoding=\"async\" class=\"alignleft wp-image-12110\" src=\"https:\/\/upcschool.upc.edu\/blog\/wp-content\/uploads\/2022\/05\/OpenDayArquitectura_Video-1024x576.png\" alt=\"\" width=\"771\" height=\"413\" \/><\/a><\/p>\n<p>&nbsp;<\/p>\n","protected":false},"excerpt":{"rendered":"<p>El passat dijous 19 de maig, la UPC School va organitzar amb \u00e8xit la primera edici\u00f3 de l&#8217;Open Day Arquitectura. Una sessi\u00f3 en format virtual per posar en com\u00fa tend\u00e8ncies i reptes del sector i con\u00e8ixer les noves propostes formatives de la UPC School per al nou curs 2022-2023.<\/p>\n","protected":false},"author":2,"featured_media":12109,"comment_status":"open","ping_status":"open","sticky":false,"template":"","format":"standard","meta":{"footnotes":""},"categories":[5,579,260,1,521],"tags":[126,612,19,845,486],"class_list":["post-12114","post","type-post","status-publish","format-standard","has-post-thumbnail","hentry","category-arquitectura","category-enginyeria-ca","category-rehabilitacio-2","category-sense_categoritzar","category-urbanisme-2","tag-construccio","tag-edificacio","tag-masters-arquitectura_2","tag-transformacio-digital","tag-urbanisme"],"aioseo_notices":[],"_links":{"self":[{"href":"https:\/\/upcschool.upc.edu\/blog\/wp-json\/wp\/v2\/posts\/12114","targetHints":{"allow":["GET"]}}],"collection":[{"href":"https:\/\/upcschool.upc.edu\/blog\/wp-json\/wp\/v2\/posts"}],"about":[{"href":"https:\/\/upcschool.upc.edu\/blog\/wp-json\/wp\/v2\/types\/post"}],"author":[{"embeddable":true,"href":"https:\/\/upcschool.upc.edu\/blog\/wp-json\/wp\/v2\/users\/2"}],"replies":[{"embeddable":true,"href":"https:\/\/upcschool.upc.edu\/blog\/wp-json\/wp\/v2\/comments?post=12114"}],"version-history":[{"count":8,"href":"https:\/\/upcschool.upc.edu\/blog\/wp-json\/wp\/v2\/posts\/12114\/revisions"}],"predecessor-version":[{"id":12122,"href":"https:\/\/upcschool.upc.edu\/blog\/wp-json\/wp\/v2\/posts\/12114\/revisions\/12122"}],"wp:featuredmedia":[{"embeddable":true,"href":"https:\/\/upcschool.upc.edu\/blog\/wp-json\/wp\/v2\/media\/12109"}],"wp:attachment":[{"href":"https:\/\/upcschool.upc.edu\/blog\/wp-json\/wp\/v2\/media?parent=12114"}],"wp:term":[{"taxonomy":"category","embeddable":true,"href":"https:\/\/upcschool.upc.edu\/blog\/wp-json\/wp\/v2\/categories?post=12114"},{"taxonomy":"post_tag","embeddable":true,"href":"https:\/\/upcschool.upc.edu\/blog\/wp-json\/wp\/v2\/tags?post=12114"}],"curies":[{"name":"wp","href":"https:\/\/api.w.org\/{rel}","templated":true}]}}