{"id":12337,"date":"2022-09-19T10:16:58","date_gmt":"2022-09-19T09:16:58","guid":{"rendered":"https:\/\/www.talent.upc.edu\/blog\/?p=12337"},"modified":"2022-09-19T10:18:52","modified_gmt":"2022-09-19T09:18:52","slug":"la-upc-school-posa-en-marxa-una-nova-versio-del-campus-virtual-mytechspace","status":"publish","type":"post","link":"https:\/\/upcschool.upc.edu\/blog\/la-upc-school-posa-en-marxa-una-nova-versio-del-campus-virtual-mytechspace\/?lang=ca","title":{"rendered":"La UPC School posa en marxa una nova versi\u00f3 del campus virtual Mytechspace"},"content":{"rendered":"<p>El dilluns 12 de setembre la UPC School va fer p\u00fablica una nova versi\u00f3 del seu campus virtual Mytechspace. Entre els objectius de la renovaci\u00f3 del campus virtual est\u00e0 millorar la <strong>usabilitat<\/strong> dels seus usuaris i l\u2019<strong>aspecte gr\u00e0fic<\/strong>, a m\u00e9s de fer-lo compatible amb l\u2019\u00fas de dispositius m\u00f2bils (<strong><i>responsive design<\/i><\/strong>). El campus s\u2019ha programat totalment des de zero per optimitzar tamb\u00e9 el seu rendiment i per incorporar noves funcionalitats. <!--more--><\/p>\n<p>El campus virtual Mytechspace \u00e9s una plataforma efica\u00e7 de comunicaci\u00f3, recursos i serveis de suport a la formaci\u00f3 en qu\u00e8 interactuen tots els estudiants de la UPC School.<\/p>\n<p>En aquesta primera fase de desenvolupament del nou campus hi ha funcionalitats que no estan completament implementades. Durant el curs s\u2019hi aniran integrant progressivament i tamb\u00e9 creant-ne de noves.<\/p>\n<p>Des de la UPC School seguirem treballant en la millora cont\u00ednua del campus durant els pr\u00f2xims mesos. Per aquest motiu, si detecteu qualsevol incid\u00e8ncia us agrair\u00edem que ens ho comuniqueu a trav\u00e9s del bot\u00f3 \u201cIncid\u00e8ncia t\u00e8cnica del campus virtual\u201d, situat a l\u2019apartat de serveis de la part dreta de la p\u00e0gina principal.<\/p>\n","protected":false},"excerpt":{"rendered":"<p>El dilluns 12 de setembre la UPC School va fer p\u00fablica una nova versi\u00f3 del seu campus virtual Mytechspace. Entre els objectius de la renovaci\u00f3 del campus virtual est\u00e0 millorar la usabilitat dels seus usuaris i l\u2019aspecte gr\u00e0fic, a m\u00e9s de fer-lo compatible amb l\u2019\u00fas de dispositius m\u00f2bils (responsive design). El campus s\u2019ha programat totalment &#8230; <a title=\"La UPC School posa en marxa una nova versi\u00f3 del campus virtual Mytechspace\" class=\"read-more\" href=\"https:\/\/upcschool.upc.edu\/blog\/la-upc-school-posa-en-marxa-una-nova-versio-del-campus-virtual-mytechspace\/?lang=ca\" aria-label=\"Read more about La UPC School posa en marxa una nova versi\u00f3 del campus virtual Mytechspace\">Leer m\u00e1s<\/a><\/p>\n","protected":false},"author":2,"featured_media":12338,"comment_status":"open","ping_status":"open","sticky":false,"template":"","format":"standard","meta":{"footnotes":""},"categories":[22,279],"tags":[1328,1330],"class_list":["post-12337","post","type-post","status-publish","format-standard","has-post-thumbnail","hentry","category-arquitectura-2","category-institucional","tag-campus-virtual","tag-mytechspace"],"aioseo_notices":[],"_links":{"self":[{"href":"https:\/\/upcschool.upc.edu\/blog\/wp-json\/wp\/v2\/posts\/12337","targetHints":{"allow":["GET"]}}],"collection":[{"href":"https:\/\/upcschool.upc.edu\/blog\/wp-json\/wp\/v2\/posts"}],"about":[{"href":"https:\/\/upcschool.upc.edu\/blog\/wp-json\/wp\/v2\/types\/post"}],"author":[{"embeddable":true,"href":"https:\/\/upcschool.upc.edu\/blog\/wp-json\/wp\/v2\/users\/2"}],"replies":[{"embeddable":true,"href":"https:\/\/upcschool.upc.edu\/blog\/wp-json\/wp\/v2\/comments?post=12337"}],"version-history":[{"count":2,"href":"https:\/\/upcschool.upc.edu\/blog\/wp-json\/wp\/v2\/posts\/12337\/revisions"}],"predecessor-version":[{"id":12340,"href":"https:\/\/upcschool.upc.edu\/blog\/wp-json\/wp\/v2\/posts\/12337\/revisions\/12340"}],"wp:featuredmedia":[{"embeddable":true,"href":"https:\/\/upcschool.upc.edu\/blog\/wp-json\/wp\/v2\/media\/12338"}],"wp:attachment":[{"href":"https:\/\/upcschool.upc.edu\/blog\/wp-json\/wp\/v2\/media?parent=12337"}],"wp:term":[{"taxonomy":"category","embeddable":true,"href":"https:\/\/upcschool.upc.edu\/blog\/wp-json\/wp\/v2\/categories?post=12337"},{"taxonomy":"post_tag","embeddable":true,"href":"https:\/\/upcschool.upc.edu\/blog\/wp-json\/wp\/v2\/tags?post=12337"}],"curies":[{"name":"wp","href":"https:\/\/api.w.org\/{rel}","templated":true}]}}