{"id":12569,"date":"2022-11-16T13:53:28","date_gmt":"2022-11-16T12:53:28","guid":{"rendered":"https:\/\/www.talent.upc.edu\/blog\/?p=12569"},"modified":"2022-11-16T16:34:22","modified_gmt":"2022-11-16T15:34:22","slug":"la-upc-school-reforca-loferta-de-masters-i-postgraus-executive","status":"publish","type":"post","link":"https:\/\/upcschool.upc.edu\/blog\/la-upc-school-reforca-loferta-de-masters-i-postgraus-executive\/?lang=ca","title":{"rendered":"La UPC School refor\u00e7a l&#8217;oferta de m\u00e0sters i postgraus <em>executive<\/em>"},"content":{"rendered":"<p>La UPC School consolida la seva l\u00ednia de formaci\u00f3 <em>executive<\/em>, adre\u00e7ada a potenciar les compet\u00e8ncies de lideratge en aquells rols vinculats a la gesti\u00f3 IT, al <em>management c<\/em>orporatiu o a la direcci\u00f3 global en \u00e0rees com ara la log\u00edstica o la producci\u00f3. S\u00f3n estudis dissenyats especialment per liderar amb impacte i aportar les solucions transformadores que demana el context canviant d\u2019avui dia. <!--more--><\/p>\n<p>Dirigir amb confian\u00e7a, amb una estrat\u00e8gia s\u00f2lida i capacitat innovadora esdev\u00e9 un actiu important\u00edssim per qualsevol empresa o unitat que busqui seguir creixent. Els programes <em>executive<\/em> de la UPC School, que detallem a continuaci\u00f3, tenen com a objectiu refor\u00e7ar, precisament, les habilitats professionals i personals que permetran liderar el negoci des de l\u2019optimitzaci\u00f3 dels processos, la gesti\u00f3 positiva dels equips, l\u2019\u00fas cr\u00edtic i raonat de les tecnologies disruptives i la millora cont\u00ednua de l\u2019experi\u00e8ncia del client. Per acompanyar el proc\u00e9s d\u2019aprenentatge, els programes UPC School compten en els seus equips docents amb els l\u00edders de les empreses referents en cada especialitat.<\/p>\n<p><strong><u>DIRECCI\u00d3 IT <\/u><\/strong><\/p>\n<p><strong><a href=\"https:\/\/upcschool.upc.edu\/cat\/estudis\/formacio\/curs\/316400\/postgrau-cios-executive-program\/\" target=\"_blank\" rel=\"noopener\">Postgrau en CIOs Executive Program<\/a>.<\/strong> <em>Inici: 10 de febrer de 2023<\/em> <em>(semipresencial)<\/em><\/p>\n<p>Visi\u00f3 aplicada de la direcci\u00f3 IT per formar-se com a Chief Information Officer (CIO). Compr\u00e8n l\u2019estrat\u00e8gia IT i l\u2019alineament IT-negoci, la gesti\u00f3 de recursos i la innovaci\u00f3. Adre\u00e7at especialment a perfils de <em>middle management<\/em>\u00a0amb vocaci\u00f3 per liderar l\u2019\u00e0rea IT en la seva globalitat.<\/p>\n<p><strong><a href=\"https:\/\/upcschool.upc.edu\/cat\/estudis\/formacio\/curs\/302000\/postgrau-direccio-transformacio-digital\/\" target=\"_blank\" rel=\"noopener\">Postgrau en Direcci\u00f3 de la Transformaci\u00f3 Digital<\/a>.<\/strong> <em>Inici: 3 de febrer de 2023 (semipresencial)<\/em><\/p>\n<p>Les empreses de qualsevol sector han d\u2019adaptar les seves estructures i funcionament als nous models de negoci i als diferents entorns competitius. Programa per liderar de forma integral la transformaci\u00f3 digital a les organitzacions.<\/p>\n<p><strong><u>DIRECCI\u00d3 EMPRESARIAL <\/u><\/strong><\/p>\n<p><a href=\"https:\/\/upcschool.upc.edu\/cat\/estudis\/formacio\/curs\/205600\/master-mba-business-analytics\/\" target=\"_blank\" rel=\"noopener\"><strong>MBA en Business Analytics. <\/strong><\/a><em>Inici: 20 de gener (presencial)<\/em><\/p>\n<p>Les organitzacions que capitalitzen grans quantitats de dades han comen\u00e7at a aplicar-les a la resoluci\u00f3 de nous reptes\u00a0comercials, operacionals o financers. Programa \u00fanic en combinar l\u2019estrat\u00e8gia de <em>management<\/em> amb les m\u00e9s avan\u00e7ades eines anal\u00edtiques.<\/p>\n<p><a href=\"https:\/\/upcschool.upc.edu\/cat\/estudis\/formacio\/curs\/202600\/master-direccio-organitzacio-empreses-mba\/\" target=\"_blank\" rel=\"noopener\"><strong>M\u00e0ster en Direcci\u00f3 i Organitzaci\u00f3 d&#8217;Empreses. MBA<\/strong><\/a>. <em>Inici: setembre de 2023 (presencial)<\/em><\/p>\n<p>Programa pensat per adquirir noves aptituds per coordinar projectes i equips en les diferents \u00e0rees de l\u2019empresa: finances, m\u00e0rqueting, vendes, recursos humans o operacions.<\/p>\n<p><a href=\"https:\/\/upcschool.upc.edu\/cat\/estudis\/formacio\/curs\/207900\/master-executive-mba-direccio-gestio-empreses\/\" target=\"_blank\" rel=\"noopener\"><strong>M\u00e0ster en Executive MBA en Direcci\u00f3 i Gesti\u00f3 d&#8217;Empreses<\/strong><\/a>. <em>Inici: octubre de 2023 (presencial)<\/em><\/p>\n<p>Formaci\u00f3 amb una visi\u00f3 estrat\u00e8gica i global de les diferents \u00e0rees de l\u2019empresa per al desenvolupament de compet\u00e8ncies de gesti\u00f3 i presa de decisions en les diferents \u00e0rees funcionals.<\/p>\n<p><strong><u>DIRECCI\u00d3 EN LOG\u00cdSTICA I PRODUCCI\u00d3 <\/u><\/strong><\/p>\n<p><strong><a href=\"https:\/\/upcschool.upc.edu\/cat\/estudis\/formacio\/curs\/209100\/master-direccio-produccio\/\" target=\"_blank\" rel=\"noopener\">M\u00e0ster en Direcci\u00f3 de la Producci\u00f3<\/a>. <\/strong><em>Inici: octubre de 2023 (presencial)<\/em><\/p>\n<p>Programa d\u2019excel\u00b7l\u00e8ncia\u00a0en l&#8217;\u00e0mbit de la direcci\u00f3 de la ind\u00fastria 4.0 en l&#8217;entorn privilegiat del CIM UPC.<\/p>\n<p><strong><a href=\"https:\/\/upcschool.upc.edu\/cat\/estudis\/formacio\/curs\/203200\/master-executive-supply-chain-management-operacions-logistica\/\" target=\"_blank\" rel=\"noopener\">M\u00e0ster en Executive en Supply Chain Management. Operacions i Log\u00edstica<\/a>. <\/strong><em>Inici: octubre de 2023 (presencial)<\/em><\/p>\n<p>La digitalitzaci\u00f3, la resili\u00e8ncia i la sostenibilitat s\u00f3n la base dels nous models de negoci log\u00edstics. M\u00e0ster dissenyat per definir estrat\u00e8gicament la cadena d\u2019aprovisionament i liderar-la amb \u00e8xit.<\/p>\n<p><strong><a href=\"https:\/\/upcschool.upc.edu\/cat\/estudis\/formacio\/curs\/208400\/master-organitzacio-enginyeria-produccio-direccio-plantes-industrials\/\" target=\"_blank\" rel=\"noopener\">M\u00e0ster en Organitzaci\u00f3 i Enginyeria de la Producci\u00f3 i Direcci\u00f3 de Plantes Industrials<\/a>. <\/strong><em>Inici: octubre de 2023 (presencial)<\/em><\/p>\n<p>Programa de lideratge en enginyeria i gesti\u00f3 dels processos fabrils, planificaci\u00f3 de la producci\u00f3 i disseny de plantes sobre la base del <em>lean manufacturing. <\/em><\/p>\n<p><strong><a href=\"https:\/\/upcschool.upc.edu\/cat\/estudis\/formacio\/curs\/310202\/postgrau-organitzacio-enginyeria-produccio-direccio-plantes-industrials\/\" target=\"_blank\" rel=\"noopener\">Postgrau en Organitzaci\u00f3 i Enginyeria de la Producci\u00f3 i Direcci\u00f3 de Plantes Industrials<\/a>. <\/strong><em>Inici: mar\u00e7 de 2023 (presencial)<\/em><\/p>\n<p>Habilitats directives i t\u00e8cniques avan\u00e7ades per millorar la producci\u00f3 de l\u2019empresa industrial.<strong>\u00a0<\/strong><\/p>\n","protected":false},"excerpt":{"rendered":"<p>La UPC School consolida la seva l\u00ednia de formaci\u00f3 executive, adre\u00e7ada a potenciar les compet\u00e8ncies de lideratge en aquells rols vinculats a la gesti\u00f3 IT, al management corporatiu o a la direcci\u00f3 global en \u00e0rees com ara la log\u00edstica o la producci\u00f3. S\u00f3n estudis dissenyats especialment per liderar amb impacte i aportar les solucions transformadores &#8230; <a title=\"La UPC School refor\u00e7a l&#8217;oferta de m\u00e0sters i postgraus executive\" class=\"read-more\" href=\"https:\/\/upcschool.upc.edu\/blog\/la-upc-school-reforca-loferta-de-masters-i-postgraus-executive\/?lang=ca\" aria-label=\"Read more about La UPC School refor\u00e7a l&#8217;oferta de m\u00e0sters i postgraus executive\">Leer m\u00e1s<\/a><\/p>\n","protected":false},"author":2,"featured_media":12570,"comment_status":"open","ping_status":"open","sticky":false,"template":"","format":"standard","meta":{"footnotes":""},"categories":[7,12,4,6],"tags":[1125,1035,1183,275,741,774,936,616,845],"class_list":["post-12569","post","type-post","status-publish","format-standard","has-post-thumbnail","hentry","category-enginyeria_industrial","category-innovacio","category-management","category-tic_2","tag-business-analytics","tag-chief-information-officer","tag-direccio-de-la-produccio","tag-direccio-de-sistemes","tag-executive-supply-chain-management","tag-formacio-mba","tag-it-management","tag-lideratge","tag-transformacio-digital"],"aioseo_notices":[],"_links":{"self":[{"href":"https:\/\/upcschool.upc.edu\/blog\/wp-json\/wp\/v2\/posts\/12569","targetHints":{"allow":["GET"]}}],"collection":[{"href":"https:\/\/upcschool.upc.edu\/blog\/wp-json\/wp\/v2\/posts"}],"about":[{"href":"https:\/\/upcschool.upc.edu\/blog\/wp-json\/wp\/v2\/types\/post"}],"author":[{"embeddable":true,"href":"https:\/\/upcschool.upc.edu\/blog\/wp-json\/wp\/v2\/users\/2"}],"replies":[{"embeddable":true,"href":"https:\/\/upcschool.upc.edu\/blog\/wp-json\/wp\/v2\/comments?post=12569"}],"version-history":[{"count":4,"href":"https:\/\/upcschool.upc.edu\/blog\/wp-json\/wp\/v2\/posts\/12569\/revisions"}],"predecessor-version":[{"id":12586,"href":"https:\/\/upcschool.upc.edu\/blog\/wp-json\/wp\/v2\/posts\/12569\/revisions\/12586"}],"wp:featuredmedia":[{"embeddable":true,"href":"https:\/\/upcschool.upc.edu\/blog\/wp-json\/wp\/v2\/media\/12570"}],"wp:attachment":[{"href":"https:\/\/upcschool.upc.edu\/blog\/wp-json\/wp\/v2\/media?parent=12569"}],"wp:term":[{"taxonomy":"category","embeddable":true,"href":"https:\/\/upcschool.upc.edu\/blog\/wp-json\/wp\/v2\/categories?post=12569"},{"taxonomy":"post_tag","embeddable":true,"href":"https:\/\/upcschool.upc.edu\/blog\/wp-json\/wp\/v2\/tags?post=12569"}],"curies":[{"name":"wp","href":"https:\/\/api.w.org\/{rel}","templated":true}]}}