{"id":14409,"date":"2023-03-23T10:59:32","date_gmt":"2023-03-23T09:59:32","guid":{"rendered":"https:\/\/www.talent.upc.edu\/blog\/?p=14409"},"modified":"2023-03-23T12:09:03","modified_gmt":"2023-03-23T11:09:03","slug":"ets-upc-alumni-aconsegueix-ara-un-15-de-descompte","status":"publish","type":"post","link":"https:\/\/upcschool.upc.edu\/blog\/ets-upc-alumni-aconsegueix-ara-un-15-de-descompte\/?lang=ca","title":{"rendered":"Ets UPC Alumni? Aconsegueix un 15% de descompte si et matricules abans del 30 de juny!"},"content":{"rendered":"<p>La UPC School ha obert el per\u00edode de matr\u00edcula per als programes formatius que comencen el pr\u00f2xim curs acad\u00e8mic 2023-2024. Ara, <strong>si ets UPC Alumni i et matricules abans del 30 de juny, obtindr\u00e0s un 15% de descompte<\/strong> en una \u00e0mplia selecci\u00f3 dels nostres m\u00e0sters, postgraus i cursos. Per sol\u00b7licitar el descompte, caldr\u00e0 estar dona\u2019t d\u2019alta com a <a href=\"https:\/\/alumnimes.upc.edu\/\" target=\"_blank\" rel=\"noopener\"><strong>membre de la comunitat UPCAlumniM\u00e9s<\/strong><\/a>.<!--more--><\/p>\n<p>Podr\u00e0s aconseguir aquest descompte si ets UPC Alumni membre de la comunitat UPCAlumniM\u00e9s, has estat adm\u00e8s i formalitzes el pagament total o parcial de la matr\u00edcula abans de la data fi de la promoci\u00f3. Els estudiants i antics estudiants de m\u00e0ster i\/o postgrau de la UPC School tamb\u00e9 s\u00f3n exalumnes de la UPC. El descompte no ser\u00e0 acumulable, aplicant-se nom\u00e9s a aquells alumnes que no s\u2019hagin acollit a cap altre descompte o promoci\u00f3.<\/p>\n<p><a href=\"https:\/\/upcschool.upc.edu\/blog\/wp-content\/uploads\/2022\/01\/banner-UPC-web.png\" target=\"_blank\" rel=\"noopener\"><img loading=\"lazy\" decoding=\"async\" class=\"alignleft wp-image-14127 size-thumbnail\" src=\"https:\/\/upcschool.upc.edu\/blog\/wp-content\/uploads\/2022\/01\/banner-UPC-web-150x150.png\" alt=\"\" width=\"150\" height=\"150\" \/><\/a>Els programes de la UPC School tenen com a objectiu especialitzar els professionals en aquells perfils m\u00e9s demanats pel mercat laboral. S\u00f3n programes en les <strong>\u00e0rees d\u2019arquitectura, enginyeria, <\/strong><em><strong>management<\/strong><\/em><strong> i TIC<\/strong>, dissenyats amb l\u2019aval de la Universitat Polit\u00e8cnica de Catalunya (UPC), la universitat de refer\u00e8ncia en tecnologia i innovaci\u00f3, i impartits pels millors professionals en actiu de cada \u00e0mbit.<\/p>\n<p>Consulta els <a href=\"https:\/\/upcschool.upc.edu\/cat\/upcalumni15\" target=\"_blank\" rel=\"noopener\"><strong>m\u00e0sters, postgraus i cursos amb 15% de descompte per a UPC Alumni<\/strong><\/a>.<\/p>\n","protected":false},"excerpt":{"rendered":"<p>La UPC School ha obert el per\u00edode de matr\u00edcula per als programes formatius que comencen el pr\u00f2xim curs acad\u00e8mic 2023-2024. Ara, si ets UPC Alumni i et matricules abans del 30 de juny, obtindr\u00e0s un 15% de descompte en una \u00e0mplia selecci\u00f3 dels nostres m\u00e0sters, postgraus i cursos. Per sol\u00b7licitar el descompte, caldr\u00e0 estar dona\u2019t &#8230; <a title=\"Ets UPC Alumni? Aconsegueix un 15% de descompte si et matricules abans del 30 de juny!\" class=\"read-more\" href=\"https:\/\/upcschool.upc.edu\/blog\/ets-upc-alumni-aconsegueix-ara-un-15-de-descompte\/?lang=ca\" aria-label=\"Read more about Ets UPC Alumni? Aconsegueix un 15% de descompte si et matricules abans del 30 de juny!\">Leer m\u00e1s<\/a><\/p>\n","protected":false},"author":2,"featured_media":14410,"comment_status":"open","ping_status":"open","sticky":false,"template":"","format":"standard","meta":{"footnotes":""},"categories":[5,579,4,17,11,6],"tags":[1260,1431,1478,1479,1360,649,1480,112,1477],"class_list":["post-14409","post","type-post","status-publish","format-standard","has-post-thumbnail","hentry","category-arquitectura","category-enginyeria-ca","category-management","category-promocions1","category-sostenibilitat","category-tic_2","tag-15-descompte","tag-alumni-upc","tag-comunitat-alumni-upc","tag-descompte-formacio","tag-descompte-matricula","tag-descomptes","tag-formacio-upc","tag-promocions","tag-upc-alumni"],"aioseo_notices":[],"_links":{"self":[{"href":"https:\/\/upcschool.upc.edu\/blog\/wp-json\/wp\/v2\/posts\/14409","targetHints":{"allow":["GET"]}}],"collection":[{"href":"https:\/\/upcschool.upc.edu\/blog\/wp-json\/wp\/v2\/posts"}],"about":[{"href":"https:\/\/upcschool.upc.edu\/blog\/wp-json\/wp\/v2\/types\/post"}],"author":[{"embeddable":true,"href":"https:\/\/upcschool.upc.edu\/blog\/wp-json\/wp\/v2\/users\/2"}],"replies":[{"embeddable":true,"href":"https:\/\/upcschool.upc.edu\/blog\/wp-json\/wp\/v2\/comments?post=14409"}],"version-history":[{"count":4,"href":"https:\/\/upcschool.upc.edu\/blog\/wp-json\/wp\/v2\/posts\/14409\/revisions"}],"predecessor-version":[{"id":14418,"href":"https:\/\/upcschool.upc.edu\/blog\/wp-json\/wp\/v2\/posts\/14409\/revisions\/14418"}],"wp:featuredmedia":[{"embeddable":true,"href":"https:\/\/upcschool.upc.edu\/blog\/wp-json\/wp\/v2\/media\/14410"}],"wp:attachment":[{"href":"https:\/\/upcschool.upc.edu\/blog\/wp-json\/wp\/v2\/media?parent=14409"}],"wp:term":[{"taxonomy":"category","embeddable":true,"href":"https:\/\/upcschool.upc.edu\/blog\/wp-json\/wp\/v2\/categories?post=14409"},{"taxonomy":"post_tag","embeddable":true,"href":"https:\/\/upcschool.upc.edu\/blog\/wp-json\/wp\/v2\/tags?post=14409"}],"curies":[{"name":"wp","href":"https:\/\/api.w.org\/{rel}","templated":true}]}}