{"id":14562,"date":"2023-05-24T15:51:05","date_gmt":"2023-05-24T14:51:05","guid":{"rendered":"https:\/\/www.talent.upc.edu\/blog\/?p=14562"},"modified":"2023-05-24T16:25:42","modified_gmt":"2023-05-24T15:25:42","slug":"alumnes-del-master-dipe-participen-en-el-festival-girona-temps-de-flors-2023","status":"publish","type":"post","link":"https:\/\/upcschool.upc.edu\/blog\/alumnes-del-master-dipe-participen-en-el-festival-girona-temps-de-flors-2023\/?lang=ca","title":{"rendered":"Alumnes del m\u00e0ster DiPE participen en el festival Girona, Temps de Flors 2023"},"content":{"rendered":"<p>Els alumnes del <a href=\"https:\/\/upcschool.upc.edu\/cat\/estudis\/formacio\/curs\/207400\/master-diseno-produccion-espacios\/\" target=\"_blank\" rel=\"noopener\"><strong>m\u00e0ster en Disseny i Producci\u00f3 d&#8217;Espais<\/strong><\/a> han tornat a participar en el festival Girona, Temps de Flors, que arribava aquest any 2023 a la seva 68a edici\u00f3. Del 13 al 21 de maig del 2023, els alumnes han exposat el projecte <em>Un mar de realitat<\/em> a la sala gran dels soterranis de la Catedral de Girona.<!--more--><\/p>\n<p><a href=\"https:\/\/upcschool.upc.edu\/blog\/wp-content\/uploads\/2023\/05\/67506-156x300.jpg\" target=\"_blank\" rel=\"noopener\"><img loading=\"lazy\" decoding=\"async\" class=\"alignleft wp-image-14556 size-medium\" src=\"https:\/\/upcschool.upc.edu\/blog\/wp-content\/uploads\/2023\/05\/67506-156x300.jpg\" alt=\"\" width=\"156\" height=\"300\" srcset=\"https:\/\/upcschool.upc.edu\/blog\/wp-content\/uploads\/2023\/05\/67506-156x300.jpg 156w, https:\/\/upcschool.upc.edu\/blog\/wp-content\/uploads\/2023\/05\/67506-533x1024.jpg 533w, https:\/\/upcschool.upc.edu\/blog\/wp-content\/uploads\/2023\/05\/67506.jpg 697w\" sizes=\"auto, (max-width: 156px) 100vw, 156px\" \/><\/a>Aquesta edici\u00f3 ha comptat amb la <strong>col\u00b7laboraci\u00f3 especial de l&#8217;entitat financera BBVA<\/strong>. 150 treballadors del BBVA Girona han volgut participar com a voluntaris en el muntatge de la sala en el seu temps lliure, aconseguint recollir m\u00e9s de 1.500 ampolles de pl\u00e0stic buides per reciclar i utilitzar-les en la decoraci\u00f3 de l&#8217;espai.<\/p>\n<p>El<strong> projecte floral <em>Un mar de realitat<\/em> <\/strong>ha estat una crida a la cura i la sostenibilitat dels oceans. La preservaci\u00f3 del medi ambient \u00e9s un dels grans reptes actuals, i Temps de Flors \u00e9s una ocasi\u00f3 id\u00f2nia per unir art i consci\u00e8ncia social sobre la cura del nostre planeta.<\/p>\n<p>El muntatge ens submergia en un m\u00f3n subaqu\u00e0tic, m\u00e0gic i misteri\u00f3s que est\u00e0 amena\u00e7at per l&#8217;acumulaci\u00f3 d&#8217;escombraries no biodegradables. A causa de l&#8217;efecte dels corrents oce\u00e0nics, les escombraries s&#8217;han anat agrupant fins a formar les illes de pl\u00e0stic. La instal\u00b7laci\u00f3 ens proposava una travessia per les profunditats oce\u00e0niques, posant de manifest la degradaci\u00f3 del paisatge mar\u00ed i la necessitat de preservar-lo.<\/p>\n<p>El <strong><a href=\"https:\/\/tempsdeflors.girona.cat\/cat\/inici.php\" target=\"_blank\" rel=\"noopener\">Festival Girona, Temps de Flors<\/a> <\/strong>\u00e9s una oportunitat d&#8217;experimentaci\u00f3 \u00fanica per als alumnes del m\u00e0ster en Disseny i Producci\u00f3 d&#8217;Espais, en fer una instal\u00b7laci\u00f3 real i experimentar amb la interacci\u00f3 del p\u00fablic amb la seva proposta. Les instal\u00b7lacions ef\u00edmeres on participen els permeten investigar noves idees i sensacions a trav\u00e9s de l&#8217;espai.<\/p>\n<ul>\n<li><strong>Disseny i direcci\u00f3:<\/strong> Alumnes del m\u00e0ster de Disseny i Producci\u00f3 d&#8217;Espais (edici\u00f3 2022-2023).<\/li>\n<li><strong>Col\u00b7labora:<\/strong> Voluntaris de BBVA Girona.<\/li>\n<li><strong>Il\u00b7luminaci\u00f3:<\/strong> Departament d&#8217;Enginyeria El\u00e8ctrica, Electr\u00f2nica i Autom\u00e0tica de la Universitat de Girona.<\/li>\n<\/ul>\n<p><a href=\"https:\/\/www.youtube.com\/watch?v=Xaon2WumlQ8\" target=\"_blank\" rel=\"noopener\"><img loading=\"lazy\" decoding=\"async\" class=\"alignnone wp-image-14567\" src=\"https:\/\/upcschool.upc.edu\/blog\/wp-content\/uploads\/2023\/05\/BBVA-1024x577.png\" alt=\"\" width=\"839\" height=\"441\" \/><\/a><\/p>\n","protected":false},"excerpt":{"rendered":"<p>Els alumnes del m\u00e0ster en Disseny i Producci\u00f3 d&#8217;Espais han tornat a participar en el festival Girona, Temps de Flors, que arribava aquest any 2023 a la seva 68a edici\u00f3. Del 13 al 21 de maig del 2023, els alumnes han exposat el projecte Un mar de realitat a la sala gran dels soterranis de &#8230; <a title=\"Alumnes del m\u00e0ster DiPE participen en el festival Girona, Temps de Flors 2023\" class=\"read-more\" href=\"https:\/\/upcschool.upc.edu\/blog\/alumnes-del-master-dipe-participen-en-el-festival-girona-temps-de-flors-2023\/?lang=ca\" aria-label=\"Read more about Alumnes del m\u00e0ster DiPE participen en el festival Girona, Temps de Flors 2023\">Leer m\u00e1s<\/a><\/p>\n","protected":false},"author":2,"featured_media":14554,"comment_status":"open","ping_status":"open","sticky":false,"template":"","format":"standard","meta":{"footnotes":""},"categories":[5,10],"tags":[783,1434,1096,930,177],"class_list":["post-14562","post","type-post","status-publish","format-standard","has-post-thumbnail","hentry","category-arquitectura","category-disseny","tag-disseny-efimer","tag-disseny-espais-efimers","tag-exposicions","tag-girona-temps-flors","tag-temps-de-flors-girona"],"aioseo_notices":[],"_links":{"self":[{"href":"https:\/\/upcschool.upc.edu\/blog\/wp-json\/wp\/v2\/posts\/14562","targetHints":{"allow":["GET"]}}],"collection":[{"href":"https:\/\/upcschool.upc.edu\/blog\/wp-json\/wp\/v2\/posts"}],"about":[{"href":"https:\/\/upcschool.upc.edu\/blog\/wp-json\/wp\/v2\/types\/post"}],"author":[{"embeddable":true,"href":"https:\/\/upcschool.upc.edu\/blog\/wp-json\/wp\/v2\/users\/2"}],"replies":[{"embeddable":true,"href":"https:\/\/upcschool.upc.edu\/blog\/wp-json\/wp\/v2\/comments?post=14562"}],"version-history":[{"count":5,"href":"https:\/\/upcschool.upc.edu\/blog\/wp-json\/wp\/v2\/posts\/14562\/revisions"}],"predecessor-version":[{"id":14570,"href":"https:\/\/upcschool.upc.edu\/blog\/wp-json\/wp\/v2\/posts\/14562\/revisions\/14570"}],"wp:featuredmedia":[{"embeddable":true,"href":"https:\/\/upcschool.upc.edu\/blog\/wp-json\/wp\/v2\/media\/14554"}],"wp:attachment":[{"href":"https:\/\/upcschool.upc.edu\/blog\/wp-json\/wp\/v2\/media?parent=14562"}],"wp:term":[{"taxonomy":"category","embeddable":true,"href":"https:\/\/upcschool.upc.edu\/blog\/wp-json\/wp\/v2\/categories?post=14562"},{"taxonomy":"post_tag","embeddable":true,"href":"https:\/\/upcschool.upc.edu\/blog\/wp-json\/wp\/v2\/tags?post=14562"}],"curies":[{"name":"wp","href":"https:\/\/api.w.org\/{rel}","templated":true}]}}