{"id":14813,"date":"2023-07-19T10:14:10","date_gmt":"2023-07-19T09:14:10","guid":{"rendered":"https:\/\/www.talent.upc.edu\/blog\/?p=14813"},"modified":"2023-07-21T09:43:17","modified_gmt":"2023-07-21T08:43:17","slug":"la-model-escenari-dels-projectes-finals-del-master-en-lighting-design","status":"publish","type":"post","link":"https:\/\/upcschool.upc.edu\/blog\/la-model-escenari-dels-projectes-finals-del-master-en-lighting-design\/?lang=ca","title":{"rendered":"La Model, escenari dels projectes finals del m\u00e0ster en Lighting Design"},"content":{"rendered":"<p>Els estudiants del <strong><a href=\"https:\/\/upcschool.upc.edu\/cat\/estudis\/formacio\/curs\/211700\/master-formacio-permanent-lighting-design-disseny-illuminacio-arquitectonica\/\" target=\"_blank\" rel=\"noopener\">m\u00e0ster en Lighting Design. Disseny d\u2019Il\u00b7luminaci\u00f3 Arquitect\u00f2nica<\/a><\/strong> van fer una visita guiada a les instal\u00b7lacions de La Model, ubicaci\u00f3 sobre la qual desenvoluparan el seu Treball Final de M\u00e0ster (TFM) sota el nom <em><strong>La Model: Mirades Pan\u00f2ptiques<\/strong>. <\/em>Els alumnes desenvoluparan una proposta lum\u00ednica integral a escala de projecte pre-executiu en diferents espais de l&#8217;edifici, i contemplant tot el proc\u00e9s: des de l&#8217;an\u00e0lisi inicial, el concepte i tots els condicionals d\u2019\u00fas.<!--more--><\/p>\n<p>Els projectes hauran de tenir una coher\u00e8ncia amb el <em>masterplan <\/em>de <strong><a href=\"https:\/\/www.lamodel.barcelona\/ca\" target=\"_blank\" rel=\"noopener\">La Model<\/a><\/strong> i tenir en compte els usos dels espais escollits, el respecte per la mem\u00f2ria hist\u00f2rica i la parametritzaci\u00f3 de la reducci\u00f3 d&#8217;emissions de CO\u2082, ambd\u00f3s vectors definits en el projecte d&#8217;ordenaci\u00f3. Els estudiants exposaran els seus projectes finals al mes de setembre, davant un jurat format per docents del m\u00e0ster, dissenyadors d&#8217;il\u00b7luminaci\u00f3 i t\u00e8cnics municipals.<\/p>\n<p><img loading=\"lazy\" decoding=\"async\" class=\"alignleft wp-image-14814 size-medium\" src=\"https:\/\/upcschool.upc.edu\/blog\/wp-content\/uploads\/2023\/07\/Model2-225x300.jpg\" alt=\"\" width=\"225\" height=\"300\" srcset=\"https:\/\/upcschool.upc.edu\/blog\/wp-content\/uploads\/2023\/07\/Model2-225x300.jpg 225w, https:\/\/upcschool.upc.edu\/blog\/wp-content\/uploads\/2023\/07\/Model2.jpg 768w\" sizes=\"auto, (max-width: 225px) 100vw, 225px\" \/>Es tracta d\u2019una ocasi\u00f3 molt poc habitual que permet replantejar un fragment de ciutat en un espai tan consolidat com aquest, tenint en compte la titularitat actual de tota la finca en mans de l\u2019Ajuntament de Barcelona. A La Model actual es proposa ubicar un equipament memorial, 120 habitatges de promoci\u00f3 publica, un institut escola de 2 l\u00ednies, un pavell\u00f3 poliesportiu PAV3, una escola bressol, un espai per a joves i entitats de cultura popular, uns espais comercials per a economia social i solid\u00e0ria, una aula ambiental i un equipament residencial per a gent gran amb una superf\u00edcie total constru\u00efda de 40.500 m\u00b2. Aquesta \u00e9s una oportunitat hist\u00f2rica de regeneraci\u00f3 urbana que suposa un gran repte: passar d\u2019una Model tancada a una Model oberta, sota quatre grans eixos:<\/p>\n<ul>\n<li>Regeneraci\u00f3 urbana<\/li>\n<li>Gran espai verd<\/li>\n<li>Nous equipaments<\/li>\n<li>M\u00e9s habitatge p\u00fablic<\/li>\n<\/ul>\n<p>Des de la UPC School volem agrair l\u2019Ajuntament de BCN que ens doni aquesta oportunitat i molt especialment als t\u00e8cnics municipals que ens han acollit en aquesta primera presa de contacte, amb una visita guiada a aquest entorn tan especial i la presentaci\u00f3 del projecte de regeneraci\u00f3 i els seus principals eixos vertebradors.<\/p>\n","protected":false},"excerpt":{"rendered":"<p>Els estudiants del m\u00e0ster en Lighting Design. Disseny d\u2019Il\u00b7luminaci\u00f3 Arquitect\u00f2nica van fer una visita guiada a les instal\u00b7lacions de La Model, ubicaci\u00f3 sobre la qual desenvoluparan el seu Treball Final de M\u00e0ster (TFM) sota el nom La Model: Mirades Pan\u00f2ptiques. Els alumnes desenvoluparan una proposta lum\u00ednica integral a escala de projecte pre-executiu en diferents espais &#8230; <a title=\"La Model, escenari dels projectes finals del m\u00e0ster en Lighting Design\" class=\"read-more\" href=\"https:\/\/upcschool.upc.edu\/blog\/la-model-escenari-dels-projectes-finals-del-master-en-lighting-design\/?lang=ca\" aria-label=\"Read more about La Model, escenari dels projectes finals del m\u00e0ster en Lighting Design\">Leer m\u00e1s<\/a><\/p>\n","protected":false},"author":2,"featured_media":14818,"comment_status":"open","ping_status":"open","sticky":false,"template":"","format":"standard","meta":{"footnotes":""},"categories":[5,209,310,581],"tags":[1591,586,641,79,1457,419],"class_list":["post-14813","post","type-post","status-publish","format-standard","has-post-thumbnail","hentry","category-arquitectura","category-convenis-de-collaboracio","category-lighting-design","category-projectes-alumni","tag-alumnes-master-lighting","tag-illuminacio","tag-illuminacio-arquitectonica","tag-lighting-design_2","tag-master-lighting-design-ca","tag-projectes-alumnes"],"aioseo_notices":[],"_links":{"self":[{"href":"https:\/\/upcschool.upc.edu\/blog\/wp-json\/wp\/v2\/posts\/14813","targetHints":{"allow":["GET"]}}],"collection":[{"href":"https:\/\/upcschool.upc.edu\/blog\/wp-json\/wp\/v2\/posts"}],"about":[{"href":"https:\/\/upcschool.upc.edu\/blog\/wp-json\/wp\/v2\/types\/post"}],"author":[{"embeddable":true,"href":"https:\/\/upcschool.upc.edu\/blog\/wp-json\/wp\/v2\/users\/2"}],"replies":[{"embeddable":true,"href":"https:\/\/upcschool.upc.edu\/blog\/wp-json\/wp\/v2\/comments?post=14813"}],"version-history":[{"count":5,"href":"https:\/\/upcschool.upc.edu\/blog\/wp-json\/wp\/v2\/posts\/14813\/revisions"}],"predecessor-version":[{"id":14834,"href":"https:\/\/upcschool.upc.edu\/blog\/wp-json\/wp\/v2\/posts\/14813\/revisions\/14834"}],"wp:featuredmedia":[{"embeddable":true,"href":"https:\/\/upcschool.upc.edu\/blog\/wp-json\/wp\/v2\/media\/14818"}],"wp:attachment":[{"href":"https:\/\/upcschool.upc.edu\/blog\/wp-json\/wp\/v2\/media?parent=14813"}],"wp:term":[{"taxonomy":"category","embeddable":true,"href":"https:\/\/upcschool.upc.edu\/blog\/wp-json\/wp\/v2\/categories?post=14813"},{"taxonomy":"post_tag","embeddable":true,"href":"https:\/\/upcschool.upc.edu\/blog\/wp-json\/wp\/v2\/tags?post=14813"}],"curies":[{"name":"wp","href":"https:\/\/api.w.org\/{rel}","templated":true}]}}