{"id":15177,"date":"2023-11-24T12:26:11","date_gmt":"2023-11-24T11:26:11","guid":{"rendered":"https:\/\/www.talent.upc.edu\/blog\/?p=15177"},"modified":"2023-12-13T16:36:23","modified_gmt":"2023-12-13T15:36:23","slug":"lecosistema-de-salut-necessita-talent-per-desplegar-projectes-dinnovacio-healthtech","status":"publish","type":"post","link":"https:\/\/upcschool.upc.edu\/blog\/lecosistema-de-salut-necessita-talent-per-desplegar-projectes-dinnovacio-healthtech\/?lang=ca","title":{"rendered":"\u00abL&#8217;ecosistema de salut necessita talent per desplegar projectes d&#8217;innovaci\u00f3 healthtech\u00bb"},"content":{"rendered":"<p><strong>David Campos<\/strong>, enginyer de Telecomunicacions i conseller de Science4Tech Solutions, i <strong>Vicen\u00e7 Fdez. Alarc\u00f3n<\/strong>, doctor en Administraci\u00f3 i Direcci\u00f3 d&#8217;Empreses i expert en <em>business analytics<\/em>, dirigeixen conjuntament el <strong>nou <a href=\"https:\/\/upcschool.upc.edu\/cat\/estudis\/formacio\/curs\/314000\/posgrado-digital-health-leadership\/\" target=\"_blank\" rel=\"noopener\">postgrau en Digital Health Leadership<\/a><\/strong> que la UPC School posar\u00e0 en marxa el febrer del 2024. En aquesta entrevista ens expliquen m\u00e9s detalls del postgrau i les tend\u00e8ncies en digitalitzaci\u00f3 en el sector de la salut.<strong><!--more--><\/strong><\/p>\n<ul>\n<li><strong>L&#8217;\u00e0mbit de la salut, com tants d&#8217;altres, viu actualment una plena transformaci\u00f3 per l&#8217;impacte de la tecnologia. Com ha evolucionat el sector els darrers anys fruit de la digitalitzaci\u00f3?<\/strong><\/li>\n<\/ul>\n<p>El sector sanitari i de millora de salut fa una d\u00e8cada que experimenta aven\u00e7os molt significatius gr\u00e0cies a la implementaci\u00f3 i integraci\u00f3 de la tecnologia. Els darrers anys, i com molts altres sectors, ha estat despr\u00e9s de la pand\u00e8mia de la COVID-19 quan hem rebut l&#8217;impacte directe dels efectes que la digitalitzaci\u00f3 pot aconseguir per millorar la nostra salut. Des de la gesti\u00f3 de les dades, l&#8217;atenci\u00f3 remota, el seguiment de tractaments o l&#8217;acceleraci\u00f3 de la investigaci\u00f3 cl\u00ednica, entre altres. Aquests processos m\u00e8dics ja no es poden comprendre ni desenvolupar sense eines tant hardware com de software basades en la tecnologia i els seus aven\u00e7os. Tot aix\u00f2, amb l&#8217;objectiu de millorar l&#8217;efici\u00e8ncia de la prestaci\u00f3 de serveis sanitaris i dur a terme una medicina m\u00e9s personalitzada i precisa. Els aven\u00e7os tecnol\u00f2gics abasten i impacten tant en la cura del pacient (en tots els processos d&#8217;interacci\u00f3 amb els professionals sanitaris), com en la millora de la qualitat de vida de les persones, aix\u00ed com en el desenvolupament de tractaments i f\u00e0rmacs nous, donant suport a la ci\u00e8ncia i a la investigaci\u00f3 cl\u00ednica.<\/p>\n<ul>\n<li><strong>Quins s\u00f3n els reptes m\u00e9s importants en aquest sentit?<\/strong><\/li>\n<\/ul>\n<p><img loading=\"lazy\" decoding=\"async\" class=\"alignleft wp-image-13796 size-medium\" src=\"https:\/\/upcschool.upc.edu\/blog\/wp-content\/uploads\/2019\/05\/eHealth_modf-300x216.png\" alt=\"\" width=\"300\" height=\"216\" srcset=\"https:\/\/upcschool.upc.edu\/blog\/wp-content\/uploads\/2019\/05\/eHealth_modf-300x216.png 300w, https:\/\/upcschool.upc.edu\/blog\/wp-content\/uploads\/2019\/05\/eHealth_modf-768x554.png 768w, https:\/\/upcschool.upc.edu\/blog\/wp-content\/uploads\/2019\/05\/eHealth_modf-1024x739.png 1024w, https:\/\/upcschool.upc.edu\/blog\/wp-content\/uploads\/2019\/05\/eHealth_modf-416x300.png 416w\" sizes=\"auto, (max-width: 300px) 100vw, 300px\" \/>La salut digital es defineix com la converg\u00e8ncia de la transformaci\u00f3 digital amb la salut. Un conjunt d&#8217;eines i serveis que utilitzen les TIC per millorar els processos de prevenci\u00f3, el diagn\u00f2stic, el tractament, el monitoratge i la gesti\u00f3 de malalties o de les condicions de salut, aix\u00ed com per monitorar i gestionar h\u00e0bits de vida que impacten en la salut de les persones. Nom\u00e9s els nostres valors i \u00e8tica com a humans poden limitar els infinits desafiaments a qu\u00e8 ens portar\u00e0 l&#8217;aplicaci\u00f3 de la IA en el desenvolupament de la ci\u00e8ncia m\u00e8dica i la millora de la nostra salut, tant als pa\u00efsos occidentals com a la resta del m\u00f3n. I tant per a les malalties amb m\u00e9s alt \u00edndex de mortalitat, com per a aquelles malalties rares que afecten molt poques persones. Amb l&#8217;ajuda de la tecnologia veurem i experimentarem aven\u00e7os en tots els \u00e0mbits sense excepci\u00f3. Ampliarem la cobertura de l&#8217;atenci\u00f3 sanit\u00e0ria, aix\u00ed com el tractament dels pacients, ampliant els horitzons mitjan\u00e7ant els aven\u00e7os tecnol\u00f2gics.<\/p>\n<ul>\n<li><strong>Segons dades de l&#8217;OCDE i el World Economic Forum, per al 2030 es crearan un 35% de noves posicions professionals relacionades amb el m\u00f3n digital i s&#8217;estima que un 40% de les posicions actuals ocupades pels professionals sanitaris es transformaran digitalment o en alguns casos desapareixeran. Quines \u00e0rees viuran un impacte m\u00e9s gran?<\/strong><\/li>\n<\/ul>\n<p>Actualment, estem constatant que \u00e0rees com l&#8217;atenci\u00f3 m\u00e8dica, el diagn\u00f2stic, la prevenci\u00f3, el tractament o el seguiment ja utilitzen eines potents basades en la IA i en tecnologia associada. Tots els professionals involucrats, independentment de la seva edat, tenen a la seva disposici\u00f3 noves eines que faran m\u00e9s eficient i efica\u00e7 el seu rol professional. Totes les \u00e0rees de salut, sense excepci\u00f3, s&#8217;estan aprofitant dels aven\u00e7os, per\u00f2 en concret, les \u00e0rees amb m\u00e9s incid\u00e8ncia van des del seguiment i monitoratge dels pacients, el diagn\u00f2stic <em>online<\/em> i <em>offline<\/em>, el tractament, el desenvolupament de f\u00e0rmacs o el seguiment en assaigs cl\u00ednics de totes les seves especialitats m\u00e8diques. Mitjan\u00e7ant la innovaci\u00f3, l&#8217;orientaci\u00f3 a la dada, el nou marc regulador europeu i mundial, el nou model de qualitat assistencial relacional i els ecosistemes de salut digital, aconseguirem aven\u00e7os significatius en poc temps.<\/p>\n<ul>\n<li><strong>La digitalitzaci\u00f3 tamb\u00e9 genera nous models de negoci que poden ser excel\u00b7lents oportunitats d&#8217;innovaci\u00f3. Podeu compartir-nos un exemple o cas \u00e8xit real a l&#8217;ecosistema de salut digital?<\/strong><\/li>\n<\/ul>\n<p>Un exemple interessant i reconegut pel sector en els darrers anys \u00e9s l&#8217;empresa Science4Tech Solutions (www.s4t.health), <em>start-up<\/em> espanyola que des del 2019 desenvolupa solucions tecnol\u00f2giques per aconseguir accelerar els processos de recerca cl\u00ednica en malalties oncol\u00f2giques perqu\u00e8 els assajos puguin finalitzar amb \u00e8xit i beneficis per a la nostra societat. La seva primera soluci\u00f3 Matchtrial (www.matchtrial.health) ha estat reconeguda pel mercat i \u00e9s un referent utilitzat pels pacients i gran part del col\u00b7lectiu m\u00e8dic oncol\u00f2gic i <em>biotech<\/em>. Aquest exemple va n\u00e9ixer i s&#8217;ha incubat a l&#8217;ecosistema de salut digital, comptant amb el suport de cient\u00edfics de primer nivell internacional, associacions, administraci\u00f3, <em>hubs<\/em> de salut i innovaci\u00f3, clients del sector farmac\u00e8utic, tecnol\u00f2giques i un equip mixt d&#8217;enginyers, biom\u00e8dics i investigadors units per un prop\u00f2sit tan important. Altres exemples com HumanITCare, TelaDoc Health o Terap.me tamb\u00e9 combinen aquesta recepta on la innovaci\u00f3 i els nous models de relaci\u00f3 es posen al servei dels pacients i professionals sanitaris per aconseguir fer evolucionar el sector de la salut.<\/p>\n<ul>\n<li><strong>El febrer de 2024 posareu en marxa la 1a edici\u00f3 del postgrau en Digital Health Leadership. Quins objectius perseguiu amb aquesta nova aposta formativa?<\/strong><\/li>\n<\/ul>\n<p><img loading=\"lazy\" decoding=\"async\" class=\"alignleft wp-image-15187 size-medium\" src=\"https:\/\/upcschool.upc.edu\/blog\/wp-content\/uploads\/2023\/11\/DigitalHealth-300x177.jpg\" alt=\"\" width=\"300\" height=\"177\" srcset=\"https:\/\/upcschool.upc.edu\/blog\/wp-content\/uploads\/2023\/11\/DigitalHealth-300x177.jpg 300w, https:\/\/upcschool.upc.edu\/blog\/wp-content\/uploads\/2023\/11\/DigitalHealth-768x454.jpg 768w, https:\/\/upcschool.upc.edu\/blog\/wp-content\/uploads\/2023\/11\/DigitalHealth.jpg 1016w\" sizes=\"auto, (max-width: 300px) 100vw, 300px\" \/>El programa t\u00e9 com a objectiu principal aconseguir que els participants es converteixin en l\u00edders referents en projectes d&#8217;innovaci\u00f3 healthtech a qualsevol organitzaci\u00f3 de l&#8217;ecosistema de la salut (hospitals, empreses farmac\u00e8utiques, centres de recerca,<em> startups<\/em> i organitzacions sanit\u00e0ries).<\/p>\n<p>A m\u00e9s, els reptes a aconseguir amb aquest programa formatiu de desenvolupament professional s\u00f3n:<\/p>\n<ul>\n<li>Con\u00e8ixer i aplicar les implicacions de la nova legislaci\u00f3 reguladora, <em>compliance<\/em> i \u00e8tica en projectes i desenvolupar-ho a les organitzacions.<\/li>\n<li>Ser professionals referents en els processos de canvi i transformaci\u00f3 digital en qualsevol organitzaci\u00f3 del sector salut.<\/li>\n<li>Fer immersi\u00f3 als ecosistemes d&#8217;innovaci\u00f3 digital i creaci\u00f3 de projectes healthtech.<\/li>\n<li>Liderar l&#8217;evoluci\u00f3 i la transformaci\u00f3 dels equips de professionals mitjan\u00e7ant nous models relacionals.<\/li>\n<li>Enfocar els projectes al <em>data driven<\/em> com a eix de transformaci\u00f3 digital principal.<\/li>\n<\/ul>\n<p>El postgrau aportar\u00e0 als participants una visi\u00f3 global, avan\u00e7ada i digital de les seves futures funcions, de la m\u00e0 d&#8217;un equip docent de referents de primer nivell. Tots els professors s\u00f3n l\u00edders de projectes en salut digital innovadors, b\u00e9 des de la UPC o des d&#8217;altres ecosistemes emprenedors en l&#8217;\u00e0mbit nacional. La formaci\u00f3 els convidar\u00e0 a con\u00e8ixer i experimentar en tots els \u00e0mbits d&#8217;aplicaci\u00f3 de les TIC a la salut digital a trav\u00e9s de viv\u00e8ncies i projectes disruptius de primer nivell, a con\u00e8ixer els aven\u00e7os de recerca en el camp de la salut a trav\u00e9s de grups de recerca de refer\u00e8ncia de l&#8217;\u00e0mbit universitari de la UPC i integrar-los als entorns referents. Finalment, tamb\u00e9 crear una xarxa de contactes professionals pertanyents als ecosistemes actuals de salut i ser protagonistes.<\/p>\n<p><em><strong>Entrevista del Barcelona Health Hub (BHH) a David Campos sobre el postgrau en Digital Health Leadership:<\/strong><\/em><\/p>\n<p><a href=\"https:\/\/www.youtube.com\/watch?v=rkhKyKjNKSo&amp;t=9s\" target=\"_blank\" rel=\"noopener\"><img loading=\"lazy\" decoding=\"async\" class=\"alignnone wp-image-15250\" src=\"https:\/\/upcschool.upc.edu\/blog\/wp-content\/uploads\/2023\/11\/BHH-1024x571.png\" alt=\"\" width=\"678\" height=\"377\" srcset=\"https:\/\/upcschool.upc.edu\/blog\/wp-content\/uploads\/2023\/11\/BHH-1024x571.png 1024w, https:\/\/upcschool.upc.edu\/blog\/wp-content\/uploads\/2023\/11\/BHH-300x167.png 300w, https:\/\/upcschool.upc.edu\/blog\/wp-content\/uploads\/2023\/11\/BHH.png 1188w\" sizes=\"auto, (max-width: 678px) 100vw, 678px\" \/><\/a><\/p>\n<ul>\n<li><strong>Recentment, s&#8217;ha signat l&#8217;acord de col\u00b7laboraci\u00f3 amb el Barcelona Health Hub, que \u00e9s soci estrat\u00e8gic aquesta iniciativa. Quin valor aporta aquesta col\u00b7laboraci\u00f3?<\/strong><\/li>\n<\/ul>\n<p>Considerem que \u00e9s molt important, i per fi ja una realitat, que una universitat espanyola l\u00edder com \u00e9s la UPC a trav\u00e9s de la UPC School sigui present i sigui un referent al Barcelona Health Hub actual. \u00c9s el principi d&#8217;una col\u00b7laboraci\u00f3 dins d&#8217;aquest magn\u00edfic ecosistema format per empreses, <em>start-ups<\/em>, universitats i centres hospitalaris. Les relacions i sinergies que es poden establir des del primer dia representen un salt qualitatiu perqu\u00e8 les dues organitzacions reforcin el seu lideratge en aquests moments clau de transformaci\u00f3 i canvi. Poder presentar els programes de desenvolupament professional de la UPC School en aquest ecosistema, tant a les seves empreses com als col\u00b7laboradors que hi treballen, suposa un benefici i repte per a les dues parts.<\/p>\n<ul>\n<li><strong><span class=\"HwtZe\" lang=\"ca\"><span class=\"jCAhz ChMk0b\"><span class=\"ryNqvb\">Per a quin tipus de perfils est\u00e0 pensada aquesta formaci\u00f3?<\/span><\/span> <\/span><\/strong><\/li>\n<\/ul>\n<p><span class=\"HwtZe\" lang=\"ca\"><span class=\"jCAhz ChMk0b\"><span class=\"ryNqvb\">Aquells professionals o acabats de titular interessats pel m\u00f3n de la salut i la tecnologia que vulguin desenvolupar la seva carrera professional als ecosistemes digitals de salut i liderar tant equips com projectes de primer nivell.<\/span><\/span> <span class=\"jCAhz ChMk0b\"><span class=\"ryNqvb\">Tamb\u00e9 per a aquells professionals amb perfil t\u00e8cnic, biotecnol\u00f2gic o sanitari que vulguin ampliar i\/o descobrir els reptes i les noves oportunitats professionals emergents al sector de la salut (hospitals, empreses farmac\u00e8utiques, centres de recerca, <em>startups<\/em> i organitzacions sanit\u00e0ries).<\/span><\/span> <span class=\"jCAhz ChMk0b\"><span class=\"ryNqvb\">No \u00e9s un postgrau t\u00e8cnic ni especialitzat en tecnologia, i per aix\u00f2 els perfils poden venir de diferents \u00e0mbits tant tecnol\u00f2gics, biol\u00f2gics com sanitaris.<\/span><\/span> <span class=\"jCAhz ChMk0b\"><span class=\"ryNqvb\">Volem desenvolupar l\u00edders de projectes disruptius i innovadors de qualsevol organitzaci\u00f3 que acompanyin la transformaci\u00f3 digital d&#8217;un sector tan fonamental com \u00e9s el de la salut.<\/span><\/span><\/span><\/p>\n","protected":false},"excerpt":{"rendered":"<p>David Campos, enginyer de Telecomunicacions i conseller de Science4Tech Solutions, i Vicen\u00e7 Fdez. Alarc\u00f3n, doctor en Administraci\u00f3 i Direcci\u00f3 d&#8217;Empreses i expert en business analytics, dirigeixen conjuntament el nou postgrau en Digital Health Leadership que la UPC School posar\u00e0 en marxa el febrer del 2024. En aquesta entrevista ens expliquen m\u00e9s detalls del postgrau i &#8230; <a title=\"\u00abL&#8217;ecosistema de salut necessita talent per desplegar projectes d&#8217;innovaci\u00f3 healthtech\u00bb\" class=\"read-more\" href=\"https:\/\/upcschool.upc.edu\/blog\/lecosistema-de-salut-necessita-talent-per-desplegar-projectes-dinnovacio-healthtech\/?lang=ca\" aria-label=\"Read more about \u00abL&#8217;ecosistema de salut necessita talent per desplegar projectes d&#8217;innovaci\u00f3 healthtech\u00bb\">Leer m\u00e1s<\/a><\/p>\n","protected":false},"author":2,"featured_media":15174,"comment_status":"open","ping_status":"open","sticky":false,"template":"","format":"standard","meta":{"footnotes":""},"categories":[15,12,202,6],"tags":[1719,1723,1725,815,1721,1717,1722,1724,1718,1252,1720],"class_list":["post-15177","post","type-post","status-publish","format-standard","has-post-thumbnail","hentry","category-entrevistaes","category-innovacio","category-salut","category-tic_2","tag-digital-health-ca","tag-digitalitzacio-i-salut","tag-ehealth-ca","tag-innovacio","tag-innovacio-en-salut","tag-innovacio-healthcare","tag-medicina-digital","tag-medicina-personalitzada","tag-salut-digital","tag-tecnologia-i-salut","tag-tic-i-salut"],"aioseo_notices":[],"_links":{"self":[{"href":"https:\/\/upcschool.upc.edu\/blog\/wp-json\/wp\/v2\/posts\/15177","targetHints":{"allow":["GET"]}}],"collection":[{"href":"https:\/\/upcschool.upc.edu\/blog\/wp-json\/wp\/v2\/posts"}],"about":[{"href":"https:\/\/upcschool.upc.edu\/blog\/wp-json\/wp\/v2\/types\/post"}],"author":[{"embeddable":true,"href":"https:\/\/upcschool.upc.edu\/blog\/wp-json\/wp\/v2\/users\/2"}],"replies":[{"embeddable":true,"href":"https:\/\/upcschool.upc.edu\/blog\/wp-json\/wp\/v2\/comments?post=15177"}],"version-history":[{"count":10,"href":"https:\/\/upcschool.upc.edu\/blog\/wp-json\/wp\/v2\/posts\/15177\/revisions"}],"predecessor-version":[{"id":15256,"href":"https:\/\/upcschool.upc.edu\/blog\/wp-json\/wp\/v2\/posts\/15177\/revisions\/15256"}],"wp:featuredmedia":[{"embeddable":true,"href":"https:\/\/upcschool.upc.edu\/blog\/wp-json\/wp\/v2\/media\/15174"}],"wp:attachment":[{"href":"https:\/\/upcschool.upc.edu\/blog\/wp-json\/wp\/v2\/media?parent=15177"}],"wp:term":[{"taxonomy":"category","embeddable":true,"href":"https:\/\/upcschool.upc.edu\/blog\/wp-json\/wp\/v2\/categories?post=15177"},{"taxonomy":"post_tag","embeddable":true,"href":"https:\/\/upcschool.upc.edu\/blog\/wp-json\/wp\/v2\/tags?post=15177"}],"curies":[{"name":"wp","href":"https:\/\/api.w.org\/{rel}","templated":true}]}}