{"id":15280,"date":"2023-12-19T11:05:55","date_gmt":"2023-12-19T10:05:55","guid":{"rendered":"https:\/\/www.talent.upc.edu\/blog\/?p=15280"},"modified":"2024-02-02T10:55:38","modified_gmt":"2024-02-02T09:55:38","slug":"la-upc-crea-blau-3005-una-linea-de-capsulas-de-aprendizaje-abierta-a-la-ciudadania","status":"publish","type":"post","link":"https:\/\/upcschool.upc.edu\/blog\/la-upc-crea-blau-3005-una-linea-de-capsulas-de-aprendizaje-abierta-a-la-ciudadania\/","title":{"rendered":"&#8216;Blau 3005&#8217;, una nueva l\u00ednea de c\u00e1psulas de aprendizaje abierta a la ciudadan\u00eda"},"content":{"rendered":"<p><span class=\"HwtZe\" lang=\"es\"><span class=\"jCAhz ChMk0b\"><span class=\"ryNqvb\">La UPC abre la matr\u00edcula para el programa formativo Blau 3005, un nuevo proyecto divulgativo que se presenta en forma de c\u00e1psulas de aprendizaje de peque\u00f1o formato y centradas en tem\u00e1ticas emergentes.<\/span><\/span> <span class=\"jCAhz ChMk0b\"><span class=\"ryNqvb\">A partir de abril de 2024, se estrenan las cuatro primeras c\u00e1psulas, centradas en la relaci\u00f3n del agua y la ciudad, la ciberseguridad, la emergencia clim\u00e1tica y los gemelos digitales.<\/span><\/span> <span class=\"jCAhz ChMk0b\"><span class=\"ryNqvb\">El programa toma el nombre del color corporativo de la Universidad y se centra en \u00e1mbitos tem\u00e1ticos en los cuales la UPC es un referente.<\/span><\/span><\/span><!--more--><\/p>\n<p>La <strong>Universitat Polit\u00e8cnica de Catalunya &#8211; BarcelonaTech (UPC)<\/strong> inicia con <a href=\"https:\/\/upcschool.upc.edu\/esp\/microsite\/74\/\" target=\"_blank\" rel=\"noopener\"><strong>Blau 3005<\/strong><\/a> un espacio de aprendizaje nuevo, abierto a todo el mundo, al margen de la edad y la formaci\u00f3n previa, y que se ha dise\u00f1ado, sobre todo, para ayudar a comprender el mundo que nos rodea. Son c\u00e1psulas formativas que se cursan, simplemente, por el placer de saber y de forma compatible con la vida diaria, por su duraci\u00f3n y formato.<\/p>\n<p>El programa de Blau 3005 se basa en el conocimiento que atesora la Universidad y, muy especialmente, en tem\u00e1ticas en las que la UPC es una universidad referencial. Son tem\u00e1ticas de actualidad que no exigen al estudiante ninguna titulaci\u00f3n previa ni requisito espec\u00edfico para matricularse. Concebido como una experiencia de aprendizaje, el programa ha sido creado a partir de metodolog\u00edas docentes que ponen en valor la pr\u00e1ctica y la vivencia del estudiante e incluye visitas a empresas y entidades en las que se puede ver y entender la aplicaci\u00f3n de las diferentes tem\u00e1ticas a trav\u00e9s de proyectos reales.<\/p>\n<p>Durante la primavera se ponen en marcha las <strong>primeras cuatro c\u00e1psulas formativas Blau 3005<\/strong>, por lo que la oferta se ir\u00e1 ampliando a lo largo de los pr\u00f3ximos meses:<\/p>\n<ul>\n<li><a href=\"https:\/\/upcschool.upc.edu\/esp\/estudis\/formacio\/curs\/700900\/capsula-aprenentatge-aigua-ciutat\/\" target=\"_blank\" rel=\"noopener\"><strong>Agua y Ciudad<\/strong> <\/a><em>(inicio: 11 de abril 2024)<\/em>. Las ocho sesiones ser\u00e1n trayectos que siguen la <strong>relaci\u00f3n del agua con la ciudad de Barcelona<\/strong>, a trav\u00e9s de los 4 tipos de aguas: escorrent\u00eda, de boca, la que tiene relaci\u00f3n con la materia org\u00e1nica y la que se relaciona con la energ\u00eda, con el objetivo de ver la capacidad transformadora de este elemento y su peso en la crisis ambiental que sufrimos. Precio: 190 euros.<\/li>\n<li><a href=\"https:\/\/upcschool.upc.edu\/esp\/estudis\/formacio\/curs\/701200\/capsula-aprendizaje-gemelos-digitales-conceptos-tecnologias-casos-uso\/\" target=\"_blank\" rel=\"noopener\"><strong>Gemelos Digitales: Conceptos, Tecnolog\u00edas y Casos de Uso<\/strong><\/a> <em>(inicio: 9 de abril 2024)<\/em>. Diez sesiones con orientaci\u00f3n pr\u00e1ctica para entender c\u00f3mo la <strong>creaci\u00f3n de r\u00e9plicas virtuales<\/strong>, tanto de sistemas como de objetos reales, puede ayudar a cualquier industria a tomar decisiones m\u00e1s inteligentes. El programa incluye visitas a centros y empresas en las que se aplica la tecnolog\u00eda de los <em>digital twins<\/em>. Precio: 190 euros.<\/li>\n<li><a href=\"https:\/\/upcschool.upc.edu\/esp\/estudis\/formacio\/curs\/701000\/capsula-aprendizaje-introduccion-practica-ciberseguridad\/\" target=\"_blank\" rel=\"noopener\"><strong>Introducci\u00f3n Pr\u00e1ctica en la Ciberseguridad<\/strong><\/a> <em>(inicio: 10 de abril 2024)<\/em>. Diez sesiones pr\u00e1cticas para conocer las principales amenazas del mundo digital y c\u00f3mo proteger nuestra informaci\u00f3n para <strong>navegar por el ciberespacio con la m\u00e1xima confianza y seguridad<\/strong>. Precio: 190 euros.<\/li>\n<li><a href=\"https:\/\/upcschool.upc.edu\/esp\/estudis\/formacio\/curs\/700500\/capsula-aprendizaje-emergencia-climatica-hacemos-conocimiento-cientifico-iniciativas-locales\/\" target=\"_blank\" rel=\"noopener\"><strong>Emergencia Clim\u00e1tica. \u00bfQu\u00e9 hacemos? Del Conocimiento Cient\u00edfico a las Iniciativas Locales<\/strong><\/a> <em>(inicio: 7 de mayo 2024)<\/em>. Cuatro sesiones pr\u00e1cticas para descubrir de primera mano soluciones innovadoras y acciones a aplicar para <strong>combatir los efectos del cambio clim\u00e1tico<\/strong>. El programa incluye tres visitas exteriores a Can Batll\u00f3, al Eix Bes\u00f2s y al Parque Agrario del Baix Llobregat. Precio: 190 euros.<\/li>\n<\/ul>\n<p>Los cursos se realizar\u00e1n en <strong>modalidad presencial y tendr\u00e1n una duraci\u00f3n de entre 12 y 24 horas<\/strong>, distribuidas en una \u00fanica sesi\u00f3n semanal, un formato que facilita a las personas participantes compatibilizarlo con otras formaciones o intereses personales.<\/p>\n<p>En el trasfondo de esta iniciativa est\u00e1 el objetivo de promover, desde la UPC, la formaci\u00f3n a lo largo de la vida, la <strong>creaci\u00f3n de una comunidad de aprendizaje viva en cuestiones relevantes y de actualidad<\/strong>, y el fomento del debate y el intercambio de ideas entre distintos colectivos profesionales y generacionales.<\/p>\n","protected":false},"excerpt":{"rendered":"<p>La UPC abre la matr\u00edcula para el programa formativo Blau 3005, un nuevo proyecto divulgativo que se presenta en forma de c\u00e1psulas de aprendizaje de peque\u00f1o formato y centradas en tem\u00e1ticas emergentes. A partir de abril de 2024, se estrenan las cuatro primeras c\u00e1psulas, centradas en la relaci\u00f3n del agua y la ciudad, la ciberseguridad, &#8230; <a title=\"&#8216;Blau 3005&#8217;, una nueva l\u00ednea de c\u00e1psulas de aprendizaje abierta a la ciudadan\u00eda\" class=\"read-more\" href=\"https:\/\/upcschool.upc.edu\/blog\/la-upc-crea-blau-3005-una-linea-de-capsulas-de-aprendizaje-abierta-a-la-ciudadania\/\" aria-label=\"Read more about &#8216;Blau 3005&#8217;, una nueva l\u00ednea de c\u00e1psulas de aprendizaje abierta a la ciudadan\u00eda\">Leer m\u00e1s<\/a><\/p>\n","protected":false},"author":2,"featured_media":15275,"comment_status":"open","ping_status":"open","sticky":false,"template":"","format":"standard","meta":{"footnotes":""},"categories":[578,27,23],"tags":[1755,1758,1757,1503,1736,1759,1756,1737,1494],"class_list":["post-15280","post","type-post","status-publish","format-standard","has-post-thumbnail","hentry","category-ingenieria-2","category-sostenibilidad-2","category-tic-2","tag-agua-y-energia","tag-blau-3005-2","tag-capsulas-de-aprendizaje","tag-ciberseguridad-2","tag-digital-twins","tag-emergencia-climatica-2","tag-formacion-practica","tag-gemelos-digitales","tag-universitat-politecnica-de-catalunya-2"],"aioseo_notices":[],"_links":{"self":[{"href":"https:\/\/upcschool.upc.edu\/blog\/wp-json\/wp\/v2\/posts\/15280","targetHints":{"allow":["GET"]}}],"collection":[{"href":"https:\/\/upcschool.upc.edu\/blog\/wp-json\/wp\/v2\/posts"}],"about":[{"href":"https:\/\/upcschool.upc.edu\/blog\/wp-json\/wp\/v2\/types\/post"}],"author":[{"embeddable":true,"href":"https:\/\/upcschool.upc.edu\/blog\/wp-json\/wp\/v2\/users\/2"}],"replies":[{"embeddable":true,"href":"https:\/\/upcschool.upc.edu\/blog\/wp-json\/wp\/v2\/comments?post=15280"}],"version-history":[{"count":6,"href":"https:\/\/upcschool.upc.edu\/blog\/wp-json\/wp\/v2\/posts\/15280\/revisions"}],"predecessor-version":[{"id":15481,"href":"https:\/\/upcschool.upc.edu\/blog\/wp-json\/wp\/v2\/posts\/15280\/revisions\/15481"}],"wp:featuredmedia":[{"embeddable":true,"href":"https:\/\/upcschool.upc.edu\/blog\/wp-json\/wp\/v2\/media\/15275"}],"wp:attachment":[{"href":"https:\/\/upcschool.upc.edu\/blog\/wp-json\/wp\/v2\/media?parent=15280"}],"wp:term":[{"taxonomy":"category","embeddable":true,"href":"https:\/\/upcschool.upc.edu\/blog\/wp-json\/wp\/v2\/categories?post=15280"},{"taxonomy":"post_tag","embeddable":true,"href":"https:\/\/upcschool.upc.edu\/blog\/wp-json\/wp\/v2\/tags?post=15280"}],"curies":[{"name":"wp","href":"https:\/\/api.w.org\/{rel}","templated":true}]}}