{"id":15500,"date":"2024-02-19T16:45:50","date_gmt":"2024-02-19T15:45:50","guid":{"rendered":"https:\/\/www.talent.upc.edu\/blog\/?p=15500"},"modified":"2024-02-19T17:19:14","modified_gmt":"2024-02-19T16:19:14","slug":"alumnes-de-la-upc-school-participen-a-llum-bcn-2024","status":"publish","type":"post","link":"https:\/\/upcschool.upc.edu\/blog\/alumnes-de-la-upc-school-participen-a-llum-bcn-2024\/?lang=ca","title":{"rendered":"Alumnes de la UPC School participen a Llum BCN 2024"},"content":{"rendered":"<p>Els alumnes del m\u00e0ster en Lighting Design. Disseny d\u2019Il\u00b7luminaci\u00f3 Arquitect\u00f2nica i del m\u00e0ster en Disseny i Producci\u00f3 d\u2019Espais de la UPC School han estat protagonistes de la darrera edici\u00f3 del<strong> Festival Llum BCN<\/strong>, que s\u2019ha celebrat al barri del Poblenou durant el cap de setmana del 3 i 4 de febrer de 2024. A m\u00e9s a m\u00e9s, <strong><em>Desiderium<\/em><\/strong>, la instal\u00b7laci\u00f3 dels alumnes del m\u00e0ster en Lighting Design, ha estat la guanyadora en la categoria Atmosfera en els<strong> premis<\/strong> <strong>Talent Jove Llum BCN. <\/strong><!--more--><\/p>\n<p>Aquest festival sorpr\u00e8n cada any amb les creacions d\u2019artistes prestigiosos i tamb\u00e9 de joves talents que transformen la fisonomia de Barcelona amb el llenguatge de la llum. El festival es realitza al Poblenou, un barri amb una gran her\u00e8ncia industrial que fa uns anys viu un intens proc\u00e9s de transformaci\u00f3 urban\u00edstica, tecnol\u00f2gica i social.<\/p>\n<p>Organitzat per l\u2019Institut de Cultura de Barcelona (ICUB), una de les caracter\u00edstiques distintives de Llum BCN \u00e9s la <strong>implicaci\u00f3 d\u2019alumnes i professors de les escoles d\u2019arquitectura, art i disseny de la ciutat<\/strong>, que s\u00f3n els responsables de les instal\u00b7lacions.<\/p>\n<p>Els alumnes del m\u00e0ster en Disseny i Producci\u00f3 d\u2019Espais i del m\u00e0ster en Lighting Design de la UPC School han consolidat la seva participaci\u00f3 habitual al festival amb aquestes dues propostes.<\/p>\n<ul>\n<li><strong>ARRELS <\/strong>\u2013 Alumnes del <a href=\"https:\/\/upcschool.upc.edu\/cat\/estudis\/formacio\/curs\/207400\/master-disseny-produccio-espais\/\"><strong>m\u00e0ster en Disseny i Producci\u00f3 d\u2019Espais<\/strong><\/a><\/li>\n<\/ul>\n<p><strong>Ubicaci\u00f3:<\/strong> Interior d&#8217;illa C. T\u00e0nger, 92<\/p>\n<p><a href=\"https:\/\/upcschool.upc.edu\/blog\/wp-content\/uploads\/2024\/02\/DiPE_LlumBCN-scaled.jpg\" target=\"_blank\" rel=\"noopener\"><img loading=\"lazy\" decoding=\"async\" class=\"alignleft wp-image-15501 size-medium\" src=\"https:\/\/upcschool.upc.edu\/blog\/wp-content\/uploads\/2024\/02\/DiPE_LlumBCN-300x201.jpg\" alt=\"\" width=\"300\" height=\"201\" srcset=\"https:\/\/upcschool.upc.edu\/blog\/wp-content\/uploads\/2024\/02\/DiPE_LlumBCN-300x201.jpg 300w, https:\/\/upcschool.upc.edu\/blog\/wp-content\/uploads\/2024\/02\/DiPE_LlumBCN-1024x685.jpg 1024w, https:\/\/upcschool.upc.edu\/blog\/wp-content\/uploads\/2024\/02\/DiPE_LlumBCN-768x514.jpg 768w, https:\/\/upcschool.upc.edu\/blog\/wp-content\/uploads\/2024\/02\/DiPE_LlumBCN-1536x1028.jpg 1536w, https:\/\/upcschool.upc.edu\/blog\/wp-content\/uploads\/2024\/02\/DiPE_LlumBCN-2048x1371.jpg 2048w\" sizes=\"auto, (max-width: 300px) 100vw, 300px\" \/><\/a>El Poblenou busca recuperar la seva identitat hist\u00f2rica, un exercici que es pot activar simplement rememorant el seu passat t\u00e8xtil. Amb aquesta intervenci\u00f3, el pati interior de la F\u00e0brica Pons, com a espai de pas i sense gaire personalitat, convidava a organitzar-se com un escenari de teatre geom\u00e8tric on les persones que participen van interpretant el significat. Aprofitant el flux dels vents, el projecte inclo\u00efa elements fixos i teixits que ballaven al so de la llum. Les xemeneies de llum i els estenedors que vestien l\u2019espai jugaven amb la il\u00b7luminaci\u00f3, tot convidant l\u2019espectador a experimentar.<\/p>\n<p><strong>Alumnes:<\/strong> Krizia Alvarez, Sheylla Patricia Avila, Ana\u00efs Bartomeu, Carolina Figueras, Hermelinda Gonz\u00e1lez, Magal\u00ed Gallego, Judit Latorre, Bruna Lima, Araceli Carolina Mendez, Judith Musquera, Yasna Navarrete, Alessia Nocerino, Joana Pericas, Carla Olazabal, Cesar Gianpaul Quispe, Ana Bel\u00e9n Recaval, Natalia Catalina Rinc\u00f3n, Andrea Romeu, Alba Sala, Luciana Teixeira i Clara Teresa.<\/p>\n<p><strong>Tutors:<\/strong> Coque Claret i Jaume Claret.<\/p>\n<p><strong>Patrocini:<\/strong> <strong>CCCB<\/strong> \u2013 Centre de Cultura Contempor\u00e0nia de Barcelona. Un agra\u00efment molt especial a les dues empreses del sector t\u00e8xtil que han col\u00b7laborat en el projecte de forma desinteressada: <strong>Vidal Rius<\/strong> i <strong>Black to Grey<\/strong>.<\/p>\n<ul>\n<li><strong>DESIDERIUM <\/strong>\u2013 Alumnes del <a href=\"https:\/\/upcschool.upc.edu\/cat\/estudis\/formacio\/curs\/211700\/master-lighting-design-disseny-illuminacio-arquitectonica\/\"><strong>m\u00e0ster en Lighting Design. Disseny d\u2019Il\u00b7luminaci\u00f3 Arquitect\u00f2nica<\/strong><\/a><\/li>\n<\/ul>\n<p><strong>Ubicaci\u00f3:<\/strong> Parc del Centre Poblenou &#8211; MUHBA Oliva Art\u00e9s &#8211; Bac de Roda, 119<\/p>\n<p><a href=\"https:\/\/upcschool.upc.edu\/blog\/wp-content\/uploads\/2024\/02\/Lighting_LlumBCN-rotated.jpg\" target=\"_blank\" rel=\"noopener\"><img loading=\"lazy\" decoding=\"async\" class=\"alignleft wp-image-15503 size-medium\" src=\"https:\/\/upcschool.upc.edu\/blog\/wp-content\/uploads\/2024\/02\/Lighting_LlumBCN-225x300.jpg\" alt=\"\" width=\"225\" height=\"300\" srcset=\"https:\/\/upcschool.upc.edu\/blog\/wp-content\/uploads\/2024\/02\/Lighting_LlumBCN-225x300.jpg 225w, https:\/\/upcschool.upc.edu\/blog\/wp-content\/uploads\/2024\/02\/Lighting_LlumBCN-rotated.jpg 480w\" sizes=\"auto, (max-width: 225px) 100vw, 225px\" \/><\/a>El barri del Poblenou est\u00e0 ubicat a prop de la desembocadura del riu Bes\u00f2s; a l\u2019origen, una zona d\u2019aiguamolls i maresmes que van passar a transformar-se en una zona industrial al segle XIX. La instal\u00b7laci\u00f3 <em>Desiderium<\/em> ha estat un tribut als or\u00edgens pantanosos del barri, convidant els espectadors a reflexionar sobre els efectes de l\u2019antropitzaci\u00f3 i impermeabilitzaci\u00f3 indiscriminada del s\u00f2l, que han alterat els ecosistemes naturals. El projecte clamava la necessitat d\u2019una cohabitaci\u00f3 perdurable en el temps entre l\u2019hum\u00e0 i l\u2019\u00fas del s\u00f2l. Una instal\u00b7laci\u00f3 atmosf\u00e8rica i multisensorial que ens transportava al Poblenou previ al segle XVIII.<\/p>\n<p><strong>Instal\u00b7laci\u00f3<\/strong> <strong>guanyadora de la categoria Atmosfera en els<\/strong> <strong>Premis Talent Jove de Llum BCN<\/strong>, uns guardons patrocinats per Yamaha que reconeixen les millors creacions presentades per les escoles i centres docents.<\/p>\n<p><strong>Alumnes:<\/strong> Cristina Alvarado, Anissa Bousnobra, Maximiliano Franklin, Mariandreina L\u00f3pez, Leandro Mantel, Lorena Quirarte, Marta Rodr\u00edguez, Isabela Karoline Rosa, Paola Salazar, Judit S\u00e1nchez i Gen\u00eds Serra.<\/p>\n<p><strong>Tutors:<\/strong> Mariona Benedito i Susana Barea.<\/p>\n<p><strong>Patrocini:<\/strong> <strong>iGuzzini, Lutron, Vibia <\/strong>i <strong>JVV Grup<\/strong>.<\/p>\n<p>El <a href=\"https:\/\/www.barcelona.cat\/llumbcn\/ca\"><strong>Festival Llum BCN<\/strong><\/a> \u00e9s una oportunitat \u00fanica d\u2019aprenentatge per als alumnes, ja que poden executar un projecte real i experimentar la forma d\u2019interacci\u00f3 del p\u00fablic amb la seva proposta.<\/p>\n<p>Felicitats a tots i totes! Us supereu any rere any!<\/p>\n","protected":false},"excerpt":{"rendered":"<p>Els alumnes del m\u00e0ster en Lighting Design. Disseny d\u2019Il\u00b7luminaci\u00f3 Arquitect\u00f2nica i del m\u00e0ster en Disseny i Producci\u00f3 d\u2019Espais de la UPC School han estat protagonistes de la darrera edici\u00f3 del Festival Llum BCN, que s\u2019ha celebrat al barri del Poblenou durant el cap de setmana del 3 i 4 de febrer de 2024. A m\u00e9s &#8230; <a title=\"Alumnes de la UPC School participen a Llum BCN 2024\" class=\"read-more\" href=\"https:\/\/upcschool.upc.edu\/blog\/alumnes-de-la-upc-school-participen-a-llum-bcn-2024\/?lang=ca\" aria-label=\"Read more about Alumnes de la UPC School participen a Llum BCN 2024\">Leer m\u00e1s<\/a><\/p>\n","protected":false},"author":2,"featured_media":15508,"comment_status":"open","ping_status":"open","sticky":false,"template":"","format":"standard","meta":{"footnotes":""},"categories":[5,10,310],"tags":[169,1152,783,511,1823,1193,510,560,1457,1825,419,1824],"class_list":["post-15500","post","type-post","status-publish","format-standard","has-post-thumbnail","hentry","category-arquitectura","category-disseny","category-lighting-design","tag-disseny-2","tag-disseny-arquitectonic","tag-disseny-efimer","tag-festival-de-la-llum","tag-installacions-lluminiques","tag-llum","tag-llum-bcn","tag-master-disseny-i-produccio-despais","tag-master-lighting-design-ca","tag-premis-alumnat","tag-projectes-alumnes","tag-projectes-alumnes-llum-bcn"],"aioseo_notices":[],"_links":{"self":[{"href":"https:\/\/upcschool.upc.edu\/blog\/wp-json\/wp\/v2\/posts\/15500","targetHints":{"allow":["GET"]}}],"collection":[{"href":"https:\/\/upcschool.upc.edu\/blog\/wp-json\/wp\/v2\/posts"}],"about":[{"href":"https:\/\/upcschool.upc.edu\/blog\/wp-json\/wp\/v2\/types\/post"}],"author":[{"embeddable":true,"href":"https:\/\/upcschool.upc.edu\/blog\/wp-json\/wp\/v2\/users\/2"}],"replies":[{"embeddable":true,"href":"https:\/\/upcschool.upc.edu\/blog\/wp-json\/wp\/v2\/comments?post=15500"}],"version-history":[{"count":3,"href":"https:\/\/upcschool.upc.edu\/blog\/wp-json\/wp\/v2\/posts\/15500\/revisions"}],"predecessor-version":[{"id":15514,"href":"https:\/\/upcschool.upc.edu\/blog\/wp-json\/wp\/v2\/posts\/15500\/revisions\/15514"}],"wp:featuredmedia":[{"embeddable":true,"href":"https:\/\/upcschool.upc.edu\/blog\/wp-json\/wp\/v2\/media\/15508"}],"wp:attachment":[{"href":"https:\/\/upcschool.upc.edu\/blog\/wp-json\/wp\/v2\/media?parent=15500"}],"wp:term":[{"taxonomy":"category","embeddable":true,"href":"https:\/\/upcschool.upc.edu\/blog\/wp-json\/wp\/v2\/categories?post=15500"},{"taxonomy":"post_tag","embeddable":true,"href":"https:\/\/upcschool.upc.edu\/blog\/wp-json\/wp\/v2\/tags?post=15500"}],"curies":[{"name":"wp","href":"https:\/\/api.w.org\/{rel}","templated":true}]}}