{"id":15749,"date":"2024-04-19T12:22:08","date_gmt":"2024-04-19T11:22:08","guid":{"rendered":"https:\/\/www.talent.upc.edu\/blog\/?p=15749"},"modified":"2024-05-06T08:34:43","modified_gmt":"2024-05-06T07:34:43","slug":"el-professorat-de-la-upc-school-entre-els-ponents-destacats-de-ladvanced-factories-2024","status":"publish","type":"post","link":"https:\/\/upcschool.upc.edu\/blog\/el-professorat-de-la-upc-school-entre-els-ponents-destacats-de-ladvanced-factories-2024\/?lang=ca","title":{"rendered":"Advanced Factories reuneix el professorat UPC School entre els seus ponents"},"content":{"rendered":"<p>Del 9 a l&#8217;11 d&#8217;abril, Barcelona es va tornar a convertir en la capital europea de la innovaci\u00f3 i la competitivitat industrial amb la vuitena edici\u00f3 de l&#8217;<strong><a href=\"https:\/\/www.advancedfactories.com\/ca\/\" target=\"_blank\" rel=\"noopener\">Advanced Factories<\/a><\/strong> Expo &amp; Congress. Sota el <strong>lema &#8216;Integrating Automation Systems&#8217;<\/strong>, la cita ha reunit els professionals de refer\u00e8ncia del sector per compartir experi\u00e8ncies, reptes i bones pr\u00e0ctiques en la digitalitzaci\u00f3 de les f\u00e0briques i la millora de la <strong>competitivitat industrial<\/strong>. Diferents professors de la UPC School han estat alguns dels ponents destacats del congr\u00e9s.<!--more--><\/p>\n<p>Aquesta fira \u00e9s el punt de <em>networking <\/em>de refer\u00e8ncia al voltant de l\u2019automatitzaci\u00f3 industrial, la rob\u00f2tica, la intel\u00b7lig\u00e8ncia artificial, la realitat virtual i augmentada i qualsevol altra tecnologia innovadora que permeti millorar la competitivitat industrial en l\u2019escenari de la ind\u00fastria 4.0.<\/p>\n<p><a href=\"https:\/\/upcschool.upc.edu\/blog\/wp-content\/uploads\/2024\/04\/XavierPujol_Industria40_AdvancedFactories.jpg\" target=\"_blank\" rel=\"noopener\"><img loading=\"lazy\" decoding=\"async\" class=\"alignleft wp-image-15751 size-thumbnail\" src=\"https:\/\/upcschool.upc.edu\/blog\/wp-content\/uploads\/2024\/04\/XavierPujol_Industria40_AdvancedFactories-150x150.jpg\" alt=\"\" width=\"150\" height=\"150\" \/><\/a>Un any m\u00e9s, la <strong>UPC School<\/strong> ha estat <strong><em>supporting partner<\/em> de l\u2019esdeveniment<\/strong> i els professionals que formen part del nostre equip docent, tant des de la direcci\u00f3 acad\u00e8mica com del mateix professorat, han compartit el seu coneixement i experi\u00e8ncies professionals en les diferents confer\u00e8ncies de la fira.<\/p>\n<p><strong>Xavier Pujol<\/strong>, professor del <a href=\"https:\/\/upcschool.upc.edu\/cat\/estudis\/formacio\/curs\/202500\/master-formacio-permanent-industria-4period0\/\" target=\"_blank\" rel=\"noopener\">m\u00e0ster en Ind\u00fastria 4.0<\/a> i CEO de Reibus, va participar el dimarts 9 d\u2019abril en l\u2019auditori principal FANUC com a ponent de la confer\u00e8ncia: <strong>\u201cCom fabricarem els vehicles electrificats del futur?<\/strong>\u201d, on va oferir una reflexi\u00f3 profunda sobre el rumb de la ind\u00fastria automobil\u00edstica en la nova era de l\u2019electrificaci\u00f3.<\/p>\n<p><strong><a href=\"https:\/\/upcschool.upc.edu\/blog\/wp-content\/uploads\/2024\/04\/KarinaGibert_Industria40_AdvancedFactories.jpg\" target=\"_blank\" rel=\"noopener\"><img loading=\"lazy\" decoding=\"async\" class=\"alignleft wp-image-15753 size-thumbnail\" src=\"https:\/\/upcschool.upc.edu\/blog\/wp-content\/uploads\/2024\/04\/KarinaGibert_Industria40_AdvancedFactories-150x150.jpg\" alt=\"\" width=\"150\" height=\"150\" \/><\/a>Karina Gibert<\/strong>, professora tamb\u00e9 del m\u00e0ster en Ind\u00fastria 4.0 i del <a href=\"https:\/\/upcschool.upc.edu\/cat\/estudis\/formacio\/curs\/302000\/posgrado-direccion-transformacion-digital\/\" target=\"_blank\" rel=\"noopener\">postgrau en Direcci\u00f3 de la Transformaci\u00f3 Digital<\/a>, a m\u00e9s d\u2019especialista de refer\u00e8ncia en intel\u00b7lig\u00e8ncia artificial i <em>big data<\/em>, va participar com a conferenciant en la sessi\u00f3: \u00ab<strong>Rob\u00f2tica cognitiva: pros i contres<\/strong>\u00ab.<\/p>\n<p><strong>Jordi Barbar\u00e0<\/strong>, docent del <a href=\"https:\/\/upcschool.upc.edu\/cat\/estudis\/formacio\/curs\/208400\/master-formacion-permanente-organizacion-ingenieria-produccion-direccion-plantas-industriales\/\" target=\"_blank\" rel=\"noopener\">m\u00e0ster en Organitzaci\u00f3 i Enginyeria de la Producci\u00f3 i Direcci\u00f3 de Plantes Industrials (Engiplant)<\/a> i director de producci\u00f3 a la cervesera DAMM, va participar com a ponent de la taula rodona: \u201c<strong>Integraci\u00f3 dels processos intra-log\u00edstics industrials<\/strong>\u201d, on va analitzar del valor afegit i dels beneficis d\u2019una soluci\u00f3 autom\u00e0tica totalment integrada amb les necessitats d&#8217;una planta industrial a trav\u00e9s d&#8217;una sola plataforma de programari en comunicaci\u00f3 amb el sistema ERP.<\/p>\n<p><strong><a href=\"https:\/\/upcschool.upc.edu\/blog\/wp-content\/uploads\/2024\/04\/XavierPi_Industria40_AdvancedFactories.jpg\" target=\"_blank\" rel=\"noopener\"><img loading=\"lazy\" decoding=\"async\" class=\"alignleft wp-image-15755 size-thumbnail\" src=\"https:\/\/upcschool.upc.edu\/blog\/wp-content\/uploads\/2024\/04\/XavierPi_Industria40_AdvancedFactories-150x150.jpg\" alt=\"\" width=\"150\" height=\"150\" \/><\/a>Xavier Pi<\/strong>, codirector acad\u00e8mic del m\u00e0ster en Ind\u00fastria 4.0 i membre de la Comissi\u00f3 Ind\u00fastria 4.0 d&#8217;Enginyers de Catalunya, va ser moderador de la xerrada: \u00ab<strong>Edge Computing en fabricaci\u00f3 avan\u00e7ada<\/strong>\u00ab, on es va explorar l&#8217;<em>edge computing<\/em> com a mecanisme per a l&#8217;automatitzaci\u00f3 i la presa de decisions reals a la ind\u00fastria 4.0, amb la visualitzaci\u00f3 d\u2019exemples d&#8217;implementaci\u00f3 i casos d&#8217;\u00e8xit.<\/p>\n<p><a href=\"https:\/\/upcschool.upc.edu\/blog\/wp-content\/uploads\/2024\/04\/CarlesRellan_DireccioProduccio_AdvancedFactories.jpg\" target=\"_blank\" rel=\"noopener\"><img loading=\"lazy\" decoding=\"async\" class=\"alignleft wp-image-15757 size-thumbnail\" src=\"https:\/\/upcschool.upc.edu\/blog\/wp-content\/uploads\/2024\/04\/CarlesRellan_DireccioProduccio_AdvancedFactories-150x150.jpg\" alt=\"\" width=\"150\" height=\"150\" \/><\/a>Per \u00faltim, <strong>Carlos Rell\u00e1n<\/strong>, docent del <a href=\"https:\/\/upcschool.upc.edu\/cat\/estudis\/formacio\/curs\/209100\/master-formacion-permanente-direccion-produccion\/\" target=\"_blank\" rel=\"noopener\">m\u00e0ster en Direcci\u00f3 de la Producci\u00f3<\/a> i responsable de manteniment a Celsa, va participar en la sessi\u00f3: \u00ab<strong>Manteniment predictiu aplicant BIG DATA i IIoT. Una experi\u00e8ncia industrial d&#8217;\u00e8xit<\/strong>\u00ab, on va explicar la implantaci\u00f3 del manteniment predictiu a Celsa, un mecanisme que els ha perm\u00e8s avan\u00e7ar la resoluci\u00f3 de qualsevol incident amb les maquin\u00e0ries de l&#8217;empresa, sense haver de parar la producci\u00f3.<\/p>\n","protected":false},"excerpt":{"rendered":"<p>Del 9 a l&#8217;11 d&#8217;abril, Barcelona es va tornar a convertir en la capital europea de la innovaci\u00f3 i la competitivitat industrial amb la vuitena edici\u00f3 de l&#8217;Advanced Factories Expo &amp; Congress. Sota el lema &#8216;Integrating Automation Systems&#8217;, la cita ha reunit els professionals de refer\u00e8ncia del sector per compartir experi\u00e8ncies, reptes i bones pr\u00e0ctiques &#8230; <a title=\"Advanced Factories reuneix el professorat UPC School entre els seus ponents\" class=\"read-more\" href=\"https:\/\/upcschool.upc.edu\/blog\/el-professorat-de-la-upc-school-entre-els-ponents-destacats-de-ladvanced-factories-2024\/?lang=ca\" aria-label=\"Read more about Advanced Factories reuneix el professorat UPC School entre els seus ponents\">Leer m\u00e1s<\/a><\/p>\n","protected":false},"author":2,"featured_media":15759,"comment_status":"open","ping_status":"open","sticky":false,"template":"","format":"standard","meta":{"footnotes":""},"categories":[579,7,12,6],"tags":[976,1525,961,1898,1351,1571,1897,1113,835,1896,845],"class_list":["post-15749","post","type-post","status-publish","format-standard","has-post-thumbnail","hentry","category-enginyeria-ca","category-enginyeria_industrial","category-innovacio","category-tic_2","tag-advanced-factories","tag-digitalitzacio-industrial","tag-innovacio-industrial","tag-master-en-direccio-de-la-produccio","tag-master-industria-4-0","tag-produccio-industrial","tag-produccio-industrialitzada","tag-professorat-upc-school","tag-smart-factories","tag-smart-industries","tag-transformacio-digital"],"aioseo_notices":[],"_links":{"self":[{"href":"https:\/\/upcschool.upc.edu\/blog\/wp-json\/wp\/v2\/posts\/15749","targetHints":{"allow":["GET"]}}],"collection":[{"href":"https:\/\/upcschool.upc.edu\/blog\/wp-json\/wp\/v2\/posts"}],"about":[{"href":"https:\/\/upcschool.upc.edu\/blog\/wp-json\/wp\/v2\/types\/post"}],"author":[{"embeddable":true,"href":"https:\/\/upcschool.upc.edu\/blog\/wp-json\/wp\/v2\/users\/2"}],"replies":[{"embeddable":true,"href":"https:\/\/upcschool.upc.edu\/blog\/wp-json\/wp\/v2\/comments?post=15749"}],"version-history":[{"count":13,"href":"https:\/\/upcschool.upc.edu\/blog\/wp-json\/wp\/v2\/posts\/15749\/revisions"}],"predecessor-version":[{"id":15853,"href":"https:\/\/upcschool.upc.edu\/blog\/wp-json\/wp\/v2\/posts\/15749\/revisions\/15853"}],"wp:featuredmedia":[{"embeddable":true,"href":"https:\/\/upcschool.upc.edu\/blog\/wp-json\/wp\/v2\/media\/15759"}],"wp:attachment":[{"href":"https:\/\/upcschool.upc.edu\/blog\/wp-json\/wp\/v2\/media?parent=15749"}],"wp:term":[{"taxonomy":"category","embeddable":true,"href":"https:\/\/upcschool.upc.edu\/blog\/wp-json\/wp\/v2\/categories?post=15749"},{"taxonomy":"post_tag","embeddable":true,"href":"https:\/\/upcschool.upc.edu\/blog\/wp-json\/wp\/v2\/tags?post=15749"}],"curies":[{"name":"wp","href":"https:\/\/api.w.org\/{rel}","templated":true}]}}