{"id":1587,"date":"2013-06-18T00:00:00","date_gmt":"2013-06-17T22:00:00","guid":{"rendered":"http:\/\/www.talent.upc.edu\/blog\/uncategorized\/lacte-llum-a-les-glories-tanca-la-4a-edicio-del-programa-en-lighting-design\/"},"modified":"2013-10-31T16:52:25","modified_gmt":"2013-10-31T14:52:25","slug":"lacte-llum-a-les-glories-tanca-la-4a-edicio-del-programa-en-lighting-design","status":"publish","type":"post","link":"https:\/\/upcschool.upc.edu\/blog\/lacte-llum-a-les-glories-tanca-la-4a-edicio-del-programa-en-lighting-design\/?lang=ca","title":{"rendered":"L&#8217;acte Llum a les Gl\u00f2ries tanca la 4a edici\u00f3 del programa en Lighting Design"},"content":{"rendered":"<p>El <a href=\"http:\/\/www.talent.upc.edu\/professionals\/presentacio\/idioma\/cat\/codi\/211700\/lighting\/design\/disseny\/il\/luminacio\/arquitectonica\/\" target=\"_blank\">programa en Lighting Design de la UPC School<\/a> tanca la seva 4a edici\u00f3 amb una gran festa de la llum, l\u2019<strong>acte Llum a les Gl\u00f2ries<\/strong>, que s\u2019estrenar\u00e0 amb la <strong>taula rodona \u00abIconografies Lum\u00edniques Urbanes\u00bb<\/strong>, i que comptar\u00e0 amb la participaci\u00f3 dels lighting designers: <strong>Mark Major<\/strong>, co-fundador de l\u2019estudi Speirs + Major; <strong>Kaoru Mende<\/strong>, CEO de l\u2019estudi Lighting Planners Associates; <strong>Tapio Rosenius<\/strong>, fundador i director de l\u2019estudi Lighting Design Collective; i <strong>Dani Freixes<\/strong>, de l\u2019estudi Varis Arquitectes. La confer\u00e8ncia explorar\u00e0 noves <strong>tend\u00e8ncies lum\u00edniques en el paisatge urb\u00e0<\/strong> actualment i quines s\u00f3n les perspectives de futur en aquest \u00e0mbit.<\/p>\n<p>Quan caigui la nit sobre la Pla\u00e7a de les Gl\u00f2ries, els alumnes del postgrau en Lighting Design de la UPC School, dirigits per Santi Vilanova, de Telenoika Mapping Crew, realitzaran la <strong>projecci\u00f3 lum\u00ednica nocturna Aigua Llum<\/strong>, un exercici de llum en directe sobre la fa\u00e7ana de la Torre Agbar.<\/p>\n<p><a href=\"http:\/\/www.talent.upc.edu\/agenda\/forminscriu\/id\/1268\/\" target=\"_blank\">INSCRIPCIONS A L\u2019ACTE<\/a><\/p>\n<p><strong>Col\u00b7laboradors: <\/strong><\/p>\n<p align=\"left\"><a href=\"http:\/\/www.artemide.com\/\" target=\"_blank\"><img loading=\"lazy\" decoding=\"async\" style=\"padding-right: 15px;\" alt=\" Artemide\" src=\"http:\/\/www.talent.upc.edu\/files\/img\/Artemide.jpg\" width=\"125\" height=\"41\" border=\"0\" \/><\/a><a href=\"http:\/\/www.aiguesdebarcelona.cat\/\" target=\"_blank\"><img loading=\"lazy\" decoding=\"async\" alt=\"Aig\u00fces de Barcelona\" src=\"http:\/\/www.talent.upc.edu\/files\/img\/AiguesBarcelona.jpg\" width=\"125\" height=\"41\" border=\"0\" \/><\/a><a href=\"http:\/\/www.dhub-bcn.cat\/\" target=\"_blank\"><img loading=\"lazy\" decoding=\"async\" alt=\"Disseny Hub Barcelona\" src=\"http:\/\/www.talent.upc.edu\/files\/img\/AjuntamentBcn.jpg\" width=\"125\" height=\"41\" border=\"0\" \/><\/a><a href=\"http:\/\/www.masterdia.com\/\" target=\"_blank\"><img loading=\"lazy\" decoding=\"async\" alt=\"Masterdia \" src=\"http:\/\/www.talent.upc.edu\/files\/img\/masterdia.jpg\" width=\"125\" height=\"33\" border=\"0\" \/><\/a><\/p>\n","protected":false},"excerpt":{"rendered":"<p>El programa en Lighting Design de la UPC School tanca la seva 4a edici\u00f3 amb una gran festa de la llum, l\u2019acte Llum a les Gl\u00f2ries, que s\u2019estrenar\u00e0 amb la taula rodona \u00abIconografies Lum\u00edniques Urbanes\u00bb, i que comptar\u00e0 amb la participaci\u00f3 dels lighting designers: Mark Major, co-fundador de l\u2019estudi Speirs + Major; Kaoru Mende, CEO &#8230; <a title=\"L&#8217;acte Llum a les Gl\u00f2ries tanca la 4a edici\u00f3 del programa en Lighting Design\" class=\"read-more\" href=\"https:\/\/upcschool.upc.edu\/blog\/lacte-llum-a-les-glories-tanca-la-4a-edicio-del-programa-en-lighting-design\/?lang=ca\" aria-label=\"Read more about L&#8217;acte Llum a les Gl\u00f2ries tanca la 4a edici\u00f3 del programa en Lighting Design\">Leer m\u00e1s<\/a><\/p>\n","protected":false},"author":2,"featured_media":1865,"comment_status":"open","ping_status":"open","sticky":false,"template":"","format":"standard","meta":{"footnotes":""},"categories":[129],"tags":[80,79],"class_list":["post-1587","post","type-post","status-publish","format-standard","has-post-thumbnail","hentry","category-open-talent-2","tag-lighting_2","tag-lighting-design_2"],"aioseo_notices":[],"_links":{"self":[{"href":"https:\/\/upcschool.upc.edu\/blog\/wp-json\/wp\/v2\/posts\/1587","targetHints":{"allow":["GET"]}}],"collection":[{"href":"https:\/\/upcschool.upc.edu\/blog\/wp-json\/wp\/v2\/posts"}],"about":[{"href":"https:\/\/upcschool.upc.edu\/blog\/wp-json\/wp\/v2\/types\/post"}],"author":[{"embeddable":true,"href":"https:\/\/upcschool.upc.edu\/blog\/wp-json\/wp\/v2\/users\/2"}],"replies":[{"embeddable":true,"href":"https:\/\/upcschool.upc.edu\/blog\/wp-json\/wp\/v2\/comments?post=1587"}],"version-history":[{"count":2,"href":"https:\/\/upcschool.upc.edu\/blog\/wp-json\/wp\/v2\/posts\/1587\/revisions"}],"predecessor-version":[{"id":2167,"href":"https:\/\/upcschool.upc.edu\/blog\/wp-json\/wp\/v2\/posts\/1587\/revisions\/2167"}],"wp:featuredmedia":[{"embeddable":true,"href":"https:\/\/upcschool.upc.edu\/blog\/wp-json\/wp\/v2\/media\/1865"}],"wp:attachment":[{"href":"https:\/\/upcschool.upc.edu\/blog\/wp-json\/wp\/v2\/media?parent=1587"}],"wp:term":[{"taxonomy":"category","embeddable":true,"href":"https:\/\/upcschool.upc.edu\/blog\/wp-json\/wp\/v2\/categories?post=1587"},{"taxonomy":"post_tag","embeddable":true,"href":"https:\/\/upcschool.upc.edu\/blog\/wp-json\/wp\/v2\/tags?post=1587"}],"curies":[{"name":"wp","href":"https:\/\/api.w.org\/{rel}","templated":true}]}}