{"id":16009,"date":"2024-06-18T09:33:57","date_gmt":"2024-06-18T08:33:57","guid":{"rendered":"https:\/\/www.talent.upc.edu\/blog\/?p=16009"},"modified":"2024-11-26T10:17:18","modified_gmt":"2024-11-26T09:17:18","slug":"microcredencials-financades-en-mobilitat-4-0-ciberseguretat-data-science-i-ia","status":"publish","type":"post","link":"https:\/\/upcschool.upc.edu\/blog\/microcredencials-financades-en-mobilitat-4-0-ciberseguretat-data-science-i-ia\/?lang=ca","title":{"rendered":"Microcredencials finan\u00e7ades en mobilitat 4.0: ciberseguretat, data science i IA"},"content":{"rendered":"<p>A partir del setembre, la UPC School posa en marxa la 2a edici\u00f3 de les microcredencials universit\u00e0ries en digitalitzaci\u00f3 de la mobilitat. Aquestes formacions, amb un<strong> preu redu\u00eft que oscil\u00b7la entre els 300 i els 500 \u20ac<\/strong>, estan finan\u00e7ades pel Ministeri de Transport, Mobilitat i Agenda Urbana en el marc del Pla de Recuperaci\u00f3 <strong>Next Generation EU<\/strong>.<!--more--><\/p>\n<p>Amb una c\u00e0rrega lectiva de 15 cr\u00e8dits ECTS i una durada d\u2019entre quatre i sis mesos, aquests estudis de curta durada i enfocament pr\u00e0ctic estan dissenyats per acompanyar la transformaci\u00f3 digital d\u2019aquest sector estrat\u00e8gic. Els participants aprendran a dissenyar, desenvolupar i implementar solucions innovadores en \u00e0rees clau com ara la ciberseguretat, la intel\u00b7lig\u00e8ncia artificial, la ci\u00e8ncia de dades i la mobilitat urbana.<\/p>\n<p>Aquesta \u00e9s l\u2019<strong>oferta de microcredencials en mobilitat 4.0<\/strong> que s\u2019inicien a partir del mes de setembre:<\/p>\n<ul>\n<li><strong><a href=\"https:\/\/upcschool.upc.edu\/cat\/estudis\/formacio\/curs\/303700\/postgrau-ciencia-dades-mobilitat-transport\/\" target=\"_blank\" rel=\"noopener\">Ci\u00e8ncia de Dades per a Mobilitat i Transport<\/a>.<\/strong> <em>Inici:<\/em> <em>13 de setembre de 2024.<\/em><\/li>\n<li><strong><a href=\"https:\/\/upcschool.upc.edu\/cat\/estudis\/formacio\/curs\/321500\/postgrau-ciberseguretat-ciutats\/\" target=\"_blank\" rel=\"noopener\">La Ciberseguretat a les Nostres Ciutats<\/a>.<\/strong> <em>Inici:<\/em> <em>30 de setembre de 2024.<\/em><\/li>\n<li><a href=\"https:\/\/upcschool.upc.edu\/cat\/estudis\/formacio\/curs\/305800\/postgrau-intelligencia-artificial-aplicada-transport-logistica\/\" target=\"_blank\" rel=\"noopener\"><strong>Intel\u00b7lig\u00e8ncia Artificial aplicada al Transport i a la Log\u00edstica<\/strong><\/a>. <em>Inici: 15 d\u2019octubre de 2024.<\/em><\/li>\n<li><strong><a href=\"https:\/\/upcschool.upc.edu\/cat\/estudis\/formacio\/curs\/321200\/postgrau-ciberseguretat-xarxes-ferroviaries\/\" target=\"_blank\" rel=\"noopener\">Ciberseguretat en Xarxes Ferrovi\u00e0ries<\/a>.<\/strong> <em>Inici: 18 d\u2019octubre de 2024.<\/em><\/li>\n<li><strong><a href=\"https:\/\/upcschool.upc.edu\/cat\/estudis\/formacio\/curs\/321000\/postgrau-smart-city-gestio-mobilitat-enfocament-multidisciplinari\/\" target=\"_blank\" rel=\"noopener\">Smart City i Gesti\u00f3 de la Mobilitat. Un Enfocament Multidisciplinari<\/a>.<\/strong> <em>Inici: 4 de novembre de 2024. <\/em><\/li>\n<li><strong><a href=\"https:\/\/upcschool.upc.edu\/cat\/estudis\/formacio\/curs\/322300\/postgrau-digitalitzacio-mobilitat-urbana\/\" target=\"_blank\" rel=\"noopener\">Digitalitzaci\u00f3 de la Mobilitat Urbana<\/a>.<\/strong> <em>Inici: 15 de febrer de 2025. <\/em><\/li>\n<\/ul>\n<p>Les microcredencials s\u00f3n experi\u00e8ncies formatives de curta durada que faciliten l&#8217;adquisici\u00f3 i la millora de coneixements, compet\u00e8ncies i capacitats necess\u00e0ries per al desenvolupament personal i professional de forma r\u00e0pida. \u00c9s un nou model formatiu pensat per al reciclatge professional, l&#8217;actualitzaci\u00f3 de coneixements i l&#8217;adaptaci\u00f3 a les necessitats d&#8217;un mercat laboral canviant.<\/p>\n<p>El <strong>PDI <\/strong>i el <strong>PTGAS<\/strong> permanent de la UPC o d\u2019ens del grup UPC, aix\u00ed com els familiars de 1r grau d\u2019afinitat, podran gaudir d\u2019un <strong>40% de descompte addicional<\/strong> en aquests programes. Per la seva banda, tot l\u2019<strong>Alumni UPC<\/strong> donat d\u2019alta a la comunitat UPCAlumniM\u00e9s tindr\u00e0 un <strong>12,5% de descompte addicional<\/strong> en la matr\u00edcula d\u2019aquests microcredencials.<\/p>\n<p><img loading=\"lazy\" decoding=\"async\" class=\"alignnone size-full wp-image-16082\" src=\"https:\/\/upcschool.upc.edu\/blog\/wp-content\/uploads\/2024\/06\/logos_mitma.png\" alt=\"\" width=\"1009\" height=\"120\" srcset=\"https:\/\/upcschool.upc.edu\/blog\/wp-content\/uploads\/2024\/06\/logos_mitma.png 1009w, https:\/\/upcschool.upc.edu\/blog\/wp-content\/uploads\/2024\/06\/logos_mitma-300x36.png 300w, https:\/\/upcschool.upc.edu\/blog\/wp-content\/uploads\/2024\/06\/logos_mitma-768x91.png 768w\" sizes=\"auto, (max-width: 1009px) 100vw, 1009px\" \/><\/p>\n<p><em>Programes finan\u00e7ats pel Ministeri de Transports i Mobilitat Sotenible en el marc del Pla de Recuperaci\u00f3, Transformaci\u00f3 i Resili\u00e8ncia, finan\u00e7at per la Uni\u00f3 Europea \u2013 Next Generation EU.<\/em><\/p>\n","protected":false},"excerpt":{"rendered":"<p>A partir del setembre, la UPC School posa en marxa la 2a edici\u00f3 de les microcredencials universit\u00e0ries en digitalitzaci\u00f3 de la mobilitat. Aquestes formacions, amb un preu redu\u00eft que oscil\u00b7la entre els 300 i els 500 \u20ac, estan finan\u00e7ades pel Ministeri de Transport, Mobilitat i Agenda Urbana en el marc del Pla de Recuperaci\u00f3 Next &#8230; <a title=\"Microcredencials finan\u00e7ades en mobilitat 4.0: ciberseguretat, data science i IA\" class=\"read-more\" href=\"https:\/\/upcschool.upc.edu\/blog\/microcredencials-financades-en-mobilitat-4-0-ciberseguretat-data-science-i-ia\/?lang=ca\" aria-label=\"Read more about Microcredencials finan\u00e7ades en mobilitat 4.0: ciberseguretat, data science i IA\">Leer m\u00e1s<\/a><\/p>\n","protected":false},"author":2,"featured_media":14670,"comment_status":"open","ping_status":"open","sticky":false,"template":"","format":"standard","meta":{"footnotes":""},"categories":[579,13,249,11,521],"tags":[400,1481,1556,1563,1558,251,1243,1940,1180,316,276,726],"class_list":["post-16009","post","type-post","status-publish","format-standard","has-post-thumbnail","hentry","category-enginyeria-ca","category-logistica","category-smart-cities","category-sostenibilitat","category-urbanisme-2","tag-ciberseguretat","tag-data-science","tag-digitalitzacio-de-la-mobilitat","tag-formacio-financada","tag-microcredencials","tag-mobilitat","tag-mobilitat-4-0","tag-mobilitat-urbana","tag-next-generation","tag-sistemes-intelligents-de-transport","tag-smart-city","tag-transport"],"aioseo_notices":[],"_links":{"self":[{"href":"https:\/\/upcschool.upc.edu\/blog\/wp-json\/wp\/v2\/posts\/16009","targetHints":{"allow":["GET"]}}],"collection":[{"href":"https:\/\/upcschool.upc.edu\/blog\/wp-json\/wp\/v2\/posts"}],"about":[{"href":"https:\/\/upcschool.upc.edu\/blog\/wp-json\/wp\/v2\/types\/post"}],"author":[{"embeddable":true,"href":"https:\/\/upcschool.upc.edu\/blog\/wp-json\/wp\/v2\/users\/2"}],"replies":[{"embeddable":true,"href":"https:\/\/upcschool.upc.edu\/blog\/wp-json\/wp\/v2\/comments?post=16009"}],"version-history":[{"count":9,"href":"https:\/\/upcschool.upc.edu\/blog\/wp-json\/wp\/v2\/posts\/16009\/revisions"}],"predecessor-version":[{"id":16432,"href":"https:\/\/upcschool.upc.edu\/blog\/wp-json\/wp\/v2\/posts\/16009\/revisions\/16432"}],"wp:featuredmedia":[{"embeddable":true,"href":"https:\/\/upcschool.upc.edu\/blog\/wp-json\/wp\/v2\/media\/14670"}],"wp:attachment":[{"href":"https:\/\/upcschool.upc.edu\/blog\/wp-json\/wp\/v2\/media?parent=16009"}],"wp:term":[{"taxonomy":"category","embeddable":true,"href":"https:\/\/upcschool.upc.edu\/blog\/wp-json\/wp\/v2\/categories?post=16009"},{"taxonomy":"post_tag","embeddable":true,"href":"https:\/\/upcschool.upc.edu\/blog\/wp-json\/wp\/v2\/tags?post=16009"}],"curies":[{"name":"wp","href":"https:\/\/api.w.org\/{rel}","templated":true}]}}