{"id":16257,"date":"2024-10-15T16:09:18","date_gmt":"2024-10-15T15:09:18","guid":{"rendered":"https:\/\/www.talent.upc.edu\/blog\/?p=16257"},"modified":"2024-11-04T10:54:42","modified_gmt":"2024-11-04T09:54:42","slug":"iniciada-con-exito-la-1a-edicion-del-mba-para-empresas-tecnologicas-e-industriales","status":"publish","type":"post","link":"https:\/\/upcschool.upc.edu\/blog\/iniciada-con-exito-la-1a-edicion-del-mba-para-empresas-tecnologicas-e-industriales\/","title":{"rendered":"Comienza el MBA para Empresas Tecnol\u00f3gicas e Industriales"},"content":{"rendered":"<p>17 estudiantes iniciaron el pasado 4 de octubre la 1\u00aa edici\u00f3n del m\u00e1ster <a href=\"https:\/\/upcschool.upc.edu\/esp\/estudis\/formacio\/curs\/204800\/master-formacion-permanente-mba-empresas-tecnologicas-industriales\/\" target=\"_blank\" rel=\"noopener\"><strong>MBA para Empresas Tecnol\u00f3gicas e Industriales<\/strong><\/a>, una de las grandes apuestas formativas de la UPC School para este a\u00f1o acad\u00e9mico 2024-2025. Una experiencia de aprendizaje que fusiona <em>management<\/em> y tecnolog\u00eda con la que se formar\u00e1n los mejores l\u00edderes de las empresas del sector tecnol\u00f3gico e industrial, con una visi\u00f3n estrat\u00e9gica y al mismo tiempo operativa que permita gestionar con solvencia en el contexto actual, marcado por la globalizaci\u00f3n y la digitalizaci\u00f3n. <!--more--><\/p>\n<p>El programa se plantea como un viaje completo que tiene en cuenta todas las variables implicadas en la gesti\u00f3n empresarial: desde la <strong>toma de decisiones estrat\u00e9gicas<\/strong> basadas en datos aplicados al negocio, pasando por la gesti\u00f3n de los equipos o la aplicaci\u00f3n de una cultura basada en la mejora continua. El m\u00e1ster aborda tambi\u00e9n cuestiones como la gesti\u00f3n de las operaciones, la direcci\u00f3n financiera o la retenci\u00f3n y atracci\u00f3n de talento en el contexto actual, a trav\u00e9s de las herramientas m\u00e1s innovadoras, y de la mano de los mejores profesionales en activo en cada especialidad. El programa de m\u00e1ster incluye <strong>3 sesiones de <em>coaching<\/em> totalmente personalizadas<\/strong> para cada estudiante, un aspecto especialmente valioso para entender mejor los puntos fuertes en el liderazgo e identificar \u00e1reas de mejora.<\/p>\n<p><a href=\"https:\/\/upcschool.upc.edu\/blog\/wp-content\/uploads\/2023\/04\/VicencFA-150x150.jpg\" target=\"_blank\" rel=\"noopener\"><img loading=\"lazy\" decoding=\"async\" class=\"alignleft wp-image-14519 size-thumbnail\" src=\"https:\/\/upcschool.upc.edu\/blog\/wp-content\/uploads\/2023\/04\/VicencFA-150x150.jpg\" alt=\"\" width=\"150\" height=\"150\" \/><\/a>La<strong> direcci\u00f3n acad\u00e9mica<\/strong> recae en <strong>Vicen\u00e7 Fern\u00e1ndez Alarc\u00f3n<\/strong>, que tambi\u00e9n dirige con la UPC School el m\u00e1ster <a href=\"https:\/\/upcschool.upc.edu\/esp\/estudis\/formacio\/curs\/205600\/master-formacion-permanente-mba-business-analytics\/\" target=\"_blank\" rel=\"noopener\">MBA en Business Analytics<\/a>, que se inicia en enero de 2025, y el <a href=\"https:\/\/upcschool.upc.edu\/esp\/estudis\/formacio\/curs\/305400\/posgrado-business-analytics\/\" target=\"_blank\" rel=\"noopener\">posgrado en Business Analytics<\/a>, que empezar\u00e1 este mes de noviembre. Vicen\u00e7 es Doctor en Administraci\u00f3n y Direcci\u00f3n de Empresas por la Universitat Polit\u00e8cnica de Catalunya (UPC) e ingeniero de Telecomunicaciones por la Universidad Ramon Llull. Combina su actividad docente en la UPC con la de investigador y consultor de empresas en anal\u00edtica de datos. Una s\u00f3lida experiencia profesional y acad\u00e9mica integrando <em>management<\/em> y tecnolog\u00eda que ahora pondr\u00e1 al servicio de la direcci\u00f3n acad\u00e9mica de este nuevo programa formativo.<\/p>\n","protected":false},"excerpt":{"rendered":"<p>17 estudiantes iniciaron el pasado 4 de octubre la 1\u00aa edici\u00f3n del m\u00e1ster MBA para Empresas Tecnol\u00f3gicas e Industriales, una de las grandes apuestas formativas de la UPC School para este a\u00f1o acad\u00e9mico 2024-2025. Una experiencia de aprendizaje que fusiona management y tecnolog\u00eda con la que se formar\u00e1n los mejores l\u00edderes de las empresas del &#8230; <a title=\"Comienza el MBA para Empresas Tecnol\u00f3gicas e Industriales\" class=\"read-more\" href=\"https:\/\/upcschool.upc.edu\/blog\/iniciada-con-exito-la-1a-edicion-del-mba-para-empresas-tecnologicas-e-industriales\/\" aria-label=\"Read more about Comienza el MBA para Empresas Tecnol\u00f3gicas e Industriales\">Leer m\u00e1s<\/a><\/p>\n","protected":false},"author":2,"featured_media":16255,"comment_status":"open","ping_status":"open","sticky":false,"template":"","format":"standard","meta":{"footnotes":""},"categories":[24],"tags":[1958,1094,1953,622,33,1951,1326,1954],"class_list":["post-16257","post","type-post","status-publish","format-standard","has-post-thumbnail","hentry","category-management_2","tag-formacion-executive","tag-gestion-empresarial","tag-gestion-empresas-industriales","tag-liderazgo","tag-management-2","tag-mba-empresas-tecnologicas-e-industriales","tag-nuevos-programas-formativos","tag-vicenc-fernandez-alarcon"],"aioseo_notices":[],"_links":{"self":[{"href":"https:\/\/upcschool.upc.edu\/blog\/wp-json\/wp\/v2\/posts\/16257","targetHints":{"allow":["GET"]}}],"collection":[{"href":"https:\/\/upcschool.upc.edu\/blog\/wp-json\/wp\/v2\/posts"}],"about":[{"href":"https:\/\/upcschool.upc.edu\/blog\/wp-json\/wp\/v2\/types\/post"}],"author":[{"embeddable":true,"href":"https:\/\/upcschool.upc.edu\/blog\/wp-json\/wp\/v2\/users\/2"}],"replies":[{"embeddable":true,"href":"https:\/\/upcschool.upc.edu\/blog\/wp-json\/wp\/v2\/comments?post=16257"}],"version-history":[{"count":3,"href":"https:\/\/upcschool.upc.edu\/blog\/wp-json\/wp\/v2\/posts\/16257\/revisions"}],"predecessor-version":[{"id":16293,"href":"https:\/\/upcschool.upc.edu\/blog\/wp-json\/wp\/v2\/posts\/16257\/revisions\/16293"}],"wp:featuredmedia":[{"embeddable":true,"href":"https:\/\/upcschool.upc.edu\/blog\/wp-json\/wp\/v2\/media\/16255"}],"wp:attachment":[{"href":"https:\/\/upcschool.upc.edu\/blog\/wp-json\/wp\/v2\/media?parent=16257"}],"wp:term":[{"taxonomy":"category","embeddable":true,"href":"https:\/\/upcschool.upc.edu\/blog\/wp-json\/wp\/v2\/categories?post=16257"},{"taxonomy":"post_tag","embeddable":true,"href":"https:\/\/upcschool.upc.edu\/blog\/wp-json\/wp\/v2\/tags?post=16257"}],"curies":[{"name":"wp","href":"https:\/\/api.w.org\/{rel}","templated":true}]}}