{"id":16558,"date":"2025-02-06T10:53:57","date_gmt":"2025-02-06T09:53:57","guid":{"rendered":"https:\/\/www.talent.upc.edu\/blog\/?p=16558"},"modified":"2025-03-11T09:18:58","modified_gmt":"2025-03-11T08:18:58","slug":"llega-la-feria-virtual-de-posgrado-upc-del-3-al-7-de-marzo","status":"publish","type":"post","link":"https:\/\/upcschool.upc.edu\/blog\/llega-la-feria-virtual-de-posgrado-upc-del-3-al-7-de-marzo\/","title":{"rendered":"Feria Virtual de Posgrado UPC, hasta el 7 de marzo"},"content":{"rendered":"<p><strong>Del 3 al 7 de marzo<\/strong>, la Universitat Polit\u00e8cnica de Catalunya \u2013 BarcelonaTech (UPC) organiza la <strong>tercera edici\u00f3n de la Feria Virtual de Posgrado UPC<\/strong>, una feria en formato <em>online<\/em> en la cual se informar\u00e1 de la amplia oferta de estudios de posgrado de la Universidad: los m\u00e1steres de formaci\u00f3n permanente que impulsamos desde la UPC School, los m\u00e1steres universitarios y los programas de doctorado.<br \/>\n<!--more--><\/p>\n<p><em>\u00bfEst\u00e1s pensando en cursar un m\u00e1ster o un posgrado? \u00bfTienes dudas sobre qu\u00e9 programa te ayudar\u00e1 mejor a impulsar tu carrera profesional? \u00bfTienes preguntas que s\u00f3lo puede responderte el coordinador de cada programa? \u00bfO sobre los procedimientos de admisi\u00f3n o las becas disponibles?<\/em><\/p>\n<p>Para responder a todas estas y otras cuestiones, la Universitat Polit\u00e8cnica de Catalunya \u2013 BarcelonaTech (UPC) organiza una nueva edici\u00f3n de la Feria Virtual de Posgrado UPC, que tendr\u00e1 lugar del 3 al 7 de marzo y contar\u00e1 con <strong>sesiones informativas en directo,<\/strong> en las cuales se informar\u00e1 sobre la oferta de estudios de posgrado en todos los \u00e1mbitos de especializaci\u00f3n de la UPC: la ingenier\u00eda, la arquitectura, las ciencias y la tecnolog\u00eda.<\/p>\n<p>La feria virtual est\u00e1 organizada en <strong>13 pabellones, que corresponden a los distintos \u00e1mbitos de conocimiento de la Universidad<\/strong>, desde donde se podr\u00e1 acceder a los diferentes stands con informaci\u00f3n de los programas de m\u00e1ster de formaci\u00f3n permanente, m\u00e1steres universitarios y doctorado. Los visitantes ya pueden inscribirse en un amplio programa de sesiones informativas que se realizar\u00e1n durante la semana.<\/p>\n<p>Tambi\u00e9n se programar\u00e1n sesiones espec\u00edficas sobre el procedimiento de preinscripci\u00f3n y acceso a los m\u00e1steres, becas y ayudas, as\u00ed como charlas dirigidas al estudiantado internacional, con informaci\u00f3n sobre los tr\u00e1mites vinculados a la homologaci\u00f3n del t\u00edtulo, los visados \u200b\u200bo el alojamiento, entre otros. La feria contar\u00e1 tambi\u00e9n con un <strong>chat para atender dudas<\/strong> de los distintos programas de posgrado.<\/p>\n","protected":false},"excerpt":{"rendered":"<p>Del 3 al 7 de marzo, la Universitat Polit\u00e8cnica de Catalunya \u2013 BarcelonaTech (UPC) organiza la tercera edici\u00f3n de la Feria Virtual de Posgrado UPC, una feria en formato online en la cual se informar\u00e1 de la amplia oferta de estudios de posgrado de la Universidad: los m\u00e1steres de formaci\u00f3n permanente que impulsamos desde la &#8230; <a title=\"Feria Virtual de Posgrado UPC, hasta el 7 de marzo\" class=\"read-more\" href=\"https:\/\/upcschool.upc.edu\/blog\/llega-la-feria-virtual-de-posgrado-upc-del-3-al-7-de-marzo\/\" aria-label=\"Read more about Feria Virtual de Posgrado UPC, hasta el 7 de marzo\">Leer m\u00e1s<\/a><\/p>\n","protected":false},"author":2,"featured_media":16556,"comment_status":"open","ping_status":"open","sticky":false,"template":"","format":"standard","meta":{"footnotes":""},"categories":[22,578,24,23],"tags":[1820,1128,2088,1822,165,1494],"class_list":["post-16558","post","type-post","status-publish","format-standard","has-post-thumbnail","hentry","category-arquitectura-2","category-ingenieria-2","category-management_2","category-tic-2","tag-feria-de-posgrado-upc","tag-masters-y-posgrados","tag-oferta-formativa-de-posgrado","tag-oferta-formativa-upc-school","tag-sesiones-informativas-2","tag-universitat-politecnica-de-catalunya-2"],"aioseo_notices":[],"_links":{"self":[{"href":"https:\/\/upcschool.upc.edu\/blog\/wp-json\/wp\/v2\/posts\/16558","targetHints":{"allow":["GET"]}}],"collection":[{"href":"https:\/\/upcschool.upc.edu\/blog\/wp-json\/wp\/v2\/posts"}],"about":[{"href":"https:\/\/upcschool.upc.edu\/blog\/wp-json\/wp\/v2\/types\/post"}],"author":[{"embeddable":true,"href":"https:\/\/upcschool.upc.edu\/blog\/wp-json\/wp\/v2\/users\/2"}],"replies":[{"embeddable":true,"href":"https:\/\/upcschool.upc.edu\/blog\/wp-json\/wp\/v2\/comments?post=16558"}],"version-history":[{"count":3,"href":"https:\/\/upcschool.upc.edu\/blog\/wp-json\/wp\/v2\/posts\/16558\/revisions"}],"predecessor-version":[{"id":16675,"href":"https:\/\/upcschool.upc.edu\/blog\/wp-json\/wp\/v2\/posts\/16558\/revisions\/16675"}],"wp:featuredmedia":[{"embeddable":true,"href":"https:\/\/upcschool.upc.edu\/blog\/wp-json\/wp\/v2\/media\/16556"}],"wp:attachment":[{"href":"https:\/\/upcschool.upc.edu\/blog\/wp-json\/wp\/v2\/media?parent=16558"}],"wp:term":[{"taxonomy":"category","embeddable":true,"href":"https:\/\/upcschool.upc.edu\/blog\/wp-json\/wp\/v2\/categories?post=16558"},{"taxonomy":"post_tag","embeddable":true,"href":"https:\/\/upcschool.upc.edu\/blog\/wp-json\/wp\/v2\/tags?post=16558"}],"curies":[{"name":"wp","href":"https:\/\/api.w.org\/{rel}","templated":true}]}}