{"id":17324,"date":"2025-09-30T16:06:29","date_gmt":"2025-09-30T15:06:29","guid":{"rendered":"https:\/\/www.talent.upc.edu\/blog\/?p=17324"},"modified":"2025-10-08T10:42:37","modified_gmt":"2025-10-08T09:42:37","slug":"jornades-de-contactologia-2025","status":"publish","type":"post","link":"https:\/\/upcschool.upc.edu\/blog\/jornades-de-contactologia-2025\/?lang=ca","title":{"rendered":"Jornades de Contactologia 2025"},"content":{"rendered":"<p>La Facultat d\u2019\u00d2ptica i Optometria de Terrassa (FOOT) i el Centre Universitari de la Visi\u00f3 impulsen per al 22 d\u2019octubre de 2025 a Terrassa una nova edici\u00f3 de les <strong>Jornades de Contactologia 2025<\/strong>, un esdeveniment de refer\u00e8ncia que reunir\u00e0 experts d\u2019Espanya, Portugal i Llatinoam\u00e8rica amb l\u2019objectiu de trobar solucions als principals reptes que afronta el sector. La jornada, el cost de la qual est\u00e0 totalment subvencionat, ofereix dues sessions complement\u00e0ries: una sessi\u00f3 del mat\u00ed (presencial a Terrassa o amb possibilitat de <em>live online<\/em>) i sessi\u00f3 de la tarda (<em>online<\/em> en directe). <!--more--><\/p>\n<p><a href=\"https:\/\/upcschool.upc.edu\/blog\/wp-content\/uploads\/2025\/09\/AbandonamentZero_Contactologia.jpg\" target=\"_blank\" rel=\"noopener\"><img loading=\"lazy\" decoding=\"async\" class=\"alignleft wp-image-17325 size-medium\" src=\"https:\/\/upcschool.upc.edu\/blog\/wp-content\/uploads\/2025\/09\/AbandonamentZero_Contactologia-300x153.jpg\" alt=\"\" width=\"300\" height=\"153\" srcset=\"https:\/\/upcschool.upc.edu\/blog\/wp-content\/uploads\/2025\/09\/AbandonamentZero_Contactologia-300x153.jpg 300w, https:\/\/upcschool.upc.edu\/blog\/wp-content\/uploads\/2025\/09\/AbandonamentZero_Contactologia-1024x521.jpg 1024w, https:\/\/upcschool.upc.edu\/blog\/wp-content\/uploads\/2025\/09\/AbandonamentZero_Contactologia-768x391.jpg 768w, https:\/\/upcschool.upc.edu\/blog\/wp-content\/uploads\/2025\/09\/AbandonamentZero_Contactologia.jpg 1100w\" sizes=\"auto, (max-width: 300px) 100vw, 300px\" \/><\/a>Enguany, el fil conductor ser\u00e0 l\u2019<strong>abandonament zero en l\u2019\u00fas de lents de contacte<\/strong>, un comprom\u00eds ferm davant el fet que un percentatge significatiu de pacients deixa d\u2019utilitzar-les per problemes que podrien evitar-se. L\u2019objectiu de la trobada \u00e9s oferir eines, coneixements i estrat\u00e8gies clau que benefici\u00efn tant professionals com usuaris finals.<\/p>\n<p>El format de les <strong>jornades de contactologia 2025<\/strong> permetr\u00e0 aprofundir en el coneixement d&#8217;aspectes te\u00f2rics i pr\u00e0ctics, a partir del <strong>debat directe entre els agents implicats<\/strong>, mitjan\u00e7ant sessions t\u00e8cniques i la presentaci\u00f3, discussi\u00f3 i valoraci\u00f3 de diferents <strong>casos cl\u00ednics<\/strong> en diverses \u00e0rees de coneixement espec\u00edfiques de la contactologia.<\/p>\n<p>El programa est\u00e0 especialment pensat per a \u00f2ptics-optometristes i estudiants de grau i m\u00e0ster que vulguin entendre millor les din\u00e0miques individuals, socials i sectorials que envolten la salut visual i descobrir les tend\u00e8ncies que marquen el present i el futur de la disciplina.<\/p>\n<p><strong>M\u00e9s informaci\u00f3 i inscripcions a les Jornades de Contactologia 2025:\u00a0<\/strong><\/p>\n<p>\u25b6 Sessi\u00f3 del mat\u00ed \u2013 Presencial (Terrassa) o live online<br \/>\nConsulta el programa i inscriu-t&#8217;hi: <a href=\"https:\/\/upcschool.upc.edu\/cat\/estudis\/formacio\/curs\/700700\/capsula-aprenentatge-jornada-contactologia-abandonament-lents-contacte\/?utm_source=Noti&amp;utm_medium=email&amp;utm_campaign=72500700_curso-contactologia\" target=\"_blank\" rel=\"noopener\">Inscripci\u00f3 sessi\u00f3 mat\u00ed<\/a><\/p>\n<p>\u25b6 Sessi\u00f3 de la tarda \u2013 Online en directe<br \/>\nConsulta el programa i inscriu-t&#8217;hi: <a href=\"https:\/\/upcschool.upc.edu\/cat\/estudis\/formacio\/curs\/700701\/capsula-aprenentatge-jornada-contactologia-abandonament-lents-contacte\/?utm_source=noti&amp;utm_medium=email&amp;utm_campaign=72500700_curso-contactologia\" target=\"_blank\" rel=\"noopener\">Inscripci\u00f3 sessi\u00f3 tarda<\/a><\/p>\n","protected":false},"excerpt":{"rendered":"<p>La Facultat d\u2019\u00d2ptica i Optometria de Terrassa (FOOT) i el Centre Universitari de la Visi\u00f3 impulsen per al 22 d\u2019octubre de 2025 a Terrassa una nova edici\u00f3 de les Jornades de Contactologia 2025, un esdeveniment de refer\u00e8ncia que reunir\u00e0 experts d\u2019Espanya, Portugal i Llatinoam\u00e8rica amb l\u2019objectiu de trobar solucions als principals reptes que afronta el &#8230; <a title=\"Jornades de Contactologia 2025\" class=\"read-more\" href=\"https:\/\/upcschool.upc.edu\/blog\/jornades-de-contactologia-2025\/?lang=ca\" aria-label=\"Read more about Jornades de Contactologia 2025\">Leer m\u00e1s<\/a><\/p>\n","protected":false},"author":2,"featured_media":17327,"comment_status":"open","ping_status":"open","sticky":false,"template":"","format":"standard","meta":{"footnotes":""},"categories":[202],"tags":[2279,2272,2278,2277,2276,2291,2275,2273,1218,2274,2271],"class_list":["post-17324","post","type-post","status-publish","format-standard","has-post-thumbnail","hentry","category-salut","tag-centre-de-la-visio","tag-contactologia","tag-facultat-doptica","tag-foot","tag-jornada-contactologia","tag-jornades-contactologia-2025","tag-jornades-salut-visual","tag-lents-de-contacte","tag-optica","tag-salut-ocular","tag-salut-visual"],"aioseo_notices":[],"_links":{"self":[{"href":"https:\/\/upcschool.upc.edu\/blog\/wp-json\/wp\/v2\/posts\/17324","targetHints":{"allow":["GET"]}}],"collection":[{"href":"https:\/\/upcschool.upc.edu\/blog\/wp-json\/wp\/v2\/posts"}],"about":[{"href":"https:\/\/upcschool.upc.edu\/blog\/wp-json\/wp\/v2\/types\/post"}],"author":[{"embeddable":true,"href":"https:\/\/upcschool.upc.edu\/blog\/wp-json\/wp\/v2\/users\/2"}],"replies":[{"embeddable":true,"href":"https:\/\/upcschool.upc.edu\/blog\/wp-json\/wp\/v2\/comments?post=17324"}],"version-history":[{"count":7,"href":"https:\/\/upcschool.upc.edu\/blog\/wp-json\/wp\/v2\/posts\/17324\/revisions"}],"predecessor-version":[{"id":17358,"href":"https:\/\/upcschool.upc.edu\/blog\/wp-json\/wp\/v2\/posts\/17324\/revisions\/17358"}],"wp:featuredmedia":[{"embeddable":true,"href":"https:\/\/upcschool.upc.edu\/blog\/wp-json\/wp\/v2\/media\/17327"}],"wp:attachment":[{"href":"https:\/\/upcschool.upc.edu\/blog\/wp-json\/wp\/v2\/media?parent=17324"}],"wp:term":[{"taxonomy":"category","embeddable":true,"href":"https:\/\/upcschool.upc.edu\/blog\/wp-json\/wp\/v2\/categories?post=17324"},{"taxonomy":"post_tag","embeddable":true,"href":"https:\/\/upcschool.upc.edu\/blog\/wp-json\/wp\/v2\/tags?post=17324"}],"curies":[{"name":"wp","href":"https:\/\/api.w.org\/{rel}","templated":true}]}}