{"id":17381,"date":"2025-10-10T12:12:39","date_gmt":"2025-10-10T11:12:39","guid":{"rendered":"https:\/\/www.talent.upc.edu\/blog\/?p=17381"},"modified":"2025-10-10T12:13:53","modified_gmt":"2025-10-10T11:13:53","slug":"la-upc-school-participa-en-el-xii-unite-dialogue-en-aalto-university-finlandia","status":"publish","type":"post","link":"https:\/\/upcschool.upc.edu\/blog\/la-upc-school-participa-en-el-xii-unite-dialogue-en-aalto-university-finlandia\/","title":{"rendered":"La UPC School participa en el XII Unite! Dialogue en Aalto University (Finlandia)"},"content":{"rendered":"<p>Del 6 al 9 de octubre de 2025, Gerard Campanera, director ejecutivo de la Fundaci\u00f3 Polit\u00e8cnica de Catalunya (FPC), ha participado, en representaci\u00f3n de la UPC School, en el <b>12.\u00ba<\/b> <b>Unite! Dialogue, celebrado en la Universidad Aalto de Finlandia<\/b>. El encuentro ha reunido a cerca de 300 participantes de las 9 universidades socias de la red Unite! \u2014entre ellas la UPC\u2014 con el objetivo de impulsar proyectos conjuntos y profundizar en la cooperaci\u00f3n en educaci\u00f3n, investigaci\u00f3n e innovaci\u00f3n.<!--more--><\/p>\n<p><a href=\"https:\/\/upcschool.upc.edu\/blog\/wp-content\/uploads\/2025\/10\/Unite_Inauguracio-300x225.jpg\" target=\"_blank\" rel=\"noopener\"><img loading=\"lazy\" decoding=\"async\" class=\"alignleft wp-image-17373 size-medium\" src=\"https:\/\/upcschool.upc.edu\/blog\/wp-content\/uploads\/2025\/10\/Unite_Inauguracio-300x225.jpg\" alt=\"\" width=\"300\" height=\"225\" srcset=\"https:\/\/upcschool.upc.edu\/blog\/wp-content\/uploads\/2025\/10\/Unite_Inauguracio-300x225.jpg 300w, https:\/\/upcschool.upc.edu\/blog\/wp-content\/uploads\/2025\/10\/Unite_Inauguracio-1024x768.jpg 1024w, https:\/\/upcschool.upc.edu\/blog\/wp-content\/uploads\/2025\/10\/Unite_Inauguracio-768x576.jpg 768w, https:\/\/upcschool.upc.edu\/blog\/wp-content\/uploads\/2025\/10\/Unite_Inauguracio-1536x1152.jpg 1536w, https:\/\/upcschool.upc.edu\/blog\/wp-content\/uploads\/2025\/10\/Unite_Inauguracio-500x375.jpg 500w, https:\/\/upcschool.upc.edu\/blog\/wp-content\/uploads\/2025\/10\/Unite_Inauguracio.jpg 2000w\" sizes=\"auto, (max-width: 300px) 100vw, 300px\" \/><\/a>Bajo el <b>lema \u201cConectar y colaborar\u201d<\/b>, esta edici\u00f3n se ha centrado en apoyar a investigadores e investigadoras en las primeras etapas de su carrera. Las actividades han incluido sesiones de trabajo en grupos reducidos, lideradas por acad\u00e9micos de la Universidad Aalto, as\u00ed como sesiones <i>mix and match<\/i> para fomentar el contacto entre participantes de perfiles diversos y generar nuevas ideas e iniciativas. Tambi\u00e9n se han realizado visitas guiadas a laboratorios e infraestructuras de investigaci\u00f3n, como el Observatorio de Radio Mets\u00e4hovi, el Aalto Ice Tank y las instalaciones de Science-IT.<\/p>\n<p>La red <b>Unite! (<em>University Network for Innovation, Technology and Engineering<\/em>)<\/b> es una alianza de universidades tecnol\u00f3gicas que trabaja para impulsar la construcci\u00f3n del futuro Espacio Europeo de Educaci\u00f3n Superior. La <b>UPC School<\/b>, como escuela de formaci\u00f3n a lo largo de la vida de la UPC, participa activamente <b>coordinando la<\/b> <b>Comunidad 8.5 (CM8.5): \u201c<\/b><b><i>Developing LLL programmes (microcredentials) to support the green transition in the extended environment of Unite!<\/i><\/b><b>\u201d<\/b>, centrada en el dise\u00f1o de itinerarios formativos de <i>upskilling<\/i> y <i>reskilling<\/i> en el \u00e1mbito de la transici\u00f3n energ\u00e9tica verde.<\/p>\n<p><a href=\"https:\/\/upcschool.upc.edu\/blog\/wp-content\/uploads\/2025\/10\/Aalto_University-1-300x225.jpg\" target=\"_blank\" rel=\"noopener\"><img loading=\"lazy\" decoding=\"async\" class=\"alignleft wp-image-17377 size-medium\" src=\"https:\/\/upcschool.upc.edu\/blog\/wp-content\/uploads\/2025\/10\/Aalto_University-1-300x225.jpg\" alt=\"\" width=\"300\" height=\"225\" srcset=\"https:\/\/upcschool.upc.edu\/blog\/wp-content\/uploads\/2025\/10\/Aalto_University-1-300x225.jpg 300w, https:\/\/upcschool.upc.edu\/blog\/wp-content\/uploads\/2025\/10\/Aalto_University-1-1024x768.jpg 1024w, https:\/\/upcschool.upc.edu\/blog\/wp-content\/uploads\/2025\/10\/Aalto_University-1-768x576.jpg 768w, https:\/\/upcschool.upc.edu\/blog\/wp-content\/uploads\/2025\/10\/Aalto_University-1-1536x1152.jpg 1536w, https:\/\/upcschool.upc.edu\/blog\/wp-content\/uploads\/2025\/10\/Aalto_University-1-500x375.jpg 500w, https:\/\/upcschool.upc.edu\/blog\/wp-content\/uploads\/2025\/10\/Aalto_University-1.jpg 2000w\" sizes=\"auto, (max-width: 300px) 100vw, 300px\" \/><\/a>Con esta participaci\u00f3n, la UPC School reafirma su compromiso con una formaci\u00f3n orientada al crecimiento sostenible, al mismo tiempo que refuerza los v\u00ednculos con la comunidad acad\u00e9mica y profesional a escala europea.<\/p>\n<p>La alianza Unite! est\u00e1 formada por 9 universidades de referencia en los \u00e1mbitos de la ingenier\u00eda, la ciencia, la tecnolog\u00eda y la arquitectura: la<a href=\"https:\/\/www.upc.edu\" target=\"_blank\" rel=\"noopener\"> UPC<\/a>,<a href=\"https:\/\/www.aalto.fi\/en\" target=\"_blank\" rel=\"noopener\"> Aalto University<\/a> (Finlandia),<a href=\"https:\/\/www.tugraz.at\/en\/home\/\" target=\"_blank\" rel=\"noopener\"> Graz University of Technology<\/a> (Austria),<a href=\"https:\/\/www.grenoble-inp.fr\/\" target=\"_blank\" rel=\"noopener\"> Grenoble INP-UGA<\/a> (Francia),<a href=\"https:\/\/www.kth.se\/\" target=\"_blank\" rel=\"noopener\"> KTH Royal Institute of Technology<\/a> (Suecia),<a href=\"https:\/\/www.polito.it\/\" target=\"_blank\" rel=\"noopener\"> Politecnico di Torino<\/a> (Italia),<a href=\"https:\/\/www.tu-darmstadt.de\/\" target=\"_blank\" rel=\"noopener\"> Technische Universit\u00e4t Darmstadt<\/a> (Alemania),<a href=\"https:\/\/www.ulisboa.pt\/\" target=\"_blank\" rel=\"noopener\"> Universidade de Lisboa<\/a> (Portugal) y<a href=\"https:\/\/pwr.edu.pl\/en\/\" target=\"_blank\" rel=\"noopener\"> Wroc\u0142aw University of Science and Technology<\/a> (Polonia).<\/p>\n","protected":false},"excerpt":{"rendered":"<p>Del 6 al 9 de octubre de 2025, Gerard Campanera, director ejecutivo de la Fundaci\u00f3 Polit\u00e8cnica de Catalunya (FPC), ha participado, en representaci\u00f3n de la UPC School, en el 12.\u00ba Unite! Dialogue, celebrado en la Universidad Aalto de Finlandia. El encuentro ha reunido a cerca de 300 participantes de las 9 universidades socias de la &#8230; <a title=\"La UPC School participa en el XII Unite! Dialogue en Aalto University (Finlandia)\" class=\"read-more\" href=\"https:\/\/upcschool.upc.edu\/blog\/la-upc-school-participa-en-el-xii-unite-dialogue-en-aalto-university-finlandia\/\" aria-label=\"Read more about La UPC School participa en el XII Unite! Dialogue en Aalto University (Finlandia)\">Leer m\u00e1s<\/a><\/p>\n","protected":false},"author":2,"featured_media":17376,"comment_status":"open","ping_status":"open","sticky":false,"template":"","format":"standard","meta":{"footnotes":""},"categories":[472],"tags":[2118,1862,2310,1562,2199,2117,1104,2309],"class_list":["post-17381","post","type-post","status-publish","format-standard","has-post-thumbnail","hentry","category-institucional-2","tag-alianza-de-universidades-unite","tag-alianzas-institucionales","tag-cooperacion-europea","tag-microcredenciales","tag-microcredenciales-universitarias","tag-red-unite","tag-transicion-energetica","tag-transicion-verde"],"aioseo_notices":[],"_links":{"self":[{"href":"https:\/\/upcschool.upc.edu\/blog\/wp-json\/wp\/v2\/posts\/17381","targetHints":{"allow":["GET"]}}],"collection":[{"href":"https:\/\/upcschool.upc.edu\/blog\/wp-json\/wp\/v2\/posts"}],"about":[{"href":"https:\/\/upcschool.upc.edu\/blog\/wp-json\/wp\/v2\/types\/post"}],"author":[{"embeddable":true,"href":"https:\/\/upcschool.upc.edu\/blog\/wp-json\/wp\/v2\/users\/2"}],"replies":[{"embeddable":true,"href":"https:\/\/upcschool.upc.edu\/blog\/wp-json\/wp\/v2\/comments?post=17381"}],"version-history":[{"count":2,"href":"https:\/\/upcschool.upc.edu\/blog\/wp-json\/wp\/v2\/posts\/17381\/revisions"}],"predecessor-version":[{"id":17383,"href":"https:\/\/upcschool.upc.edu\/blog\/wp-json\/wp\/v2\/posts\/17381\/revisions\/17383"}],"wp:featuredmedia":[{"embeddable":true,"href":"https:\/\/upcschool.upc.edu\/blog\/wp-json\/wp\/v2\/media\/17376"}],"wp:attachment":[{"href":"https:\/\/upcschool.upc.edu\/blog\/wp-json\/wp\/v2\/media?parent=17381"}],"wp:term":[{"taxonomy":"category","embeddable":true,"href":"https:\/\/upcschool.upc.edu\/blog\/wp-json\/wp\/v2\/categories?post=17381"},{"taxonomy":"post_tag","embeddable":true,"href":"https:\/\/upcschool.upc.edu\/blog\/wp-json\/wp\/v2\/tags?post=17381"}],"curies":[{"name":"wp","href":"https:\/\/api.w.org\/{rel}","templated":true}]}}