{"id":17401,"date":"2025-10-14T11:42:58","date_gmt":"2025-10-14T10:42:58","guid":{"rendered":"https:\/\/www.talent.upc.edu\/blog\/?p=17401"},"modified":"2025-10-14T11:45:30","modified_gmt":"2025-10-14T10:45:30","slug":"tres-alumnes-del-master-en-lighting-design-participen-en-el-festival-lights-in-alingsas-2025","status":"publish","type":"post","link":"https:\/\/upcschool.upc.edu\/blog\/tres-alumnes-del-master-en-lighting-design-participen-en-el-festival-lights-in-alingsas-2025\/?lang=ca","title":{"rendered":"Tres alumnes del m\u00e0ster en Lighting Design participen en el festival Lights in Alings\u00e5s 2025"},"content":{"rendered":"<p><strong>Julissa Huaman\u00ed, Aleksandra Janas <\/strong>i <strong>Daniella Quiroz<\/strong>, estudiants del <strong><a href=\"https:\/\/upcschool.upc.edu\/cat\/estudis\/formacio\/curs\/211700\/master-formacio-permanent-lighting-design-disseny-illuminacio-arquitectonica\/\" target=\"_blank\" rel=\"noopener\">m\u00e0ster de formaci\u00f3 permanent en Lighting Design. Disseny d&#8217;Il\u00b7luminaci\u00f3 Arquitect\u00f2nica<\/a><\/strong>, han participat en l\u2019edici\u00f3 2025 del reconegut festival <a href=\"https:\/\/www.lightsinalingsas.se\/\" target=\"_blank\" rel=\"noopener\"><strong>Lights in Alings\u00e5s<\/strong><\/a>, celebrat a Su\u00e8cia. Fidel al seu comprom\u00eds amb el talent jove, <a href=\"https:\/\/www.lightecture.com\/\" target=\"_blank\" rel=\"noopener\">Lightecture<\/a> atorga cada any beques als estudiants participants en aquesta experi\u00e8ncia, donant vida a les instal\u00b7lacions lum\u00edniques que transformen els diferents espais de la ciutat.<!--more--><\/p>\n<p><a href=\"https:\/\/upcschool.upc.edu\/blog\/wp-content\/uploads\/2025\/10\/Alignass-300x169.jpg\" target=\"_blank\" rel=\"noopener\"><img loading=\"lazy\" decoding=\"async\" class=\"alignleft wp-image-17393 size-medium\" src=\"https:\/\/upcschool.upc.edu\/blog\/wp-content\/uploads\/2025\/10\/Alignass-300x169.jpg\" alt=\"\" width=\"300\" height=\"169\" srcset=\"https:\/\/upcschool.upc.edu\/blog\/wp-content\/uploads\/2025\/10\/Alignass-300x169.jpg 300w, https:\/\/upcschool.upc.edu\/blog\/wp-content\/uploads\/2025\/10\/Alignass-1024x576.jpg 1024w, https:\/\/upcschool.upc.edu\/blog\/wp-content\/uploads\/2025\/10\/Alignass-768x432.jpg 768w, https:\/\/upcschool.upc.edu\/blog\/wp-content\/uploads\/2025\/10\/Alignass-1536x864.jpg 1536w, https:\/\/upcschool.upc.edu\/blog\/wp-content\/uploads\/2025\/10\/Alignass.jpg 1600w\" sizes=\"auto, (max-width: 300px) 100vw, 300px\" \/><\/a>El taller Lights in Alings\u00e5s combina el car\u00e0cter formatiu d\u2019un <strong><em>workshop<\/em> internacional de disseny d\u2019il\u00b7luminaci\u00f3<\/strong> amb la celebraci\u00f3 d\u2019un festival urb\u00e0 obert al p\u00fablic. Durant una intensa setmana de treball \u2014enguany, del 27 de setembre al 4 d\u2019octubre\u2014, els participants dissenyen i construeixen les instal\u00b7lacions lum\u00edniques que, posteriorment, s\u2019exposen durant tot el mes d\u2019octubre en diferents localitzacions de la ciutat. El resultat \u00e9s una experi\u00e8ncia \u00fanica que uneix aprenentatge, experimentaci\u00f3 i creaci\u00f3 art\u00edstica en un mateix projecte col\u00b7lectiu.<\/p>\n<p><strong>Una experi\u00e8ncia d\u2019aprenentatge, creaci\u00f3 i col\u00b7laboraci\u00f3<\/strong><\/p>\n<p><a href=\"https:\/\/upcschool.upc.edu\/blog\/wp-content\/uploads\/2025\/10\/AlignassEnergy-150x150.jpg\" target=\"_blank\" rel=\"noopener\"><img loading=\"lazy\" decoding=\"async\" class=\"alignleft wp-image-17389 size-thumbnail\" src=\"https:\/\/upcschool.upc.edu\/blog\/wp-content\/uploads\/2025\/10\/AlignassEnergy-150x150.jpg\" alt=\"\" width=\"150\" height=\"150\" \/><\/a>El <em>workshop<\/em> Lights in Alings\u00e5s ofereix als estudiants l\u2019oportunitat de participar en totes les fases del proc\u00e9s creatiu, des del disseny conceptual fins a l\u2019execuci\u00f3 t\u00e8cnica de les instal\u00b7lacions. En el marc d\u2019aquesta edici\u00f3, Julissa Huaman\u00ed va formar part de l\u2019equip encarregat d\u2019<strong>il\u00b7luminar la seu d\u2019oficines d\u2019Alings\u00e5s Energy<\/strong>, on la llum es va utilitzar per real\u00e7ar l\u2019arquitectura i reflectir els valors de sostenibilitat de la companyia. Per la seva banda, Daniella Lucciana Quiroz i Aleksandra Janas van col\u00b7laborar en el disseny i implementaci\u00f3 d\u2019una <strong>instal\u00b7laci\u00f3 que il\u00b7luminava un tram del riu i un petit bosc<\/strong>, explorant el di\u00e0leg entre natura, reflexos i moviment mitjan\u00e7ant recursos lum\u00ednics inspirats en el llenguatge cinematogr\u00e0fic.<\/p>\n<p><a href=\"https:\/\/upcschool.upc.edu\/blog\/wp-content\/uploads\/2025\/10\/Puente_Alignass-150x150.jpg\" target=\"_blank\" rel=\"noopener\"><img loading=\"lazy\" decoding=\"async\" class=\"alignleft wp-image-17391 size-thumbnail\" src=\"https:\/\/upcschool.upc.edu\/blog\/wp-content\/uploads\/2025\/10\/Puente_Alignass-150x150.jpg\" alt=\"\" width=\"150\" height=\"150\" \/><\/a>Les tres alumnes destaquen que l\u2019experi\u00e8ncia ha estat profundament enriquidora, tant a escala professional com personal. Participar a Lights in Alings\u00e5s els ha perm\u00e8s col\u00b7laborar amb dissenyadors i t\u00e8cnics de diferents pa\u00efsos, compartir visions diverses sobre la llum i descobrir noves formes d\u2019integrar la il\u00b7luminaci\u00f3 en l\u2019entorn arquitect\u00f2nic i urb\u00e0.<\/p>\n<p>&nbsp;<\/p>\n","protected":false},"excerpt":{"rendered":"<p>Julissa Huaman\u00ed, Aleksandra Janas i Daniella Quiroz, estudiants del m\u00e0ster de formaci\u00f3 permanent en Lighting Design. Disseny d&#8217;Il\u00b7luminaci\u00f3 Arquitect\u00f2nica, han participat en l\u2019edici\u00f3 2025 del reconegut festival Lights in Alings\u00e5s, celebrat a Su\u00e8cia. Fidel al seu comprom\u00eds amb el talent jove, Lightecture atorga cada any beques als estudiants participants en aquesta experi\u00e8ncia, donant vida a &#8230; <a title=\"Tres alumnes del m\u00e0ster en Lighting Design participen en el festival Lights in Alings\u00e5s 2025\" class=\"read-more\" href=\"https:\/\/upcschool.upc.edu\/blog\/tres-alumnes-del-master-en-lighting-design-participen-en-el-festival-lights-in-alingsas-2025\/?lang=ca\" aria-label=\"Read more about Tres alumnes del m\u00e0ster en Lighting Design participen en el festival Lights in Alings\u00e5s 2025\">Leer m\u00e1s<\/a><\/p>\n","protected":false},"author":2,"featured_media":17396,"comment_status":"open","ping_status":"open","sticky":false,"template":"","format":"standard","meta":{"footnotes":""},"categories":[5,10,310],"tags":[2318,79,2319,2316,1457,2317,1456],"class_list":["post-17401","post","type-post","status-publish","format-standard","has-post-thumbnail","hentry","category-arquitectura","category-disseny","category-lighting-design","tag-estudiants-master-lighting-design","tag-lighting-design_2","tag-lights-in-alingsas-ca","tag-master-disseny-illuminacio","tag-master-lighting-design-ca","tag-workshop-disseny-dilluminacio","tag-workshop-illuminacio"],"aioseo_notices":[],"_links":{"self":[{"href":"https:\/\/upcschool.upc.edu\/blog\/wp-json\/wp\/v2\/posts\/17401","targetHints":{"allow":["GET"]}}],"collection":[{"href":"https:\/\/upcschool.upc.edu\/blog\/wp-json\/wp\/v2\/posts"}],"about":[{"href":"https:\/\/upcschool.upc.edu\/blog\/wp-json\/wp\/v2\/types\/post"}],"author":[{"embeddable":true,"href":"https:\/\/upcschool.upc.edu\/blog\/wp-json\/wp\/v2\/users\/2"}],"replies":[{"embeddable":true,"href":"https:\/\/upcschool.upc.edu\/blog\/wp-json\/wp\/v2\/comments?post=17401"}],"version-history":[{"count":5,"href":"https:\/\/upcschool.upc.edu\/blog\/wp-json\/wp\/v2\/posts\/17401\/revisions"}],"predecessor-version":[{"id":17406,"href":"https:\/\/upcschool.upc.edu\/blog\/wp-json\/wp\/v2\/posts\/17401\/revisions\/17406"}],"wp:featuredmedia":[{"embeddable":true,"href":"https:\/\/upcschool.upc.edu\/blog\/wp-json\/wp\/v2\/media\/17396"}],"wp:attachment":[{"href":"https:\/\/upcschool.upc.edu\/blog\/wp-json\/wp\/v2\/media?parent=17401"}],"wp:term":[{"taxonomy":"category","embeddable":true,"href":"https:\/\/upcschool.upc.edu\/blog\/wp-json\/wp\/v2\/categories?post=17401"},{"taxonomy":"post_tag","embeddable":true,"href":"https:\/\/upcschool.upc.edu\/blog\/wp-json\/wp\/v2\/tags?post=17401"}],"curies":[{"name":"wp","href":"https:\/\/api.w.org\/{rel}","templated":true}]}}