{"id":17948,"date":"2026-02-19T16:32:12","date_gmt":"2026-02-19T15:32:12","guid":{"rendered":"https:\/\/upcschool.upc.edu\/blog\/?p=17948"},"modified":"2026-02-19T16:36:07","modified_gmt":"2026-02-19T15:36:07","slug":"schneider-electric-y-la-upc-lanzan-un-posgrado-en-gestion-energetica-para-centros-de-datos","status":"publish","type":"post","link":"https:\/\/upcschool.upc.edu\/blog\/schneider-electric-y-la-upc-lanzan-un-posgrado-en-gestion-energetica-para-centros-de-datos\/","title":{"rendered":"Schneider Electric y la UPC lanzan un posgrado en gesti\u00f3n energ\u00e9tica para centros de datos"},"content":{"rendered":"<p>La iniciativa formativa responde al crecimiento del sector y a la necesidad de perfiles especializados en eficiencia energ\u00e9tica y refrigeraci\u00f3n avanzada. Incorpora contenido creado por Schneider Electric y la UPC, simulaci\u00f3n de escenarios reales, integraci\u00f3n de almacenamiento y an\u00e1lisis de flexibilidad energ\u00e9tica. Comenzar\u00e1 este mes de mayo, con sesiones regulares <em>live online<\/em> y una presencialidad reservada \u00fanicamente para las sesiones de inicio y final en las instalaciones de Schneider. <!--more--><\/p>\n<p><a href=\"https:\/\/www.se.com\/es\/es\/\" target=\"_blank\" rel=\"noopener\"><strong>Schneider Electric<\/strong><\/a>, l\u00edder global en tecnolog\u00eda energ\u00e9tica, y la <strong>Universitat Polit\u00e8cnica de Catalunya &#8211; BarcelonaTech (UPC)<\/strong>, en el marco de Conn\u00e8xia UPC y a trav\u00e9s de la UPC School, impulsan el nuevo <strong><a href=\"https:\/\/upcschool.upc.edu\/esp\/estudis\/formacio\/curs\/331300\/postgrau-gestio-energetica-centres-dades\/\" target=\"_blank\" rel=\"noopener\" data-linktype=\"external\" data-val=\"https:\/\/upcschool.upc.edu\/cat\/estudis\/formacio\/curs\/331300\/postgrau-gestio-energetica-centres-dades\/\">posgrado en Gesti\u00f3n Energ\u00e9tica en Centros de Datos<\/a><\/strong>. Este programa, de corta duraci\u00f3n y con contenido especializado, est\u00e1 orientado a preparar perfiles de ingenier\u00eda y profesionales t\u00e9cnicos para afrontar los retos energ\u00e9ticos, operativos y de sostenibilidad de estas infraestructuras cr\u00edticas.<\/p>\n<p><a href=\"https:\/\/upcschool.upc.edu\/blog\/wp-content\/uploads\/2026\/02\/DataCenter_Schneider-scaled.jpg\" target=\"_blank\" rel=\"noopener\"><img loading=\"lazy\" decoding=\"async\" class=\"alignleft wp-image-17936 size-medium\" src=\"https:\/\/upcschool.upc.edu\/blog\/wp-content\/uploads\/2026\/02\/DataCenter_Schneider-300x200.jpg\" alt=\"\" width=\"300\" height=\"200\" srcset=\"https:\/\/upcschool.upc.edu\/blog\/wp-content\/uploads\/2026\/02\/DataCenter_Schneider-300x200.jpg 300w, https:\/\/upcschool.upc.edu\/blog\/wp-content\/uploads\/2026\/02\/DataCenter_Schneider-1024x683.jpg 1024w, https:\/\/upcschool.upc.edu\/blog\/wp-content\/uploads\/2026\/02\/DataCenter_Schneider-768x512.jpg 768w, https:\/\/upcschool.upc.edu\/blog\/wp-content\/uploads\/2026\/02\/DataCenter_Schneider-1536x1024.jpg 1536w, https:\/\/upcschool.upc.edu\/blog\/wp-content\/uploads\/2026\/02\/DataCenter_Schneider-2048x1365.jpg 2048w\" sizes=\"auto, (max-width: 300px) 100vw, 300px\" \/><\/a>El lanzamiento se enmarca en un contexto de <strong>fuerte crecimiento del sector de los centros de datos en Europa<\/strong>, impulsado por la digitalizaci\u00f3n, la inteligencia artificial y la expansi\u00f3n de los servicios <em>cloud<\/em>. Un crecimiento en el que Espa\u00f1a \u2014especialmente comunidades como Madrid, Catalu\u00f1a y Arag\u00f3n\u2014 se est\u00e1 consolidando como uno de los principales polos europeos gracias a su infraestructura, su ubicaci\u00f3n estrat\u00e9gica y su capacidad de atraer inversi\u00f3n internacional. Este escenario no solo est\u00e1 incrementando la demanda el\u00e9ctrica y la complejidad t\u00e9cnica de estas instalaciones, sino tambi\u00e9n la necesidad de perfiles especializados capaces de <strong>gestionar infraestructuras energ\u00e9ticas cada vez m\u00e1s exigentes<\/strong>. En este contexto, la formaci\u00f3n t\u00e9cnica avanzada se convierte en un elemento clave para responder a los retos operativos y de sostenibilidad del sector.<\/p>\n<p>La formaci\u00f3n se estructura en tres m\u00f3dulos enfocados en la <strong>gesti\u00f3n energ\u00e9tica avanzada<\/strong>, la innovaci\u00f3n en <strong>sistemas de refrigeraci\u00f3n y control<\/strong>, y el dise\u00f1o y operaci\u00f3n de <strong>microredes AC, DC e h\u00edbridas<\/strong> aplicadas a centros de datos. Adem\u00e1s, aborda el an\u00e1lisis del mercado europeo e ib\u00e9rico, el estudio de tarifas el\u00e9ctricas, la monitorizaci\u00f3n del rendimiento energ\u00e9tico, las estrategias de optimizaci\u00f3n y la simulaci\u00f3n de escenarios operativos.<\/p>\n<p>Entre los contenidos, elaborados por profesionales de Schneider Electric y profesorado de la UPC, destacan el an\u00e1lisis de consumos reales y la aplicaci\u00f3n de estrategias basadas en reglas y optimizaci\u00f3n matem\u00e1tica para mejorar su rendimiento energ\u00e9tico. Tambi\u00e9n incluye la simulaci\u00f3n de convertidores AC\/DC y DC\/DC, as\u00ed como la integraci\u00f3n de almacenamiento energ\u00e9tico y sistemas de control en entornos conectados a red (<em>grid-connected<\/em>) o en funcionamiento aislado (<em>off-grid<\/em>).<\/p>\n<p><a href=\"https:\/\/upcschool.upc.edu\/blog\/wp-content\/uploads\/2026\/02\/DataCenter_Schneider2-scaled.jpg\" target=\"_blank\" rel=\"noopener\"><img loading=\"lazy\" decoding=\"async\" class=\"alignleft wp-image-17942 size-medium\" src=\"https:\/\/upcschool.upc.edu\/blog\/wp-content\/uploads\/2026\/02\/DataCenter_Schneider2-300x197.jpg\" alt=\"\" width=\"300\" height=\"197\" srcset=\"https:\/\/upcschool.upc.edu\/blog\/wp-content\/uploads\/2026\/02\/DataCenter_Schneider2-300x197.jpg 300w, https:\/\/upcschool.upc.edu\/blog\/wp-content\/uploads\/2026\/02\/DataCenter_Schneider2-1024x672.jpg 1024w, https:\/\/upcschool.upc.edu\/blog\/wp-content\/uploads\/2026\/02\/DataCenter_Schneider2-768x504.jpg 768w, https:\/\/upcschool.upc.edu\/blog\/wp-content\/uploads\/2026\/02\/DataCenter_Schneider2-1536x1008.jpg 1536w, https:\/\/upcschool.upc.edu\/blog\/wp-content\/uploads\/2026\/02\/DataCenter_Schneider2-2048x1344.jpg 2048w\" sizes=\"auto, (max-width: 300px) 100vw, 300px\" \/><\/a>Estas capacidades permiten reforzar la resiliencia energ\u00e9tica de los centros de datos y evaluar mecanismos de flexibilidad y servicios de apoyo a la red, con impacto directo en la eficiencia y la continuidad operativa.<\/p>\n<p>Uno de los elementos diferenciales de esta iniciativa formativa es su orientaci\u00f3n pr\u00e1ctica. Los participantes desarrollar\u00e1n un proyecto aplicado basado en <strong>retos reales del ecosistema Schneider Electric<\/strong>, que culminar\u00e1 en un <strong>Demo Day<\/strong> ante representantes de la compa\u00f1\u00eda, favoreciendo la transferencia de conocimiento y la identificaci\u00f3n de talento especializado.<\/p>\n<p>La formaci\u00f3n, subvencionada en m\u00e1s de un 85% por Schneider Electric, comenzar\u00e1 el pr\u00f3ximo mes de mayo y contar\u00e1 con una carga lectiva de 9 cr\u00e9ditos ECTS (56 horas lectivas). Se impartir\u00e1 en modalidad semipresencial, con sesiones de inicio y cierre en las instalaciones de Schneider Electric en Barcelona y el resto en formato <em>live online<\/em>. Se ofrecen 25 plazas y, tras completar el posgrado, se obtendr\u00e1 un <strong>diploma de experto expedido por la UPC<\/strong>.<\/p>\n","protected":false},"excerpt":{"rendered":"<p>La iniciativa formativa responde al crecimiento del sector y a la necesidad de perfiles especializados en eficiencia energ\u00e9tica y refrigeraci\u00f3n avanzada. Incorpora contenido creado por Schneider Electric y la UPC, simulaci\u00f3n de escenarios reales, integraci\u00f3n de almacenamiento y an\u00e1lisis de flexibilidad energ\u00e9tica. Comenzar\u00e1 este mes de mayo, con sesiones regulares live online y una presencialidad &#8230; <a title=\"Schneider Electric y la UPC lanzan un posgrado en gesti\u00f3n energ\u00e9tica para centros de datos\" class=\"read-more\" href=\"https:\/\/upcschool.upc.edu\/blog\/schneider-electric-y-la-upc-lanzan-un-posgrado-en-gestion-energetica-para-centros-de-datos\/\" aria-label=\"Read more about Schneider Electric y la UPC lanzan un posgrado en gesti\u00f3n energ\u00e9tica para centros de datos\">Leer m\u00e1s<\/a><\/p>\n","protected":false},"author":2,"featured_media":17940,"comment_status":"open","ping_status":"open","sticky":false,"template":"","format":"standard","meta":{"footnotes":""},"categories":[218,190,578,27,23],"tags":[2501,1693,2504,2505,2506,2503,2507,2502],"class_list":["post-17948","post","type-post","status-publish","format-standard","has-post-thumbnail","hentry","category-convenios-de-colaboracion","category-energia-y-electricidad","category-ingenieria-2","category-sostenibilidad-2","category-tic-2","tag-centros-de-datos","tag-connexia-upc-2","tag-gestion-energetica","tag-gestion-energetica-para-centros-de-datos","tag-posgrado-en-gestion-energetica-para-centros-de-datos","tag-refrigeracion-avanzada","tag-schneider-electric","tag-servidores"],"aioseo_notices":[],"_links":{"self":[{"href":"https:\/\/upcschool.upc.edu\/blog\/wp-json\/wp\/v2\/posts\/17948","targetHints":{"allow":["GET"]}}],"collection":[{"href":"https:\/\/upcschool.upc.edu\/blog\/wp-json\/wp\/v2\/posts"}],"about":[{"href":"https:\/\/upcschool.upc.edu\/blog\/wp-json\/wp\/v2\/types\/post"}],"author":[{"embeddable":true,"href":"https:\/\/upcschool.upc.edu\/blog\/wp-json\/wp\/v2\/users\/2"}],"replies":[{"embeddable":true,"href":"https:\/\/upcschool.upc.edu\/blog\/wp-json\/wp\/v2\/comments?post=17948"}],"version-history":[{"count":3,"href":"https:\/\/upcschool.upc.edu\/blog\/wp-json\/wp\/v2\/posts\/17948\/revisions"}],"predecessor-version":[{"id":17951,"href":"https:\/\/upcschool.upc.edu\/blog\/wp-json\/wp\/v2\/posts\/17948\/revisions\/17951"}],"wp:featuredmedia":[{"embeddable":true,"href":"https:\/\/upcschool.upc.edu\/blog\/wp-json\/wp\/v2\/media\/17940"}],"wp:attachment":[{"href":"https:\/\/upcschool.upc.edu\/blog\/wp-json\/wp\/v2\/media?parent=17948"}],"wp:term":[{"taxonomy":"category","embeddable":true,"href":"https:\/\/upcschool.upc.edu\/blog\/wp-json\/wp\/v2\/categories?post=17948"},{"taxonomy":"post_tag","embeddable":true,"href":"https:\/\/upcschool.upc.edu\/blog\/wp-json\/wp\/v2\/tags?post=17948"}],"curies":[{"name":"wp","href":"https:\/\/api.w.org\/{rel}","templated":true}]}}