{"id":17983,"date":"2026-03-06T12:27:26","date_gmt":"2026-03-06T11:27:26","guid":{"rendered":"https:\/\/upcschool.upc.edu\/blog\/?p=17983"},"modified":"2026-03-06T12:48:05","modified_gmt":"2026-03-06T11:48:05","slug":"la-upc-school-participa-en-el-talent-arena-2026","status":"publish","type":"post","link":"https:\/\/upcschool.upc.edu\/blog\/la-upc-school-participa-en-el-talent-arena-2026\/?lang=ca","title":{"rendered":"La UPC School participa en el Talent Arena 2026"},"content":{"rendered":"<p>La <strong data-start=\"87\" data-end=\"101\">UPC School<\/strong> ha participat per primera vegada en el <a href=\"https:\/\/talentarena.tech\/\" target=\"_blank\" rel=\"noopener\"><strong data-start=\"122\" data-end=\"143\">Talent Arena 2026<\/strong><\/a>, l\u2019esdeveniment europeu de refer\u00e8ncia dedicat al talent digital, celebrat a Barcelona en el marc del Mobile World Congress Barcelona durant els dies 2, 3 i 4 de mar\u00e7 de 2026.<!--more--><\/p>\n<p><a href=\"https:\/\/upcschool.upc.edu\/blog\/wp-content\/uploads\/2026\/03\/20260303_154802-scaled.jpg\" target=\"_blank\" rel=\"noopener\"><img loading=\"lazy\" decoding=\"async\" class=\"alignleft wp-image-17985 size-medium\" src=\"https:\/\/upcschool.upc.edu\/blog\/wp-content\/uploads\/2026\/03\/20260303_154802-300x135.jpg\" alt=\"\" width=\"300\" height=\"135\" srcset=\"https:\/\/upcschool.upc.edu\/blog\/wp-content\/uploads\/2026\/03\/20260303_154802-300x135.jpg 300w, https:\/\/upcschool.upc.edu\/blog\/wp-content\/uploads\/2026\/03\/20260303_154802-1024x462.jpg 1024w, https:\/\/upcschool.upc.edu\/blog\/wp-content\/uploads\/2026\/03\/20260303_154802-768x346.jpg 768w, https:\/\/upcschool.upc.edu\/blog\/wp-content\/uploads\/2026\/03\/20260303_154802-1536x693.jpg 1536w, https:\/\/upcschool.upc.edu\/blog\/wp-content\/uploads\/2026\/03\/20260303_154802-2048x923.jpg 2048w\" sizes=\"auto, (max-width: 300px) 100vw, 300px\" \/><\/a>El nostre director executiu, <strong>Gerard Campanera Merc\u00e8<\/strong>, va participar com a <strong>ponent en la sessi\u00f3 \u00abFormaci\u00f3 certificada per impulsar talent: la nova alian\u00e7a entre la IT Academy de Barcelona Activa i la Universitat Polit\u00e8cnica de Catalunya (UPC)\u00bb<\/strong>, organitzada a l\u2019estand de Barcelona Activa. La taula va estar moderada per Mart\u00ed Rodr\u00edguez Mestre, responsable de Talent Digital i Innovaci\u00f3 de la IT Academy de Barcelona Activa, i va comptar tamb\u00e9 amb la participaci\u00f3 de Sara D\u00edaz Roig, directora executiva de Sectors Estrat\u00e8gics i Talent a Barcelona Activa, i d\u2019Ana Fern\u00e1ndez, alumni del programa de Data Analytics de la IT Academy.<\/p>\n<p>La sessi\u00f3 s\u2019emmarcava en el context de la col\u00b7laboraci\u00f3 entre la Universitat Polit\u00e8cnica de Catalunya (UPC) i la <a href=\"https:\/\/www.barcelonactiva.cat\/\" target=\"_blank\" rel=\"noopener\"><strong>Barcelona Activa<\/strong><\/a>, mitjan\u00e7ant la qual s\u2019han acreditat quatre microcredencials de la <a href=\"https:\/\/www.barcelonactiva.cat\/itacademy\" target=\"_blank\" rel=\"noopener\"><strong>IT Academy<\/strong><\/a> en \u00e0mbits com l\u2019an\u00e0lisi de dades i el desenvolupament de software. Aquest model permet recon\u00e8ixer acad\u00e8micament les compet\u00e8ncies adquirides i refor\u00e7ar la connexi\u00f3 entre formaci\u00f3 tecnol\u00f2gica i ocupabilitat en el sector TIC.<\/p>\n<p>Durant el debat es va posar de manifest que, en un context de transformaci\u00f3 tecnol\u00f2gica constant, la formaci\u00f3 permanent \u00e9s clau per mantenir-se actualitzat davant les noves demandes del sector. Aquests processos de <em data-start=\"294\" data-end=\"306\">reskilling<\/em> i <em data-start=\"309\" data-end=\"321\">upskilling<\/em> amb el segell de qualitat de la UPC garanteixen una formaci\u00f3 rigorosa i reconeguda, alineada amb les necessitats del mercat laboral.<\/p>\n<p><strong>La UPC, per primera vegada amb estand propi al Talent Arena <\/strong><\/p>\n<p data-start=\"1871\" data-end=\"2203\"><a href=\"https:\/\/upcschool.upc.edu\/blog\/wp-content\/uploads\/2026\/03\/IMG_0290-scaled.jpg\" target=\"_blank\" rel=\"noopener\"><img loading=\"lazy\" decoding=\"async\" class=\"alignleft wp-image-17987 size-medium\" src=\"https:\/\/upcschool.upc.edu\/blog\/wp-content\/uploads\/2026\/03\/IMG_0290-225x300.jpg\" alt=\"\" width=\"225\" height=\"300\" srcset=\"https:\/\/upcschool.upc.edu\/blog\/wp-content\/uploads\/2026\/03\/IMG_0290-225x300.jpg 225w, https:\/\/upcschool.upc.edu\/blog\/wp-content\/uploads\/2026\/03\/IMG_0290-768x1024.jpg 768w, https:\/\/upcschool.upc.edu\/blog\/wp-content\/uploads\/2026\/03\/IMG_0290-1152x1536.jpg 1152w, https:\/\/upcschool.upc.edu\/blog\/wp-content\/uploads\/2026\/03\/IMG_0290-1536x2048.jpg 1536w, https:\/\/upcschool.upc.edu\/blog\/wp-content\/uploads\/2026\/03\/IMG_0290-scaled.jpg 1920w\" sizes=\"auto, (max-width: 225px) 100vw, 225px\" \/><\/a>L\u2019oferta formativa de formaci\u00f3 permanent que articulem des de la UPC School tamb\u00e9 es va presentar a l&#8217;estand propi de la UPC, que participava per primera vegada al Talent Arena 2026. En aquest espai es va oferir informaci\u00f3 sobre diversos programes desenvolupats en col\u00b7laboraci\u00f3 amb Conn\u00e8xia UPC, com ara les<a href=\"https:\/\/upcschool.upc.edu\/cat\/estudis\/formacio\/tic\/microcredencials-en-desenvolupament-daplicacions-web-fintech?microsite=1&amp;show_price=1\" target=\"_blank\" rel=\"noopener\"> <strong>microcredencials en<\/strong> <strong data-start=\"2378\" data-end=\"2423\">Desenvolupament d\u2019Aplicacions Web Fintech<\/strong><\/a>, impulsades per <strong data-start=\"2440\" data-end=\"2458\">CaixaBank Tech<\/strong>, i el <a href=\"https:\/\/upcschool.upc.edu\/cat\/estudis\/formacio\/curs\/331300\/postgrau-gestio-energetica-centres-dades\/\" target=\"_blank\" rel=\"noopener\"><strong data-start=\"2465\" data-end=\"2521\">postgrau en Gesti\u00f3 Energ\u00e8tica per a Centres de Dades<\/strong><\/a>, desenvolupat amb <strong data-start=\"2540\" data-end=\"2562\">Schneider Electric<\/strong>. L\u2019estand va ser punt de trobada entre estudiants, empreses i professionals interessades per la ind\u00fastria digital.<\/p>\n<p>La pres\u00e8ncia de la universitat a l\u2019esdeveniment es va completar amb dues taules rodones centrades en les demandes empresarials, el desenvolupament del talent digital i els ponts entre universitat i empresa per afavorir la transfer\u00e8ncia de coneixement en l\u2019\u00e0mbit de la intel\u00b7lig\u00e8ncia artificial.<\/p>\n","protected":false},"excerpt":{"rendered":"<p>La UPC School ha participat per primera vegada en el Talent Arena 2026, l\u2019esdeveniment europeu de refer\u00e8ncia dedicat al talent digital, celebrat a Barcelona en el marc del Mobile World Congress Barcelona durant els dies 2, 3 i 4 de mar\u00e7 de 2026.<\/p>\n","protected":false},"author":2,"featured_media":17989,"comment_status":"open","ping_status":"open","sticky":false,"template":"","format":"standard","meta":{"footnotes":""},"categories":[6],"tags":[1881,744,2521,2520,2522,2519,2150],"class_list":["post-17983","post","type-post","status-publish","format-standard","has-post-thumbnail","hentry","category-tic_2","tag-competencies-digitals","tag-fires","tag-formacio-acreditada","tag-it-academy","tag-participacio-en-fires","tag-talent-arena","tag-talent-digital"],"aioseo_notices":[],"_links":{"self":[{"href":"https:\/\/upcschool.upc.edu\/blog\/wp-json\/wp\/v2\/posts\/17983","targetHints":{"allow":["GET"]}}],"collection":[{"href":"https:\/\/upcschool.upc.edu\/blog\/wp-json\/wp\/v2\/posts"}],"about":[{"href":"https:\/\/upcschool.upc.edu\/blog\/wp-json\/wp\/v2\/types\/post"}],"author":[{"embeddable":true,"href":"https:\/\/upcschool.upc.edu\/blog\/wp-json\/wp\/v2\/users\/2"}],"replies":[{"embeddable":true,"href":"https:\/\/upcschool.upc.edu\/blog\/wp-json\/wp\/v2\/comments?post=17983"}],"version-history":[{"count":10,"href":"https:\/\/upcschool.upc.edu\/blog\/wp-json\/wp\/v2\/posts\/17983\/revisions"}],"predecessor-version":[{"id":17999,"href":"https:\/\/upcschool.upc.edu\/blog\/wp-json\/wp\/v2\/posts\/17983\/revisions\/17999"}],"wp:featuredmedia":[{"embeddable":true,"href":"https:\/\/upcschool.upc.edu\/blog\/wp-json\/wp\/v2\/media\/17989"}],"wp:attachment":[{"href":"https:\/\/upcschool.upc.edu\/blog\/wp-json\/wp\/v2\/media?parent=17983"}],"wp:term":[{"taxonomy":"category","embeddable":true,"href":"https:\/\/upcschool.upc.edu\/blog\/wp-json\/wp\/v2\/categories?post=17983"},{"taxonomy":"post_tag","embeddable":true,"href":"https:\/\/upcschool.upc.edu\/blog\/wp-json\/wp\/v2\/tags?post=17983"}],"curies":[{"name":"wp","href":"https:\/\/api.w.org\/{rel}","templated":true}]}}