{"id":18000,"date":"2026-03-06T12:51:55","date_gmt":"2026-03-06T11:51:55","guid":{"rendered":"https:\/\/upcschool.upc.edu\/blog\/?p=18000"},"modified":"2026-03-06T12:59:13","modified_gmt":"2026-03-06T11:59:13","slug":"la-upc-school-participa-en-el-talent-arena-2026","status":"publish","type":"post","link":"https:\/\/upcschool.upc.edu\/blog\/la-upc-school-participa-en-el-talent-arena-2026\/","title":{"rendered":"La UPC School participa en el Talent Arena 2026"},"content":{"rendered":"<p>La <strong data-start=\"87\" data-end=\"101\">UPC School<\/strong> ha participado por primera vez en el <a href=\"https:\/\/talentarena.tech\/\" target=\"_blank\" rel=\"noopener\"><strong data-start=\"122\" data-end=\"143\">Talent Arena 2026<\/strong><\/a>, el evento europeo de referencia dedicado al talento digital, celebrado en Barcelona en el marco del Mobile World Congress Barcelona durante los d\u00edas 2, 3 y 4 de marzo de 2026.<!--more--><\/p>\n<p><a href=\"https:\/\/upcschool.upc.edu\/blog\/wp-content\/uploads\/2026\/03\/20260303_154802-scaled.jpg\" target=\"_blank\" rel=\"noopener\"><img loading=\"lazy\" decoding=\"async\" class=\"alignleft wp-image-17986 size-medium\" src=\"https:\/\/upcschool.upc.edu\/blog\/wp-content\/uploads\/2026\/03\/20260303_154802-300x135.jpg\" alt=\"\" width=\"300\" height=\"135\" srcset=\"https:\/\/upcschool.upc.edu\/blog\/wp-content\/uploads\/2026\/03\/20260303_154802-300x135.jpg 300w, https:\/\/upcschool.upc.edu\/blog\/wp-content\/uploads\/2026\/03\/20260303_154802-1024x462.jpg 1024w, https:\/\/upcschool.upc.edu\/blog\/wp-content\/uploads\/2026\/03\/20260303_154802-768x346.jpg 768w, https:\/\/upcschool.upc.edu\/blog\/wp-content\/uploads\/2026\/03\/20260303_154802-1536x693.jpg 1536w, https:\/\/upcschool.upc.edu\/blog\/wp-content\/uploads\/2026\/03\/20260303_154802-2048x923.jpg 2048w\" sizes=\"auto, (max-width: 300px) 100vw, 300px\" \/><\/a>Nuestro director ejecutivo, <strong>Gerard Campanera Merc\u00e8<\/strong>, particip\u00f3 como <strong>ponente en la sesi\u00f3n \u00abFormaci\u00f3n certificada para impulsar talento: la nueva alianza entre la IT Academy de Barcelona Activa y la Universitat Polit\u00e8cnica de Catalunya (UPC)\u00bb<\/strong>, organizada en el estand de Barcelona Activa. La mesa estuvo moderada por Mart\u00ed Rodr\u00edguez Mestre, responsable de Talent Digital e Innovaci\u00f3n de la IT Academy de Barcelona Activa, y cont\u00f3 tambi\u00e9n con la participaci\u00f3n de Sara D\u00edaz Roig, directora ejecutiva de Sectores Estrat\u00e9gicos y Talento en Barcelona Activa, y de Ana Fern\u00e1ndez, alumni del programa de Data Analytics de la IT Academy.<\/p>\n<p>La sesi\u00f3n se enmarcaba en el contexto de la colaboraci\u00f3n entre la Universitat Polit\u00e8cnica de Catalunya (UPC) y la <a href=\"https:\/\/www.barcelonactiva.cat\/\" target=\"_blank\" rel=\"noopener\"><strong>Barcelona Activa<\/strong><\/a>, mediante la cual se han acreditado cuatro microcredenciales de la <a href=\"https:\/\/www.barcelonactiva.cat\/itacademy\" target=\"_blank\" rel=\"noopener\"><strong>IT Academy<\/strong><\/a> en \u00e1mbitos como el an\u00e1lisis de datos y el desarrollo de software. Este modelo permite reconocer acad\u00e9micamente las competencias adquiridas y reforzar la conexi\u00f3n entre formaci\u00f3n tecnol\u00f3gica y empleabilidad en el sector TIC.<\/p>\n<p>Durante el debate se puso de manifiesto que, en un contexto de transformaci\u00f3n tecnol\u00f3gica constante, la formaci\u00f3n continua es clave para mantenerse actualizado ante las nuevas demandas del sector. Estos procesos de <em data-start=\"294\" data-end=\"306\">reskilling<\/em> y <em data-start=\"309\" data-end=\"321\">upskilling<\/em> con el sello de calidad de la UPC garantizan una formaci\u00f3n rigurosa y reconocida, alineada con las necesidades del mercado laboral.<\/p>\n<p><strong>La UPC, por primera vez con estand propio en el Talent Arena<\/strong><\/p>\n<p data-start=\"1871\" data-end=\"2203\"><a href=\"https:\/\/upcschool.upc.edu\/blog\/wp-content\/uploads\/2026\/03\/IMG_0290-scaled.jpg\" target=\"_blank\" rel=\"noopener\"><img loading=\"lazy\" decoding=\"async\" class=\"alignleft wp-image-17988 size-medium\" src=\"https:\/\/upcschool.upc.edu\/blog\/wp-content\/uploads\/2026\/03\/IMG_0290-225x300.jpg\" alt=\"\" width=\"225\" height=\"300\" srcset=\"https:\/\/upcschool.upc.edu\/blog\/wp-content\/uploads\/2026\/03\/IMG_0290-225x300.jpg 225w, https:\/\/upcschool.upc.edu\/blog\/wp-content\/uploads\/2026\/03\/IMG_0290-768x1024.jpg 768w, https:\/\/upcschool.upc.edu\/blog\/wp-content\/uploads\/2026\/03\/IMG_0290-1152x1536.jpg 1152w, https:\/\/upcschool.upc.edu\/blog\/wp-content\/uploads\/2026\/03\/IMG_0290-1536x2048.jpg 1536w, https:\/\/upcschool.upc.edu\/blog\/wp-content\/uploads\/2026\/03\/IMG_0290-scaled.jpg 1920w\" sizes=\"auto, (max-width: 225px) 100vw, 225px\" \/><\/a>La oferta formativa de formaci\u00f3n permanente que articulamos desde la UPC School tambi\u00e9n se present\u00f3 en el estand propio de la UPC, que participaba por primera vez en el Talent Arena 2026. En este espacio se ofreci\u00f3 informaci\u00f3n sobre diversos programas desarrollados en colaboraci\u00f3n con Conn\u00e8xia UPC, como las<a href=\"https:\/\/upcschool.upc.edu\/esp\/estudis\/formacio\/tic\/microcredencials-en-desenvolupament-daplicacions-web-fintech?microsite=1&amp;show_price=1\" target=\"_blank\" rel=\"noopener\"> <strong>microcredenciales en<\/strong> <strong data-start=\"2378\" data-end=\"2423\">Desarrollo de Aplicaciones Web Fintech<\/strong><\/a>, impulsadas por <strong data-start=\"2440\" data-end=\"2458\">CaixaBank Tech<\/strong>, y el <a href=\"https:\/\/upcschool.upc.edu\/esp\/estudis\/formacio\/curs\/331300\/postgrau-gestio-energetica-centres-dades\/\" target=\"_blank\" rel=\"noopener\"><strong data-start=\"2465\" data-end=\"2521\">posgrado en Gesti\u00f3n Energ\u00e9tica para Centros de Datos<\/strong><\/a>, desarrollado con <strong data-start=\"2540\" data-end=\"2562\">Schneider Electric<\/strong>. El espacio se convirti\u00f3 en un punto de encuentro entre estudiantes, empresas y profesionales interesadas en la industria digital.<\/p>\n<p>La presencia de la universidad en el evento se complet\u00f3 con dos mesas redondas centradas en las demandas empresariales, el desarrollo del talento digital y los puentes entre universidad y empresa para favorecer la transferencia de conocimiento en el \u00e1mbito de la inteligencia artificial.<\/p>\n","protected":false},"excerpt":{"rendered":"<p>La UPC School ha participado por primera vez en el Talent Arena 2026, el evento europeo de referencia dedicado al talento digital, celebrado en Barcelona en el marco del Mobile World Congress Barcelona durante los d\u00edas 2, 3 y 4 de marzo de 2026.<\/p>\n","protected":false},"author":2,"featured_media":17990,"comment_status":"open","ping_status":"open","sticky":false,"template":"","format":"standard","meta":{"footnotes":""},"categories":[23],"tags":[1887,745,1674,2523,2524,1494],"class_list":["post-18000","post","type-post","status-publish","format-standard","has-post-thumbnail","hentry","category-tic-2","tag-competencias-digitales","tag-ferias","tag-industria-digital","tag-it-academy","tag-talent-arena","tag-universitat-politecnica-de-catalunya-2"],"aioseo_notices":[],"_links":{"self":[{"href":"https:\/\/upcschool.upc.edu\/blog\/wp-json\/wp\/v2\/posts\/18000","targetHints":{"allow":["GET"]}}],"collection":[{"href":"https:\/\/upcschool.upc.edu\/blog\/wp-json\/wp\/v2\/posts"}],"about":[{"href":"https:\/\/upcschool.upc.edu\/blog\/wp-json\/wp\/v2\/types\/post"}],"author":[{"embeddable":true,"href":"https:\/\/upcschool.upc.edu\/blog\/wp-json\/wp\/v2\/users\/2"}],"replies":[{"embeddable":true,"href":"https:\/\/upcschool.upc.edu\/blog\/wp-json\/wp\/v2\/comments?post=18000"}],"version-history":[{"count":5,"href":"https:\/\/upcschool.upc.edu\/blog\/wp-json\/wp\/v2\/posts\/18000\/revisions"}],"predecessor-version":[{"id":18005,"href":"https:\/\/upcschool.upc.edu\/blog\/wp-json\/wp\/v2\/posts\/18000\/revisions\/18005"}],"wp:featuredmedia":[{"embeddable":true,"href":"https:\/\/upcschool.upc.edu\/blog\/wp-json\/wp\/v2\/media\/17990"}],"wp:attachment":[{"href":"https:\/\/upcschool.upc.edu\/blog\/wp-json\/wp\/v2\/media?parent=18000"}],"wp:term":[{"taxonomy":"category","embeddable":true,"href":"https:\/\/upcschool.upc.edu\/blog\/wp-json\/wp\/v2\/categories?post=18000"},{"taxonomy":"post_tag","embeddable":true,"href":"https:\/\/upcschool.upc.edu\/blog\/wp-json\/wp\/v2\/tags?post=18000"}],"curies":[{"name":"wp","href":"https:\/\/api.w.org\/{rel}","templated":true}]}}