{"id":18058,"date":"2026-03-17T16:50:19","date_gmt":"2026-03-17T15:50:19","guid":{"rendered":"https:\/\/upcschool.upc.edu\/blog\/?p=18058"},"modified":"2026-03-17T17:32:22","modified_gmt":"2026-03-17T16:32:22","slug":"gemma-contra-alumni-del-master-en-optometria-pediatrica-premio-indo-upc-de-investigacion-joven","status":"publish","type":"post","link":"https:\/\/upcschool.upc.edu\/blog\/gemma-contra-alumni-del-master-en-optometria-pediatrica-premio-indo-upc-de-investigacion-joven\/","title":{"rendered":"Gemma Contra, alumni del m\u00e1ster en Optometr\u00eda Pedi\u00e1trica, premio INDO-UPC de Investigaci\u00f3n Joven en Optometr\u00eda"},"content":{"rendered":"<p><span style=\"font-weight: 400;\"><strong>Gemma Contra Gu\u00e0rdia<\/strong>, alumni del <a href=\"https:\/\/upcschool.upc.edu\/esp\/estudis\/formacio\/curs\/203800\/master-formacio-permanent-optometria-pediatrica\/\" target=\"_blank\" rel=\"noopener\"><strong>m\u00e1ster en Optometr\u00eda Pedi\u00e1trica<\/strong> <\/a>de la UPC School, ha sido<\/span><b> galardonada con el segundo premio de la 4\u00aa edici\u00f3n del Premio INDO\u2013UPC de Investigaci\u00f3n Joven en \u00d3ptica y Optometr\u00eda<\/b><span style=\"font-weight: 400;\"> por su trabajo final de m\u00e1ster, en el que ha desarrollado un estudio optom\u00e9trico sobre la poblaci\u00f3n pedi\u00e1trica de Senegal.<\/span><!--more--><\/p>\n<p><span style=\"font-weight: 400;\">Este galard\u00f3n, impulsado por la empresa <a href=\"https:\/\/indo.es\/es\/\" target=\"_blank\" rel=\"noopener\">INDO Optical<\/a> junto con la <a href=\"https:\/\/foot.upc.edu\/es\" target=\"_blank\" rel=\"noopener\">Facultad de \u00d3ptica y Optometr\u00eda de Terrassa (FOOT)<\/a> de la UPC, tiene como objetivo promover el talento joven y fomentar la investigaci\u00f3n en el \u00e1mbito de la salud visual.<\/span><\/p>\n<p><span style=\"font-weight: 400;\">Gemma Contra ha sido reconocida por su proyecto de m\u00e1ster, titulado <\/span><b>\u201cEstudio descriptivo de la presi\u00f3n intraocular en poblaci\u00f3n pedi\u00e1trica de Senegal mediante tonometr\u00eda de rebote (iCare)\u201d<\/b><span style=\"font-weight: 400;\">, desarrollado durante un <strong>proyecto de cooperaci\u00f3n en Senegal en el a\u00f1o 2025<\/strong>. El estudio de campo se llev\u00f3 a cabo como miembro de la ONG <a href=\"https:\/\/ocularis.ong\/\" target=\"_blank\" rel=\"noopener\">Ocularis<\/a>, especializada en formaci\u00f3n optom\u00e9trica y oftalmol\u00f3gica en pa\u00edses en v\u00edas de desarrollo y tambi\u00e9n una de las entidades impulsoras del m\u00e1ster en Optometr\u00eda Pedi\u00e1trica.<\/span><\/p>\n<p><span style=\"font-weight: 400;\">El trabajo fue dirigido por Beatriz Redondo Cabrera, Jes\u00fas Vera Vilchez y Carlos Fresno Ca\u00f1ada, y analiza la presi\u00f3n intraocular en poblaci\u00f3n infantil mediante la tonometr\u00eda de rebote, una t\u00e9cnica especialmente adecuada para la exploraci\u00f3n de pacientes pedi\u00e1tricos.<\/span><\/p>\n<p><span style=\"font-weight: 400;\">El jurado del premio, formado por profesorado de la facultad y expertos del sector, valor\u00f3 especialmente la originalidad del proyecto, el rigor cient\u00edfico y su compromiso con los Objetivos de Desarrollo Sostenible (ODS) de las Naciones Unidas.<\/span><\/p>\n<p><span style=\"font-weight: 400;\">\u00a1Enhorabuena, Gemma!<\/span><\/p>\n","protected":false},"excerpt":{"rendered":"<p>Gemma Contra Gu\u00e0rdia, alumni del m\u00e1ster en Optometr\u00eda Pedi\u00e1trica de la UPC School, ha sido galardonada con el segundo premio de la 4\u00aa edici\u00f3n del Premio INDO\u2013UPC de Investigaci\u00f3n Joven en \u00d3ptica y Optometr\u00eda por su trabajo final de m\u00e1ster, en el que ha desarrollado un estudio optom\u00e9trico sobre la poblaci\u00f3n pedi\u00e1trica de Senegal.<\/p>\n","protected":false},"author":2,"featured_media":18056,"comment_status":"open","ping_status":"open","sticky":false,"template":"","format":"standard","meta":{"footnotes":""},"categories":[1240],"tags":[2548,2285,2547,2550,2284,2549,1576,2256,1134,2280],"class_list":["post-18058","post","type-post","status-publish","format-standard","has-post-thumbnail","hentry","category-optica-2","tag-facultad-de-optica-y-optometria","tag-foot-2","tag-investigacion-en-optometria","tag-master-optometria-pediatrica","tag-optica-2","tag-optometria","tag-optometria-pedriatrica","tag-premios-alumnado","tag-reconocimientos","tag-salud-visual"],"aioseo_notices":[],"_links":{"self":[{"href":"https:\/\/upcschool.upc.edu\/blog\/wp-json\/wp\/v2\/posts\/18058","targetHints":{"allow":["GET"]}}],"collection":[{"href":"https:\/\/upcschool.upc.edu\/blog\/wp-json\/wp\/v2\/posts"}],"about":[{"href":"https:\/\/upcschool.upc.edu\/blog\/wp-json\/wp\/v2\/types\/post"}],"author":[{"embeddable":true,"href":"https:\/\/upcschool.upc.edu\/blog\/wp-json\/wp\/v2\/users\/2"}],"replies":[{"embeddable":true,"href":"https:\/\/upcschool.upc.edu\/blog\/wp-json\/wp\/v2\/comments?post=18058"}],"version-history":[{"count":9,"href":"https:\/\/upcschool.upc.edu\/blog\/wp-json\/wp\/v2\/posts\/18058\/revisions"}],"predecessor-version":[{"id":18069,"href":"https:\/\/upcschool.upc.edu\/blog\/wp-json\/wp\/v2\/posts\/18058\/revisions\/18069"}],"wp:featuredmedia":[{"embeddable":true,"href":"https:\/\/upcschool.upc.edu\/blog\/wp-json\/wp\/v2\/media\/18056"}],"wp:attachment":[{"href":"https:\/\/upcschool.upc.edu\/blog\/wp-json\/wp\/v2\/media?parent=18058"}],"wp:term":[{"taxonomy":"category","embeddable":true,"href":"https:\/\/upcschool.upc.edu\/blog\/wp-json\/wp\/v2\/categories?post=18058"},{"taxonomy":"post_tag","embeddable":true,"href":"https:\/\/upcschool.upc.edu\/blog\/wp-json\/wp\/v2\/tags?post=18058"}],"curies":[{"name":"wp","href":"https:\/\/api.w.org\/{rel}","templated":true}]}}