{"id":18120,"date":"2026-04-07T16:09:18","date_gmt":"2026-04-07T15:09:18","guid":{"rendered":"https:\/\/upcschool.upc.edu\/blog\/?p=18120"},"modified":"2026-04-07T16:37:56","modified_gmt":"2026-04-07T15:37:56","slug":"profesores-de-la-upc-school-comparten-conocimiento-en-rebuild-2026","status":"publish","type":"post","link":"https:\/\/upcschool.upc.edu\/blog\/profesores-de-la-upc-school-comparten-conocimiento-en-rebuild-2026\/","title":{"rendered":"El profesorado de la UPC School comparte conocimiento en REBUILD 2026"},"content":{"rendered":"<p>El equipo docente de la UPC School ha tenido una participaci\u00f3n destacada en <strong><a href=\"https:\/\/www.rebuildexpo.com\/\" target=\"_blank\" rel=\"noopener\">REBUILD 2026<\/a><\/strong>, el evento europeo de referencia en innovaci\u00f3n, arquitectura y construcci\u00f3n, celebrado del 24 al 26 de marzo en IFEMA Madrid. Este encuentro ha reunido a profesionales, empresas y expertos del sector para abordar algunos de sus principales retos, como la sostenibilidad, la industrializaci\u00f3n y la transformaci\u00f3n digital.<!--more--><\/p>\n<p>En esta cita de referencia para el sector AECO, directores acad\u00e9micos y profesorado de tres programas estrat\u00e9gicos del \u00e1mbito -el m\u00e1ster en Arquitectura con Madera, el m\u00e1ster en BIM Management. Transformaci\u00f3n Digital y Nuevos Modelos de Negocio y el posgrado en Building Digital Twins para Edificaciones- han participado como ponentes en el evento, aportando su conocimiento y visi\u00f3n en cuestiones clave para impulsar la evoluci\u00f3n del sector hacia modelos m\u00e1s innovadores y sostenibles.<\/p>\n<p><strong>Participaci\u00f3n del equipo docente del m\u00e1ster en Arquitectura con Madera<\/strong><\/p>\n<p><strong><a href=\"https:\/\/upcschool.upc.edu\/blog\/wp-content\/uploads\/2026\/04\/Jorge-scaled.jpg\" target=\"_blank\" rel=\"noopener\"><img loading=\"lazy\" decoding=\"async\" class=\"alignleft wp-image-18121 size-medium\" src=\"https:\/\/upcschool.upc.edu\/blog\/wp-content\/uploads\/2026\/04\/Jorge-225x300.jpg\" alt=\"\" width=\"225\" height=\"300\" srcset=\"https:\/\/upcschool.upc.edu\/blog\/wp-content\/uploads\/2026\/04\/Jorge-225x300.jpg 225w, https:\/\/upcschool.upc.edu\/blog\/wp-content\/uploads\/2026\/04\/Jorge-768x1024.jpg 768w, https:\/\/upcschool.upc.edu\/blog\/wp-content\/uploads\/2026\/04\/Jorge-1152x1536.jpg 1152w, https:\/\/upcschool.upc.edu\/blog\/wp-content\/uploads\/2026\/04\/Jorge-1536x2048.jpg 1536w, https:\/\/upcschool.upc.edu\/blog\/wp-content\/uploads\/2026\/04\/Jorge-scaled.jpg 1920w\" sizes=\"auto, (max-width: 225px) 100vw, 225px\" \/><\/a>Jorge Blasco<\/strong>, codirector acad\u00e9mico del nuevo <strong><a href=\"https:\/\/upcschool.upc.edu\/esp\/estudis\/formacio\/curs\/202200\/master-formacio-permanent-arquitectura-fusta\/\" target=\"_blank\" rel=\"noopener\">m\u00e1ster en Arquitectura con Madera<\/a> <\/strong>y CEO de Estudi m103, ha participado en dos sesiones destacadas. Por un lado, <strong>moder\u00f3 el debate \u201cIndustrializando con madera\u201d<\/strong>, junto a representantes de AEICE\/Medg\u00f3n, Trehood, Cadwork Ib\u00e9rica &amp; Latinoam\u00e9rica y Hundegger Ib\u00e9rica. En esta sesi\u00f3n se analiz\u00f3 c\u00f3mo trasladar la construcci\u00f3n a entornos industrializados mediante la fabricaci\u00f3n de m\u00f3dulos y componentes en f\u00e1brica, mejorando la eficiencia, reduciendo costes y minimizando el impacto ambiental. Adem\u00e1s, intervino en la <strong>sesi\u00f3n \u201cProyectos singulares con madera\u201d,<\/strong> junto a profesionales de MOL Arquitectura y THERMOCHIP, donde se presentaron casos innovadores que evidencian el potencial de la madera en la arquitectura contempor\u00e1nea.<\/p>\n<p>Por su parte, <strong>Emma Sebasti\u00e0<\/strong>, codirectora acad\u00e9mica del m\u00e1ster, particip\u00f3 en la sesi\u00f3n <strong>\u201cDel territorio al hogar: nuevos modelos de vivienda regenerativa y accesible\u201d,<\/strong> centrada en nuevas soluciones habitacionales sostenibles.<\/p>\n<p><a href=\"https:\/\/upcschool.upc.edu\/blog\/wp-content\/uploads\/2026\/04\/Emma.jpg\" target=\"_blank\" rel=\"noopener\"><img loading=\"lazy\" decoding=\"async\" class=\"alignleft wp-image-18123 size-medium\" src=\"https:\/\/upcschool.upc.edu\/blog\/wp-content\/uploads\/2026\/04\/Emma-300x200.jpg\" alt=\"\" width=\"300\" height=\"200\" srcset=\"https:\/\/upcschool.upc.edu\/blog\/wp-content\/uploads\/2026\/04\/Emma-300x200.jpg 300w, https:\/\/upcschool.upc.edu\/blog\/wp-content\/uploads\/2026\/04\/Emma-1024x683.jpg 1024w, https:\/\/upcschool.upc.edu\/blog\/wp-content\/uploads\/2026\/04\/Emma-768x512.jpg 768w, https:\/\/upcschool.upc.edu\/blog\/wp-content\/uploads\/2026\/04\/Emma.jpg 1536w\" sizes=\"auto, (max-width: 300px) 100vw, 300px\" \/><\/a>Tambi\u00e9n intervino <strong>Oscar Linares de la Torre<\/strong>, codirector acad\u00e9mico del programa, en la sesi\u00f3n <strong>\u201cBetween Craft and Industry. The role of the University\u201d<\/strong>, donde se reflexion\u00f3 sobre el papel de la universidad en la conexi\u00f3n entre tradici\u00f3n constructiva e industrializaci\u00f3n.<\/p>\n<p>Finalmente, <strong>Carol Beuter<\/strong>, profesora del m\u00e1ster, particip\u00f3 en la sesi\u00f3n <strong>\u201cCommunication and training with wood\u201d<\/strong>, centrada en la comunicaci\u00f3n y formaci\u00f3n en torno a la construcci\u00f3n con madera como eje de futuro del sector.<\/p>\n<p><strong>Eloi Coloma, director del m\u00e1ster en BIM, ponente en REBUILD 2026<\/strong><\/p>\n<p><strong><a href=\"https:\/\/upcschool.upc.edu\/blog\/wp-content\/uploads\/2026\/04\/EloiColoma.jpg\" target=\"_blank\" rel=\"noopener\"><img loading=\"lazy\" decoding=\"async\" class=\"alignleft wp-image-18125 size-medium\" src=\"https:\/\/upcschool.upc.edu\/blog\/wp-content\/uploads\/2026\/04\/EloiColoma-300x225.jpg\" alt=\"\" width=\"300\" height=\"225\" srcset=\"https:\/\/upcschool.upc.edu\/blog\/wp-content\/uploads\/2026\/04\/EloiColoma-300x225.jpg 300w, https:\/\/upcschool.upc.edu\/blog\/wp-content\/uploads\/2026\/04\/EloiColoma-1024x768.jpg 1024w, https:\/\/upcschool.upc.edu\/blog\/wp-content\/uploads\/2026\/04\/EloiColoma-768x576.jpg 768w, https:\/\/upcschool.upc.edu\/blog\/wp-content\/uploads\/2026\/04\/EloiColoma-1536x1152.jpg 1536w, https:\/\/upcschool.upc.edu\/blog\/wp-content\/uploads\/2026\/04\/EloiColoma-500x375.jpg 500w, https:\/\/upcschool.upc.edu\/blog\/wp-content\/uploads\/2026\/04\/EloiColoma.jpg 2048w\" sizes=\"auto, (max-width: 300px) 100vw, 300px\" \/><\/a>Eloi Coloma<\/strong>, codirector acad\u00e9mico del <a href=\"https:\/\/upcschool.upc.edu\/esp\/estudis\/formacio\/curs\/206400\/master-formacio-permanent-bim-management-transformacio-digital-nous-models-negoci\/\" target=\"_blank\" rel=\"noopener\"><strong>m\u00e1ster en BIM Management. Transformaci\u00f3n Digital y Nuevos Modelos de Negocio<\/strong><\/a>\u00a0y del <a href=\"https:\/\/upcschool.upc.edu\/esp\/estudis\/formacio\/curs\/330000\/postgrau-building-digital-twins-edificacions\/\" target=\"_blank\" rel=\"noopener\"><strong>posgrado en Building Digital Twins para Edificaciones<\/strong><\/a>, particip\u00f3 en la mesa redonda <strong>\u201cCompetir con datos: el reto estrat\u00e9gico del sector AECO\u201d,<\/strong> impulsada por GreenBIMxels. La sesi\u00f3n abord\u00f3 c\u00f3mo el sector puede generar valor real a partir de los datos en un contexto cada vez m\u00e1s digitalizado.<\/p>\n<p>Durante su intervenci\u00f3n, Coloma destac\u00f3 que el BIM ya est\u00e1 generando datos de alto valor, pero que estos siguen estando fragmentados y limitados a cada proyecto. En este sentido, se\u00f1al\u00f3 como retos clave avanzar hacia una interoperabilidad sem\u00e1ntica real, garantizar la continuidad de los datos a lo largo del ciclo de vida de los activos y conectar el BIM con otros sistemas como el territorio, la operaci\u00f3n o la energ\u00eda.<\/p>\n","protected":false},"excerpt":{"rendered":"<p>El equipo docente de la UPC School ha tenido una participaci\u00f3n destacada en REBUILD 2026, el evento europeo de referencia en innovaci\u00f3n, arquitectura y construcci\u00f3n, celebrado del 24 al 26 de marzo en IFEMA Madrid. Este encuentro ha reunido a profesionales, empresas y expertos del sector para abordar algunos de sus principales retos, como la &#8230; <a title=\"El profesorado de la UPC School comparte conocimiento en REBUILD 2026\" class=\"read-more\" href=\"https:\/\/upcschool.upc.edu\/blog\/profesores-de-la-upc-school-comparten-conocimiento-en-rebuild-2026\/\" aria-label=\"Read more about El profesorado de la UPC School comparte conocimiento en REBUILD 2026\">Leer m\u00e1s<\/a><\/p>\n","protected":false},"author":2,"featured_media":18128,"comment_status":"open","ping_status":"open","sticky":false,"template":"","format":"standard","meta":{"footnotes":""},"categories":[22,578,258,27,23],"tags":[814,173,2323,2188,1866,2530,2221,1902,1865,1201],"class_list":["post-18120","post","type-post","status-publish","format-standard","has-post-thumbnail","hentry","category-arquitectura-2","category-ingenieria-2","category-rehabilitacion-2","category-sostenibilidad-2","category-tic-2","tag-arquitectura","tag-construccion","tag-construccion-sostenible","tag-digitalizacion-en-construccion","tag-innovacion-en-sector-aeco","tag-master-arquitectura-con-madera","tag-master-bim-management","tag-profesorado-upc-school","tag-rebuild","tag-sector-aeco"],"aioseo_notices":[],"_links":{"self":[{"href":"https:\/\/upcschool.upc.edu\/blog\/wp-json\/wp\/v2\/posts\/18120","targetHints":{"allow":["GET"]}}],"collection":[{"href":"https:\/\/upcschool.upc.edu\/blog\/wp-json\/wp\/v2\/posts"}],"about":[{"href":"https:\/\/upcschool.upc.edu\/blog\/wp-json\/wp\/v2\/types\/post"}],"author":[{"embeddable":true,"href":"https:\/\/upcschool.upc.edu\/blog\/wp-json\/wp\/v2\/users\/2"}],"replies":[{"embeddable":true,"href":"https:\/\/upcschool.upc.edu\/blog\/wp-json\/wp\/v2\/comments?post=18120"}],"version-history":[{"count":4,"href":"https:\/\/upcschool.upc.edu\/blog\/wp-json\/wp\/v2\/posts\/18120\/revisions"}],"predecessor-version":[{"id":18136,"href":"https:\/\/upcschool.upc.edu\/blog\/wp-json\/wp\/v2\/posts\/18120\/revisions\/18136"}],"wp:featuredmedia":[{"embeddable":true,"href":"https:\/\/upcschool.upc.edu\/blog\/wp-json\/wp\/v2\/media\/18128"}],"wp:attachment":[{"href":"https:\/\/upcschool.upc.edu\/blog\/wp-json\/wp\/v2\/media?parent=18120"}],"wp:term":[{"taxonomy":"category","embeddable":true,"href":"https:\/\/upcschool.upc.edu\/blog\/wp-json\/wp\/v2\/categories?post=18120"},{"taxonomy":"post_tag","embeddable":true,"href":"https:\/\/upcschool.upc.edu\/blog\/wp-json\/wp\/v2\/tags?post=18120"}],"curies":[{"name":"wp","href":"https:\/\/api.w.org\/{rel}","templated":true}]}}