{"id":2007,"date":"2013-10-22T18:09:14","date_gmt":"2013-10-22T16:09:14","guid":{"rendered":"http:\/\/www.talent.upc.edu\/blog\/?p=2007"},"modified":"2013-10-28T18:48:13","modified_gmt":"2013-10-28T16:48:13","slug":"el-ispc-coorganizador-del-master-en-incendios-y-proteccion-civil-participa-en-la-jornada-seguridad-en-actividades-multitudinarias","status":"publish","type":"post","link":"https:\/\/upcschool.upc.edu\/blog\/el-ispc-coorganizador-del-master-en-incendios-y-proteccion-civil-participa-en-la-jornada-seguridad-en-actividades-multitudinarias\/","title":{"rendered":"El ISPC, coorganizador del m\u00e1ster en Incendios y Protecci\u00f3n Civil, participa en la jornada Seguridad en Actividades Multitudinarias"},"content":{"rendered":"<p>El Instituto de Seguridad P\u00fablica de Catalu\u00f1a (ISPC), coorganizador del <a title=\"M\u00e1ster en Incendios y Protecci\u00f3n Civil \" href=\"http:\/\/www.talent.upc.edu\/professionals\/presentacio\/idioma\/esp\/codi\/209600\/incendis\/proteccio\/civil\/safety\/engineering\/\" target=\"_blank\">m\u00e1ster en Incendios y Protecci\u00f3n Civil. Safety Engineering<\/a> de la UPC School , organiza una jornada en Seguridad en Actividades Multitudinarias. Ser\u00e1 este pr\u00f3ximo mi\u00e9rcoles 30 de octubre de 2013 en Mollet del Vall\u00e9s.<\/p>\n<p>En esta jornada se realizar\u00e1n tres mesas redondas sobre la seguridad en grandes aforos, en las cuales se tratar\u00e1n tem\u00e1ticas como la regulaci\u00f3n administrativa de grandes espect\u00e1culos y actividades recreativas, la gesti\u00f3n integral de grandes eventos y el control de bomberos, los planes de autoprotecci\u00f3n, el tratamiento de informaci\u00f3n de emergencia y los dispositivos especiales al aire libre y transporte en grandes eventos, entre otros. <!--more-->Participar\u00e1n miembros de la Generalitat de Catalunya &#8211; Mossos d&#8217;Esquadra, Bomberos de Barcelona (Ayuntamiento de Barcelona), Guardia Urbana o Metro de Barcelona.<\/p>\n<p><a href=\"https:\/\/upcschool.upc.edu\/blog\/wp-content\/uploads\/2013\/10\/Institut_Seguretat_Publica.jpg\"><img loading=\"lazy\" decoding=\"async\" class=\"size-full wp-image-2005 alignleft\" alt=\"Institut Seguretat P\u00fablica Catalunya\" src=\"https:\/\/upcschool.upc.edu\/blog\/wp-content\/uploads\/2013\/10\/Institut_Seguretat_Publica.jpg\" width=\"98\" height=\"150\" \/><\/a>Jordi Sans, responsable de investigaci\u00f3n del Instituto de Seguridad P\u00fablica de Catalu\u00f1a y director del m\u00e1ster en Incendios y Protecci\u00f3n Civil. Safety Engineering , realizar\u00e1 la moderaci\u00f3n de la tercera mesa redonda, en la cual se tratar\u00e1n temas como las medidas de prevenci\u00f3n del p\u00e1nico o la evacuaci\u00f3n de personas en actividades multitudinarias, a trav\u00e9s de dos experiencias pr\u00e1cticas como el Palau Sant Jordi o el festival de m\u00fasica electr\u00f3nica, S\u00f3nar.<\/p>\n<p><strong>M\u00e1s informaci\u00f3n:<\/strong><\/p>\n<p><a title=\"Jornada Seguridad en Actividades Multitudinarias\" href=\"http:\/\/www20.gencat.cat\/docs\/interior\/Home\/MS%20-%20Institut%20de%20Seguretat%20Publica%20de%20Catalunya\/02%20ambits%20dactuacio\/1_Formacio\/2%20Escola%20Bombers%20i%20Proteccio%20Civil\/Jornades%20EBPC\/Programa%20activitats%20multitudin%C3%A0ries.pdf\" target=\"_blank\">Jornada Seguridad en Actividades Multitudinarias <\/a><\/p>\n","protected":false},"excerpt":{"rendered":"<p>El Instituto de Seguridad P\u00fablica de Catalu\u00f1a (ISPC), coorganizador del m\u00e1ster en Incendios y Protecci\u00f3n Civil. Safety Engineering de la UPC School , organiza una jornada en Seguridad en Actividades Multitudinarias. Ser\u00e1 este pr\u00f3ximo mi\u00e9rcoles 30 de octubre de 2013 en Mollet del Vall\u00e9s. En esta jornada se realizar\u00e1n tres mesas redondas sobre la seguridad &#8230; <a title=\"El ISPC, coorganizador del m\u00e1ster en Incendios y Protecci\u00f3n Civil, participa en la jornada Seguridad en Actividades Multitudinarias\" class=\"read-more\" href=\"https:\/\/upcschool.upc.edu\/blog\/el-ispc-coorganizador-del-master-en-incendios-y-proteccion-civil-participa-en-la-jornada-seguridad-en-actividades-multitudinarias\/\" aria-label=\"Read more about El ISPC, coorganizador del m\u00e1ster en Incendios y Protecci\u00f3n Civil, participa en la jornada Seguridad en Actividades Multitudinarias\">Leer m\u00e1s<\/a><\/p>\n","protected":false},"author":2,"featured_media":2002,"comment_status":"open","ping_status":"open","sticky":false,"template":"","format":"standard","meta":{"footnotes":""},"categories":[31,135],"tags":[136,137,138],"class_list":["post-2007","post","type-post","status-publish","format-standard","has-post-thumbnail","hentry","category-ingenieria-civil","category-seguridad-y-proteccion-civil","tag-master-incendios","tag-proteccion-civil","tag-seguridad-publica"],"aioseo_notices":[],"_links":{"self":[{"href":"https:\/\/upcschool.upc.edu\/blog\/wp-json\/wp\/v2\/posts\/2007","targetHints":{"allow":["GET"]}}],"collection":[{"href":"https:\/\/upcschool.upc.edu\/blog\/wp-json\/wp\/v2\/posts"}],"about":[{"href":"https:\/\/upcschool.upc.edu\/blog\/wp-json\/wp\/v2\/types\/post"}],"author":[{"embeddable":true,"href":"https:\/\/upcschool.upc.edu\/blog\/wp-json\/wp\/v2\/users\/2"}],"replies":[{"embeddable":true,"href":"https:\/\/upcschool.upc.edu\/blog\/wp-json\/wp\/v2\/comments?post=2007"}],"version-history":[{"count":8,"href":"https:\/\/upcschool.upc.edu\/blog\/wp-json\/wp\/v2\/posts\/2007\/revisions"}],"predecessor-version":[{"id":2083,"href":"https:\/\/upcschool.upc.edu\/blog\/wp-json\/wp\/v2\/posts\/2007\/revisions\/2083"}],"wp:featuredmedia":[{"embeddable":true,"href":"https:\/\/upcschool.upc.edu\/blog\/wp-json\/wp\/v2\/media\/2002"}],"wp:attachment":[{"href":"https:\/\/upcschool.upc.edu\/blog\/wp-json\/wp\/v2\/media?parent=2007"}],"wp:term":[{"taxonomy":"category","embeddable":true,"href":"https:\/\/upcschool.upc.edu\/blog\/wp-json\/wp\/v2\/categories?post=2007"},{"taxonomy":"post_tag","embeddable":true,"href":"https:\/\/upcschool.upc.edu\/blog\/wp-json\/wp\/v2\/tags?post=2007"}],"curies":[{"name":"wp","href":"https:\/\/api.w.org\/{rel}","templated":true}]}}