{"id":2268,"date":"2013-11-06T17:48:05","date_gmt":"2013-11-06T15:48:05","guid":{"rendered":"http:\/\/www.talent.upc.edu\/blog\/?p=2268"},"modified":"2013-11-06T19:00:52","modified_gmt":"2013-11-06T17:00:52","slug":"primer-seminario-internacional-en-la-upc-school-en-direccion-y-gestion-de-organizaciones-de-salud-2","status":"publish","type":"post","link":"https:\/\/upcschool.upc.edu\/blog\/primer-seminario-internacional-en-la-upc-school-en-direccion-y-gestion-de-organizaciones-de-salud-2\/","title":{"rendered":"Primer seminario internacional sobre Direcci\u00f3n y Gesti\u00f3n de Organizaciones de Salud en la UPC School"},"content":{"rendered":"<p>La UPC School acoge durante esta semana la primera edici\u00f3n de un seminario en el \u00e1mbito de la gesti\u00f3n sanitaria de 23 alumnos de la universidad mexicana del Valle del Toluca. El <strong><i>stage<\/i><\/strong> lleva por t\u00edtulo <strong>Direcci\u00f3n y Gesti\u00f3n de Organizaciones de Salud<\/strong>.<\/p>\n<p>En esta primera edici\u00f3n, las visitas presenciales a centros sanitarios y a las principales organizaciones relacionadas en el \u00e1mbito de la salud tendr\u00e1n un peso important\u00edsimo, gracias a las cuales los participantes conocer\u00e1n a fondo el sistema sanitario en Catalu\u00f1a.<!--more-->Los alumnos visitar\u00e1n el <strong>Instituto Catal\u00e1n de Oncolog\u00eda<\/strong>, donde recibir\u00e1n una conferencia sobre los cuidados paliativos, el <strong>centro m\u00e9dico Teknon, <\/strong>donde su director m\u00e9dico Josep M. Pay\u00e1 les explicar\u00e1 los detalles de gesti\u00f3n de una cl\u00ednica privada abierta y el <strong>Hospital Sant Pau, <\/strong>donde conocer\u00e1n c\u00f3mo se gestiona un centro concertado. La visi\u00f3n sobre c\u00f3mo gestionar un laboratorio de an\u00e1lisis cl\u00ednicos la aprender\u00e1n en el <strong>laboratorio Dr. Echevarne<\/strong> y en la <strong>Fundaci\u00f3n TICSalut<\/strong>, su director general, les hablar\u00e1 sobre las tecnolog\u00edas de la informaci\u00f3n aplicadas a la medicina.<\/p>\n<p>El <strong>centro oftalmol\u00f3gico Barraquer<\/strong> o el <strong>Parque de Investigaci\u00f3n Biom\u00e9dica<\/strong> ser\u00e1n otros de los centros que visitar\u00e1n los alumnos participantes en este seminario.<\/p>\n<p>La UPC School mantiene excelentes relaciones con la <strong>Universidad del Valle de Toluca (M\u00e9xico)<\/strong>, con quien realiza conjuntamente actividades de formaci\u00f3n que refuerzan el intercambio de conocimientos y experiencias innovadoras en el \u00e1mbito del <i>management. <\/i><\/p>\n<p><a href=\"https:\/\/upcschool.upc.edu\/blog\/wp-content\/uploads\/2013\/11\/DSC_4412.jpg\"><img loading=\"lazy\" decoding=\"async\" class=\"size-medium wp-image-2250 alignnone\" alt=\"Seminario Gesti\u00f3 Organitzacions Salut\" src=\"https:\/\/upcschool.upc.edu\/blog\/wp-content\/uploads\/2013\/11\/DSC_4412-300x199.jpg\" width=\"300\" height=\"199\" srcset=\"https:\/\/upcschool.upc.edu\/blog\/wp-content\/uploads\/2013\/11\/DSC_4412-300x199.jpg 300w, https:\/\/upcschool.upc.edu\/blog\/wp-content\/uploads\/2013\/11\/DSC_4412-1024x680.jpg 1024w, https:\/\/upcschool.upc.edu\/blog\/wp-content\/uploads\/2013\/11\/DSC_4412-451x300.jpg 451w\" sizes=\"auto, (max-width: 300px) 100vw, 300px\" \/><\/a><\/p>\n","protected":false},"excerpt":{"rendered":"<p>La UPC School acoge durante esta semana la primera edici\u00f3n de un seminario en el \u00e1mbito de la gesti\u00f3n sanitaria de 23 alumnos de la universidad mexicana del Valle del Toluca. El stage lleva por t\u00edtulo Direcci\u00f3n y Gesti\u00f3n de Organizaciones de Salud. En esta primera edici\u00f3n, las visitas presenciales a centros sanitarios y a &#8230; <a title=\"Primer seminario internacional sobre Direcci\u00f3n y Gesti\u00f3n de Organizaciones de Salud en la UPC School\" class=\"read-more\" href=\"https:\/\/upcschool.upc.edu\/blog\/primer-seminario-internacional-en-la-upc-school-en-direccion-y-gestion-de-organizaciones-de-salud-2\/\" aria-label=\"Read more about Primer seminario internacional sobre Direcci\u00f3n y Gesti\u00f3n de Organizaciones de Salud en la UPC School\">Leer m\u00e1s<\/a><\/p>\n","protected":false},"author":2,"featured_media":2250,"comment_status":"open","ping_status":"open","sticky":false,"template":"","format":"standard","meta":{"footnotes":""},"categories":[24,205,68],"tags":[207,206,58,57],"class_list":["post-2268","post","type-post","status-publish","format-standard","has-post-thumbnail","hentry","category-management_2","category-salud","category-stage-formativos","tag-gestion-sanitaria","tag-salud-2","tag-seminarios","tag-stage-formativo"],"aioseo_notices":[],"_links":{"self":[{"href":"https:\/\/upcschool.upc.edu\/blog\/wp-json\/wp\/v2\/posts\/2268","targetHints":{"allow":["GET"]}}],"collection":[{"href":"https:\/\/upcschool.upc.edu\/blog\/wp-json\/wp\/v2\/posts"}],"about":[{"href":"https:\/\/upcschool.upc.edu\/blog\/wp-json\/wp\/v2\/types\/post"}],"author":[{"embeddable":true,"href":"https:\/\/upcschool.upc.edu\/blog\/wp-json\/wp\/v2\/users\/2"}],"replies":[{"embeddable":true,"href":"https:\/\/upcschool.upc.edu\/blog\/wp-json\/wp\/v2\/comments?post=2268"}],"version-history":[{"count":5,"href":"https:\/\/upcschool.upc.edu\/blog\/wp-json\/wp\/v2\/posts\/2268\/revisions"}],"predecessor-version":[{"id":2275,"href":"https:\/\/upcschool.upc.edu\/blog\/wp-json\/wp\/v2\/posts\/2268\/revisions\/2275"}],"wp:featuredmedia":[{"embeddable":true,"href":"https:\/\/upcschool.upc.edu\/blog\/wp-json\/wp\/v2\/media\/2250"}],"wp:attachment":[{"href":"https:\/\/upcschool.upc.edu\/blog\/wp-json\/wp\/v2\/media?parent=2268"}],"wp:term":[{"taxonomy":"category","embeddable":true,"href":"https:\/\/upcschool.upc.edu\/blog\/wp-json\/wp\/v2\/categories?post=2268"},{"taxonomy":"post_tag","embeddable":true,"href":"https:\/\/upcschool.upc.edu\/blog\/wp-json\/wp\/v2\/tags?post=2268"}],"curies":[{"name":"wp","href":"https:\/\/api.w.org\/{rel}","templated":true}]}}