{"id":2382,"date":"2013-11-27T13:57:09","date_gmt":"2013-11-27T12:57:09","guid":{"rendered":"http:\/\/www.talent.upc.edu\/blog\/?p=2382"},"modified":"2014-01-14T09:40:00","modified_gmt":"2014-01-14T08:40:00","slug":"gaudeix-dun-10-de-descompte-en-una-seleccio-de-programes-de-la-upc-school","status":"publish","type":"post","link":"https:\/\/upcschool.upc.edu\/blog\/gaudeix-dun-10-de-descompte-en-una-seleccio-de-programes-de-la-upc-school\/?lang=ca","title":{"rendered":"Gaudeix d\u2019un 10% de descompte en una selecci\u00f3 de programes de la UPC School"},"content":{"rendered":"<p>La UPC School ha obert el per\u00edode de matriculaci\u00f3 per a la seva oferta de formaci\u00f3 permanent que s\u2019inicia en els primers mesos de l\u2019any 2014. Ara, si la matr\u00edcula es formalitza en algun dels programes seleccionats en les \u00e0rees d\u2019arquitectura, edificaci\u00f3 i urbanisme; gesti\u00f3 i organitzaci\u00f3 d\u2019empreses; enginyeria i sostenibilitat o tecnologies de la informaci\u00f3, i es fa efectiva entre el <strong>27 de novembre de 2013 i el 10 de gener de 2014<\/strong>, s\u2019obtindr\u00e0 un <strong>10% de descompte.<!--more--><\/strong><\/p>\n<p>Els m\u00e0sters, postgraus i cursos de formaci\u00f3 cont\u00ednua que s&#8217;acullen a aquesta promoci\u00f3 de la UPC School s\u00f3n programes que, per la seva doble vessant d&#8217;especialitzaci\u00f3 t\u00e8cnica i de <i>management<\/i>, s\u00f3n un aposta clara per fomentar i millorar l&#8217;ocupabilitat entre tots aquells professionals que desitgin donar un impuls a la seva carrera professional.<\/p>\n<p>Els <strong>programes que gaudiran d&#8217;un 10% de descompte en la matr\u00edcula<\/strong> s\u00f3n els seg\u00fcents:<\/p>\n<p><strong>ARQUITECTURA, EDIFICACI\u00d3 I URBANISME:<\/strong><\/p>\n<ul>\n<li><a title=\"Desarrollo Urbano y Territorial\" href=\"http:\/\/www.talent.upc.edu\/professionals\/presentacio\/idioma\/cat\/codi\/205000\/desenvolupament\/urba\/territorial\/gestio\/transformacio\/ciutats\/paisos\/desenvolupament\/\" target=\"_blank\">Desenvolupament Urb\u00e0 i Territorial: Gesti\u00f3 i Transformaci\u00f3 de les Ciutats en Pa\u00efsos en Desenvolupament<\/a><\/li>\n<li><a title=\"Sistemas de Calificaci\u00f3n y Certificaci\u00f3n Energ\u00e9tica\" href=\"http:\/\/www.talent.upc.edu\/professionals\/presentacio\/idioma\/cat\/codi\/326801\/sistemas\/calificacion\/certificacion\/energetica\/edificios\/estandares\/europeos\/certificacion\/leed\/\" target=\"_blank\">Sistemes de Qualificaci\u00f3 i Certificaci\u00f3 Energ\u00e8tica en Edificis: Est\u00e0ndards Europeus i Certificaci\u00f3 LEED<\/a><\/li>\n<li><a title=\"Arquitectura y Ahorro Energ\u00e9tico\" href=\"http:\/\/www.talent.upc.edu\/professionals\/presentacio\/idioma\/cat\/codi\/312701\/arquitectura\/ahorro\/energetico\/herramientas\/informaticas\/diseno\/evaluacion\/certificacion\/era\/cambio\/climatico\/\" target=\"_blank\">Arquitectura i Estalvi Energ\u00e8tic: Eines Inform\u00e0tiques per al Disseny, Avaluaci\u00f3 i <\/a><a title=\"Arquitectura y Ahorro Energ\u00e9tico\" href=\"http:\/\/www.talent.upc.edu\/professionals\/presentacio\/idioma\/cat\/codi\/312701\/arquitectura\/ahorro\/energetico\/herramientas\/informaticas\/diseno\/evaluacion\/certificacion\/era\/cambio\/climatico\/\" target=\"_blank\">Certificaci\u00f3 en l&#8217;Era del Canvi Clim\u00e0tic<\/a><\/li>\n<li><a title=\"Medi Ambient Urb\u00e0 i Sostenibilitat\" href=\"http:\/\/www.talent.upc.edu\/professionals\/presentacio\/idioma\/cat\/codi\/301800\/ambiente\/urbano\/sostenibilidad\/\" target=\"_blank\">Medi Ambient Urb\u00e0 i Sostenibilitat<\/a><\/li>\n<li><a title=\"Aplicaciones Territoriales del SIG\" href=\"http:\/\/www.talent.upc.edu\/professionals\/presentacio\/idioma\/cat\/codi\/312400\/aplicaciones\/territoriales\/sig\/\" target=\"_blank\">Aplicacions Territorials del SIG<\/a><\/li>\n<li><a title=\"Aplicaciones Mediambientales del SIG\" href=\"http:\/\/www.talent.upc.edu\/professionals\/presentacio\/idioma\/cat\/codi\/312300\/aplicaciones\/medioambientales\/sig\/\" target=\"_blank\">Aplicacions Mediambientals del SIG<\/a><\/li>\n<li><a title=\"Projectar la Ciutat (Planejament Urb\u00e0)\" href=\"http:\/\/www.talent.upc.edu\/professionals\/presentacio\/idioma\/cat\/codi\/304000\/proyectar\/ciudad\/planeamiento\/urbano\/\" target=\"_blank\">Projectar la Ciutat (Planejament Urb\u00e0)<\/a><\/li>\n<li><a title=\"El Proyecto del Espacio P\u00fablico\" href=\"http:\/\/www.talent.upc.edu\/professionals\/presentacio\/idioma\/cat\/codi\/317500\/proyecto\/espacio\/publico\/\" target=\"_blank\">El Projecte de l&#8217;Espai P\u00fablic<\/a><\/li>\n<li><a title=\"El Turismo: Nuevos Usos para Antiguos Territorios\" href=\"http:\/\/www.talent.upc.edu\/professionals\/presentacio\/idioma\/cat\/codi\/317600\/turismo\/nuevos\/usos\/antiguos\/territorios\/\" target=\"_blank\">El Turisme: Nous Usos per a AnticsTerritoris<\/a><\/li>\n<li><a title=\"Valoraciones Inmobiliarias\" href=\"http:\/\/www.talent.upc.edu\/professionals\/presentacio\/idioma\/cat\/codi\/300800\/valoraciones\/inmobiliarias\/online\/\" target=\"_blank\">Valoracions Immobili\u00e0ries<\/a><\/li>\n<li><a title=\"Ecolog\u00eda Urbana\" href=\"http:\/\/www.talent.upc.edu\/professionals\/presentacio\/idioma\/cat\/codi\/516900\/ecologia\/urbana\/\" target=\"_blank\">Ecologia Urbana<\/a><\/li>\n<li><a href=\"http:\/\/www.talent.upc.edu\/professionals\/presentacio\/idioma\/cat\/codi\/515700\/avaluacio\/ambiental\/planejament\/\" target=\"_blank\">Avaluaci\u00f3 Ambiental del Planejament<\/a><\/li>\n<li><a title=\"Urbanismo Sostenible\" href=\"http:\/\/www.talent.upc.edu\/professionals\/presentacio\/idioma\/cat\/codi\/518300\/urbanismo\/sostenible\/\" target=\"_blank\">Urbanisme Sostenible<\/a><\/li>\n<li><a title=\"Smart Cities: Urbanismo y Tecnolog\u00edas\" href=\"http:\/\/www.talent.upc.edu\/professionals\/presentacio\/idioma\/cat\/codi\/526800\/smart\/cities\/urbanismo\/tecnologias\/\" target=\"_blank\">Smart Cities: Urbanisme i Tecnologies<\/a><\/li>\n<li><a title=\"SIG: Estudios Territoriales\" href=\"http:\/\/www.talent.upc.edu\/professionals\/presentacio\/idioma\/cat\/codi\/556400\/sig\/estudios\/territoriales\/\" target=\"_blank\">SIG: Estudis Territorials<\/a><\/li>\n<li><a title=\"SIG: Estudios Mediambientales\" href=\"http:\/\/www.talent.upc.edu\/professionals\/presentacio\/idioma\/cat\/codi\/556600\/sig\/estudios\/medioambientales\/\" target=\"_blank\">SIG: Estudis Mediambientals<\/a><\/li>\n<li><a title=\"SIG i Gesti\u00f3 de la Ciutat\" href=\"http:\/\/www.talent.upc.edu\/professionals\/presentacio\/idioma\/cat\/codi\/556500\/sig\/gestio\/ciutat\/\" target=\"_blank\">SIG i Gesti\u00f3 de la Ciutat<\/a><\/li>\n<li><a title=\"Tecnolog\u00edas Web SIG\" href=\"http:\/\/www.talent.upc.edu\/professionals\/presentacio\/idioma\/cat\/codi\/556300\/tecnologias\/sig\/\" target=\"_blank\">Tecnologies Web SIG<\/a><\/li>\n<li><a title=\"Refuerzo y Reparaci\u00f3n de Estructuras\" href=\"http:\/\/www.talent.upc.edu\/professionals\/presentacio\/idioma\/cat\/codi\/557400\/refuerzo\/reparacion\/estructuras\/\" target=\"_blank\">Refor\u00e7 i Reparaci\u00f3 d&#8217;Estructures<\/a><\/li>\n<li><a title=\"Proyecto y Rehabilitaci\u00f3n de Edificios en Zonas S\u00edsmicas\" href=\"http:\/\/www.talent.upc.edu\/professionals\/presentacio\/idioma\/cat\/codi\/506300\/proyecto\/rehabilitacion\/edificios\/zonas\/sismicas\/\" target=\"_blank\">Projecte i Rehabilitaci\u00f3 d&#8217;Edificis en Zones S\u00edsmiques<\/a><\/li>\n<li><a title=\"Rehabilitaci\u00f3n y Restauraci\u00f3n Arquitect\u00f3nica\" href=\"http:\/\/www.talent.upc.edu\/professionals\/presentacio\/idioma\/cat\/codi\/213400\/rehabilitacion\/restauracion\/arquitectonica\/evaluacion\/prestacional\/cte\/proyecto\/intervencion\/\" target=\"_blank\">Rehabilitaci\u00f3 i Restauraci\u00f3 Arquitect\u00f2nica: de l&#8217;Avaluaci\u00f3 Prestacional (CTE) al Projecte d&#8217;Intervenci\u00f3<\/a><\/li>\n<li><a title=\"Diagnosis y Criterios para la Intervenci\u00f3n en Rehabilitaci\u00f3n y Restauraci\u00f3n\" href=\"http:\/\/www.talent.upc.edu\/professionals\/presentacio\/idioma\/cat\/codi\/325900\/diagnosis\/criterios\/intervencion\/rehabilitacion\/restauracion\/arquitectonica\/\" target=\"_blank\">Diagnosi i Criteris per a la Intervenci\u00f3 en Rehabilitaci\u00f3 i Restauraci\u00f3 Arquitect\u00f2nica<\/a><\/li>\n<li><a title=\"Proyecto de Iluminaci\u00f3n y Entorno Profesional\" href=\"http:\/\/www.talent.upc.edu\/professionals\/presentacio\/idioma\/cat\/codi\/309900\/proyecto\/iluminacion\/entorno\/profesional\/\" target=\"_blank\">Projecte d&#8217;Il\u00b7luminaci\u00f3 i Entorn Professional<\/a><\/li>\n<li><a title=\"BIM Management: Gesti\u00f3n Multiplataforma\" href=\"http:\/\/www.talent.upc.edu\/professionals\/presentacio\/idioma\/cat\/codi\/328100\/bim\/management\/gestion\/multiplataforma\/building\/information\/modeling\/\" target=\"_blank\">BIM Management: Gesti\u00f3 Multiplataforma de Builing Information Modeling<\/a><\/li>\n<li><a title=\"BIM en Autodesk Revit\" href=\"http:\/\/www.talent.upc.edu\/professionals\/presentacio\/idioma\/cat\/codi\/527900\/bim\/autodesk\/revit\/\" target=\"_blank\">BIM en Autodesk Revit<\/a><\/li>\n<li><a title=\"BIM en Graphisoft ArchiCAD\" href=\"http:\/\/www.talent.upc.edu\/professionals\/presentacio\/idioma\/cat\/codi\/528500\/bim\/graphisoft\/archicad\/\" target=\"_blank\">BIM en Graphisoft ArchiCAD<\/a><\/li>\n<li><a title=\"L'Arquitectura a l'Antic Egipte\" href=\"http:\/\/www.talent.upc.edu\/professionals\/presentacio\/idioma\/cat\/codi\/315000\/arquitectura\/investigacio\/antic\/egipte\/\" target=\"_blank\">L&#8217;Arquitectura a la Investigaci\u00f3 de l&#8217;Antic Egipte<\/a><\/li>\n<\/ul>\n<p><strong>GESTI\u00d3 I ORGANITZACI\u00d3 D\u2019EMPRESES:<\/strong><\/p>\n<ul>\n<li><a href=\"http:\/\/www.talent.upc.edu\/professionals\/presentacio\/idioma\/cat\/codi\/310100\/gestio\/nautica\/esportiva\/\" target=\"_blank\">Gesti\u00f3 en N\u00e0utica Esportiva<\/a><\/li>\n<li><a title=\"Community Management\" href=\"http:\/\/www.talent.upc.edu\/professionals\/presentacio\/idioma\/cat\/codi\/307000\/community\/management\/comunicacion\/digital\/empresa\/\" target=\"_blank\">Community Management i Comunicaci\u00f3 Digital a la Empresa<\/a><\/li>\n<li><a title=\"Web Analytics y Social Analytics\" href=\"http:\/\/www.talent.upc.edu\/professionals\/presentacio\/idioma\/cat\/codi\/506800\/analytics\/social\/analytics\/\" target=\"_blank\">Web Analytics i Social Analytics<\/a><\/li>\n<li><a title=\"Product Management e Innovaci\u00f3n\" href=\"http:\/\/www.talent.upc.edu\/professionals\/presentacio\/idioma\/cat\/codi\/559300\/product\/management\/innovacion\/empreses\/tecnologicas\/\" target=\"_blank\">Product Management i Innovaci\u00f3 en Empreses Tecnol\u00f2giques<\/a><\/li>\n<li><a title=\"Programas de Mejora Lean Six Sigma. Nivel Black Belt. \" href=\"http:\/\/www.talent.upc.edu\/professionals\/presentacio\/idioma\/cat\/codi\/309800\/programas\/mejora\/lean\/six\/sigma\/nivel\/black\/belt\/\" target=\"_blank\">Programes de Millora Lean Six Sigma. Nivell Black Belt<\/a><\/li>\n<li><a title=\"Desarrollo de Competencias Directivas e Innovaci\u00f3n\" href=\"http:\/\/www.talent.upc.edu\/professionals\/presentacio\/idioma\/cat\/codi\/304700\/desarrollo\/competencias\/directivas\/innovacion\/\" target=\"_blank\">Desenvolupament de Compet\u00e8ncies Directives i d&#8217;Innovaci\u00f3<\/a><\/li>\n<li><a title=\"Finances Pr\u00e0ctiques\" href=\"http:\/\/www.talent.upc.edu\/professionals\/presentacio\/idioma\/cat\/codi\/526400\/finances\/practiques\/enginyers\/\" target=\"_blank\">Finances Pr\u00e0ctiques per\u00a0a Enginyers<\/a><\/li>\n<li><a title=\"Innovaci\u00f3n, Vigilancia Tecnol\u00f3gica y Propiedad Industrial\" href=\"http:\/\/www.talent.upc.edu\/professionals\/presentacio\/idioma\/cat\/codi\/326700\/innovacion\/vigilancia\/tecnologica\/propiedad\/industrial\/\" target=\"_blank\">Innovaci\u00f3, Vigilancia Tecnol\u00f2gica i Propietat Industrial<\/a><\/li>\n<li><a title=\"Ingenier\u00eda Creativa e Innovaci\u00f3n de Producto\" href=\"http:\/\/www.talent.upc.edu\/professionals\/presentacio\/idioma\/cat\/codi\/303600\/ingenieria\/creativa\/innovacion\/producto\/\" target=\"_blank\">Enginyeria Creativa i Innovaci\u00f3 de Producte<\/a><\/li>\n<\/ul>\n<p><strong>ENGINYERIA I SOSTENIBILITAT:<\/strong><\/p>\n<ul>\n<li><a href=\"http:\/\/www.talent.upc.edu\/professionals\/presentacio\/idioma\/cat\/codi\/320600\/electricidad\/electronica\/automovil\/eltica\/\" target=\"_blank\">Electricitat i Electr\u00f2nica de l&#8217;Autom\u00f2bil (ELTICA)<\/a><\/li>\n<li><a href=\"http:\/\/www.talent.upc.edu\/professionals\/presentacio\/idioma\/cat\/codi\/325400\/disseny\/components\/metal\/lics\/equipament\/industrial\/\" target=\"_blank\">Disseny de Components Met\u00e0l\u00b7lics en l&#8217;Equipament Industrial<\/a><\/li>\n<li><a href=\"http:\/\/www.talent.upc.edu\/professionals\/presentacio\/idioma\/cat\/codi\/325500\/disseny\/components\/plastic\/elastomer\/equipament\/industrial\/\" target=\"_blank\">Disseny de Components de Pl\u00e0stic i Elast\u00f2mer a l&#8217;Equipament Industrial<\/a><\/li>\n<li><a href=\"http:\/\/www.talent.upc.edu\/professionals\/presentacio\/idioma\/cat\/codi\/325000\/automatitzacio\/sistemes\/\" target=\"_blank\">Automatitzaci\u00f3 de Sistemes<\/a><\/li>\n<li><a href=\"http:\/\/www.talent.upc.edu\/professionals\/presentacio\/idioma\/cat\/codi\/325100\/components\/sistemes\/mecatronics\/enertronics\/\" target=\"_blank\">Components i Sistemes Mecatr\u00f2nics i Enertr\u00f2nics<\/a><\/li>\n<li><a href=\"http:\/\/www.talent.upc.edu\/professionals\/presentacio\/idioma\/cat\/codi\/323300\/instal\/lacions\/ferroviaries\/\" target=\"_blank\">Instal\u00b7lacions Ferrovi\u00e0ries<\/a><\/li>\n<li><a href=\"http:\/\/www.talent.upc.edu\/professionals\/presentacio\/idioma\/cat\/codi\/563600\/electrificacio\/energia\/\" target=\"_blank\">Electrificaci\u00f3 i Energia<\/a><\/li>\n<li><a href=\"http:\/\/www.talent.upc.edu\/professionals\/presentacio\/idioma\/cat\/codi\/563700\/senyalitzacio\/comunicacio\/gestio\/transit\/\" target=\"_blank\">Senyalitzaci\u00f3, Comunicaci\u00f3 i Gesti\u00f3 del Tr\u00e0nsit<\/a><\/li>\n<li><a href=\"http:\/\/www.talent.upc.edu\/professionals\/presentacio\/idioma\/cat\/codi\/501200\/dinamica\/sistemes\/\" target=\"_blank\">Din\u00e0mica de Sistemes<\/a><\/li>\n<li><a href=\"http:\/\/www.talent.upc.edu\/professionals\/presentacio\/idioma\/cat\/codi\/547300\/avancat\/dinamica\/sistemes\/\" target=\"_blank\">Avan\u00e7at de Din\u00e0mica de Sistemes<\/a><\/li>\n<li><a href=\"http:\/\/www.talent.upc.edu\/professionals\/presentacio\/idioma\/cat\/codi\/323400\/vehicles\/electrics\/tecnologies\/propulsio\/\" target=\"_blank\">Vehicles El\u00e8ctrics i Altres Tecnologies de Propulsi\u00f3<\/a><\/li>\n<li><a title=\"Vehicles Ferroviaris\" href=\"http:\/\/www.talent.upc.edu\/professionals\/presentacio\/idioma\/cat\/codi\/563500\/vehiculos\/ferroviarios\/\" target=\"_blank\">Vehicles Ferroviaris<\/a><\/li>\n<li><a href=\"http:\/\/www.talent.upc.edu\/professionals\/presentacio\/idioma\/cat\/codi\/327500\/gestio\/privada\/infraestructures\/\" target=\"_blank\">Gesti\u00f3 Privada de les Infraestructures<\/a><\/li>\n<li><a href=\"http:\/\/www.talent.upc.edu\/professionals\/presentacio\/idioma\/cat\/codi\/314400\/creativitat\/aromes\/fragancies\/bases\/empresarials\/\" target=\"_blank\">Creativitat en Aromes i Frag\u00e0ncies. Bases Empresarials<\/a><\/li>\n<li><a href=\"http:\/\/www.talent.upc.edu\/professionals\/presentacio\/idioma\/cat\/codi\/326000\/eficiencia\/energetica\/mercats\/energetics\/\" target=\"_blank\">Efici\u00e8ncia Energ\u00e8tica i Mercats Energ\u00e8tics<\/a><\/li>\n<li><a href=\"http:\/\/www.talent.upc.edu\/professionals\/presentacio\/idioma\/cat\/codi\/504200\/disseny\/calcul\/instal\/lacions\/electriques\/especials\/\" target=\"_blank\">Disseny i C\u00e0lcul d&#8217;Instal\u00b7lacions El\u00e8ctriques i Especials<\/a><\/li>\n<li><a href=\"http:\/\/www.talent.upc.edu\/professionals\/presentacio\/idioma\/cat\/codi\/306300\/smart\/mobility\/sistemes\/intel\/ligents\/transport\/\" target=\"_blank\">Smart Mobility. Sistemes Intel\u00b7ligents de Transport<\/a><\/li>\n<\/ul>\n<p><strong>TECNOLOGIES DE LA INFORMACI\u00d3 I LA COMUNICACI\u00d3:<\/strong><\/p>\n<ul>\n<li>\u00a0<a title=\"IT Governance\" href=\"http:\/\/www.talent.upc.edu\/professionals\/presentacio\/idioma\/cat\/codi\/300500\/governance\/\" target=\"_blank\">IT Governance<\/a><\/li>\n<li><a title=\"Service Management &amp; Engineering\" href=\"http:\/\/www.talent.upc.edu\/professionals\/presentacio\/idioma\/cat\/codi\/301300\/service\/management\/amp\/engineering\/\" target=\"_blank\">Service Management &amp; Engineering<\/a><\/li>\n<li><a title=\"Business Process Management (BPM)\" href=\"http:\/\/www.talent.upc.edu\/professionals\/presentacio\/idioma\/cat\/codi\/527800\/business\/process\/management\/bpm\/\" target=\"_blank\">Business Process Management (BPM)<\/a><\/li>\n<li><a title=\"Cloud Computing en el Entorno Empresarial\" href=\"http:\/\/www.talent.upc.edu\/professionals\/presentacio\/idioma\/cat\/codi\/504300\/cloud\/computing\/entorno\/empresarial\/\" target=\"_blank\">El Cloud Computing a l&#8217;Entorn Empresarial<\/a><\/li>\n<li><a title=\"Gesti\u00f3 Projectes Inform\u00e0tics\" href=\"http:\/\/www.talent.upc.edu\/professionals\/presentacio\/idioma\/cat\/codi\/523800\/gestion\/proyectos\/informaticos\/\" target=\"_blank\">Gesti\u00f3 de Projectes Inform\u00e0tics<\/a><\/li>\n<li><a title=\"Agile IT Management\" href=\"http:\/\/www.talent.upc.edu\/professionals\/presentacio\/idioma\/cat\/codi\/527700\/agile\/management\/scrum\/devops\/lean\/\" target=\"_blank\">Agile IT Management. Scrum, DevOps, Lean IT<\/a><\/li>\n<li><a title=\"Revelado de Archivos RAW\" href=\"http:\/\/www.talent.upc.edu\/professionals\/presentacio\/idioma\/cat\/codi\/525800\/revelado\/archivos\/raw\/tratamiento\/digital\/imagen\/\" target=\"_blank\">Revelat d&#8217;arxius RAW i Tractament Digital de la Imatge<\/a><\/li>\n<li><a title=\"Fotograf\u00eda con Light Painting\" href=\"http:\/\/www.talent.upc.edu\/professionals\/presentacio\/idioma\/cat\/codi\/525900\/fotografia\/light\/painting\/\" target=\"_blank\">Fotografia amb Light Painting<\/a><\/li>\n<li><a title=\"Creaci\u00f3 de Videojocs en HTML5 Canvas\" href=\"http:\/\/www.talent.upc.edu\/professionals\/presentacio\/idioma\/cat\/codi\/526000\/creacion\/videojuegos\/html\/canvas\/\" target=\"_blank\">Creaci\u00f3 de Videojocs en HTML5 Canvas<\/a><\/li>\n<li><a title=\"Iniciaci\u00f3n al Social Media i Reputaci\u00f3 Online\" href=\"http:\/\/www.talent.upc.edu\/professionals\/presentacio\/idioma\/cat\/codi\/526100\/iniciacion\/social\/media\/reputacion\/online\/\" target=\"_blank\">Iniciaci\u00f3 al Social Media i Reputaci\u00f3 Online<\/a><\/li>\n<li><a href=\"http:\/\/www.talent.upc.edu\/professionals\/presentacio\/idioma\/cat\/codi\/526300\/narrativa\/edicio\/fotografiques\/\" target=\"_blank\">Narrativa i Edici\u00f3 Fotogr\u00e0fica\u00a0<\/a><\/li>\n<li><a title=\"Infografia i Realisme\" href=\"http:\/\/www.talent.upc.edu\/professionals\/presentacio\/idioma\/cat\/codi\/528600\/infografia\/realisme\/\" target=\"_blank\">Infografia i Realisme<\/a><\/li>\n<li><a title=\"Disseny, Gesti\u00f3 i Optimitzaci\u00f3 i Venda d'Espais Publicitaris\" href=\"Tecnologies i Eines Hiperm\u00e8dia per a la Creaci\u00f3 i la Interacci\u00f3\" target=\"_blank\">Disseny, Gesti\u00f3, Optimitzaci\u00f3 i Venda d&#8217;Espais Publicitaris al Web<\/a><\/li>\n<li><a title=\"Composici\u00f3 per a Efectes Visuals\" href=\"http:\/\/www.talent.upc.edu\/professionals\/presentacio\/idioma\/cat\/codi\/529000\/composicio\/efectes\/visuals\/\" target=\"_blank\">Composici\u00f3 per a Efectes Visuals<\/a><\/li>\n<li><a title=\"Tecnologies i Eines Hiperm\u00e8dia\" href=\"http:\/\/www.talent.upc.edu\/professionals\/presentacio\/idioma\/cat\/codi\/529100\/tecnologies\/eines\/hipermedia\/\" target=\"_blank\">Tecnologies i Eines Hiperm\u00e8dia per a la Creaci\u00f3 i la Interacci\u00f3<\/a><\/li>\n<\/ul>\n<p>Els descomptes<b> no tindran car\u00e0cter retroactiu<\/b>, \u00e9s a dir nom\u00e9s afectaran a aquelles noves matr\u00edcules el primer pagament de les quals es faci des del 27 de novembre de 2013 al 10 de gener de 2014, i tampoc seran acumulables, aplicant-se nom\u00e9s a aquells alumnes que no gaudeixen de cap altre descompte o beca.<\/p>\n<p>La UPC School ofereix m\u00e0sters, postgraus i cursos de formaci\u00f3 cont\u00ednua per tots aquells professionals que desitgen tant especialitzar-se i complementar els seus coneixements i les seves habilitats de car\u00e0cter t\u00e8cnic, com per totes aquelles persones que volen orientar la carrera professional cap a la gesti\u00f3, la direcci\u00f3 i el lideratge d\u2019equips i projectes empresarials.<\/p>\n","protected":false},"excerpt":{"rendered":"<p>La UPC School ha obert el per\u00edode de matriculaci\u00f3 per a la seva oferta de formaci\u00f3 permanent que s\u2019inicia en els primers mesos de l\u2019any 2014. Ara, si la matr\u00edcula es formalitza en algun dels programes seleccionats en les \u00e0rees d\u2019arquitectura, edificaci\u00f3 i urbanisme; gesti\u00f3 i organitzaci\u00f3 d\u2019empreses; enginyeria i sostenibilitat o tecnologies de la &#8230; <a title=\"Gaudeix d\u2019un 10% de descompte en una selecci\u00f3 de programes de la UPC School\" class=\"read-more\" href=\"https:\/\/upcschool.upc.edu\/blog\/gaudeix-dun-10-de-descompte-en-una-seleccio-de-programes-de-la-upc-school\/?lang=ca\" aria-label=\"Read more about Gaudeix d\u2019un 10% de descompte en una selecci\u00f3 de programes de la UPC School\">Leer m\u00e1s<\/a><\/p>\n","protected":false},"author":2,"featured_media":2422,"comment_status":"open","ping_status":"open","sticky":false,"template":"","format":"standard","meta":{"footnotes":""},"categories":[5,7,12,4,17,11,6],"tags":[19,18,113],"class_list":["post-2382","post","type-post","status-publish","format-standard","has-post-thumbnail","hentry","category-arquitectura","category-enginyeria_industrial","category-innovacio","category-management","category-promocions1","category-sostenibilitat","category-tic_2","tag-masters-arquitectura_2","tag-masters-management_2","tag-masters-tic_2"],"aioseo_notices":[],"_links":{"self":[{"href":"https:\/\/upcschool.upc.edu\/blog\/wp-json\/wp\/v2\/posts\/2382","targetHints":{"allow":["GET"]}}],"collection":[{"href":"https:\/\/upcschool.upc.edu\/blog\/wp-json\/wp\/v2\/posts"}],"about":[{"href":"https:\/\/upcschool.upc.edu\/blog\/wp-json\/wp\/v2\/types\/post"}],"author":[{"embeddable":true,"href":"https:\/\/upcschool.upc.edu\/blog\/wp-json\/wp\/v2\/users\/2"}],"replies":[{"embeddable":true,"href":"https:\/\/upcschool.upc.edu\/blog\/wp-json\/wp\/v2\/comments?post=2382"}],"version-history":[{"count":32,"href":"https:\/\/upcschool.upc.edu\/blog\/wp-json\/wp\/v2\/posts\/2382\/revisions"}],"predecessor-version":[{"id":2693,"href":"https:\/\/upcschool.upc.edu\/blog\/wp-json\/wp\/v2\/posts\/2382\/revisions\/2693"}],"wp:featuredmedia":[{"embeddable":true,"href":"https:\/\/upcschool.upc.edu\/blog\/wp-json\/wp\/v2\/media\/2422"}],"wp:attachment":[{"href":"https:\/\/upcschool.upc.edu\/blog\/wp-json\/wp\/v2\/media?parent=2382"}],"wp:term":[{"taxonomy":"category","embeddable":true,"href":"https:\/\/upcschool.upc.edu\/blog\/wp-json\/wp\/v2\/categories?post=2382"},{"taxonomy":"post_tag","embeddable":true,"href":"https:\/\/upcschool.upc.edu\/blog\/wp-json\/wp\/v2\/tags?post=2382"}],"curies":[{"name":"wp","href":"https:\/\/api.w.org\/{rel}","templated":true}]}}