{"id":2667,"date":"2014-01-13T14:22:12","date_gmt":"2014-01-13T13:22:12","guid":{"rendered":"http:\/\/www.talent.upc.edu\/blog\/?p=2667"},"modified":"2014-01-14T18:02:52","modified_gmt":"2014-01-14T17:02:52","slug":"nueva-edicion-de-la-jornada-connect-eu","status":"publish","type":"post","link":"https:\/\/upcschool.upc.edu\/blog\/nueva-edicion-de-la-jornada-connect-eu\/","title":{"rendered":"Nueva edici\u00f3n de la Jornada Connect-EU"},"content":{"rendered":"<p>El pr\u00f3ximo jueves <strong>16 de enero<\/strong> tendr\u00e1 lugar en el World Trade Center de Barcelona una nueva edici\u00f3n de la\u00a0<strong><a title=\"Jornada Connect EU\" href=\"http:\/\/www.jornadaconnecteu.cat\/actes\/connect-eu\/\" target=\"_blank\">Jornada Connect-EU<\/a>.\u00a0<\/strong>Esta iniciativa, organizada por <strong>ACC10<\/strong> y <strong>AGAUR,\u00a0<\/strong>pretende preparar y ayudar a las empresas catalanas para encontrar socios y presentar con mejores garant\u00edas proyectos tecnol\u00f3gicos colaborativos para las convocatorias de <a title=\"HORIZON 2020\" href=\"http:\/\/ec.europa.eu\/programmes\/horizon2020\/\" target=\"_blank\"><strong>Horizon 2020<\/strong><\/a>\u00a0(el nuevo programa marco de R+D de la Uni\u00f3n Europea) o bien iniciar un proceso de internacionalizaci\u00f3n de la investigaci\u00f3n, desarrollo e innovaci\u00f3n.\u00a0<!--more--><\/p>\n<p>En la organizaci\u00f3n de esta jornada participar\u00e1 <strong>Mariona Sanz Aus\u00e0s<\/strong>, profesora de nuestro <a title=\"Posgrado R+D Management\" href=\"http:\/\/www.talent.upc.edu\/professionals\/presentacio\/idioma\/esp\/codi\/311000\/bannerhome\/\" target=\"_blank\"><strong>Posgrado en R+D Management<\/strong><\/a> y directora de la unidad de innovaci\u00f3n empresarial de <strong>ACC10<\/strong>,\u00a0agencia catalana para la competitividad de la empresa.<\/p>\n<p>Puedes consultar el programa completo de la jornada\u00a0<a title=\"Agenda Jornada Connect-EU\" href=\"http:\/\/www.jornadaconnecteu.cat\/actes\/binaris\/Programa_Connect-EU_2014_CAT_tcm237-144213.pdf\" target=\"_blank\">aqu\u00ed<\/a>.<\/p>\n<p><a href=\"https:\/\/upcschool.upc.edu\/blog\/wp-content\/uploads\/2014\/01\/ConnetEU_2014.gif\"><img loading=\"lazy\" decoding=\"async\" class=\"size-medium wp-image-2668 alignleft\" alt=\"ConnetEU_2014\" src=\"https:\/\/upcschool.upc.edu\/blog\/wp-content\/uploads\/2014\/01\/ConnetEU_2014-300x79.gif\" width=\"300\" height=\"79\" srcset=\"https:\/\/upcschool.upc.edu\/blog\/wp-content\/uploads\/2014\/01\/ConnetEU_2014-300x79.gif 300w, https:\/\/upcschool.upc.edu\/blog\/wp-content\/uploads\/2014\/01\/ConnetEU_2014-500x131.gif 500w\" sizes=\"auto, (max-width: 300px) 100vw, 300px\" \/><\/a><\/p>\n<p>&nbsp;<\/p>\n<p>&nbsp;<\/p>\n","protected":false},"excerpt":{"rendered":"<p>El pr\u00f3ximo jueves 16 de enero tendr\u00e1 lugar en el World Trade Center de Barcelona una nueva edici\u00f3n de la\u00a0Jornada Connect-EU.\u00a0Esta iniciativa, organizada por ACC10 y AGAUR,\u00a0pretende preparar y ayudar a las empresas catalanas para encontrar socios y presentar con mejores garant\u00edas proyectos tecnol\u00f3gicos colaborativos para las convocatorias de Horizon 2020\u00a0(el nuevo programa marco de &#8230; <a title=\"Nueva edici\u00f3n de la Jornada Connect-EU\" class=\"read-more\" href=\"https:\/\/upcschool.upc.edu\/blog\/nueva-edicion-de-la-jornada-connect-eu\/\" aria-label=\"Read more about Nueva edici\u00f3n de la Jornada Connect-EU\">Leer m\u00e1s<\/a><\/p>\n","protected":false},"author":2,"featured_media":2669,"comment_status":"open","ping_status":"open","sticky":false,"template":"","format":"standard","meta":{"footnotes":""},"categories":[28,23],"tags":[291,127,816,290,292,289],"class_list":["post-2667","post","type-post","status-publish","format-standard","has-post-thumbnail","hentry","category-innovacion-2","category-tic-2","tag-horizon-2020","tag-id_2","tag-innovacion-2","tag-investigacion-y-desarrollo","tag-jornada-connect-eu","tag-rd"],"aioseo_notices":[],"_links":{"self":[{"href":"https:\/\/upcschool.upc.edu\/blog\/wp-json\/wp\/v2\/posts\/2667","targetHints":{"allow":["GET"]}}],"collection":[{"href":"https:\/\/upcschool.upc.edu\/blog\/wp-json\/wp\/v2\/posts"}],"about":[{"href":"https:\/\/upcschool.upc.edu\/blog\/wp-json\/wp\/v2\/types\/post"}],"author":[{"embeddable":true,"href":"https:\/\/upcschool.upc.edu\/blog\/wp-json\/wp\/v2\/users\/2"}],"replies":[{"embeddable":true,"href":"https:\/\/upcschool.upc.edu\/blog\/wp-json\/wp\/v2\/comments?post=2667"}],"version-history":[{"count":7,"href":"https:\/\/upcschool.upc.edu\/blog\/wp-json\/wp\/v2\/posts\/2667\/revisions"}],"predecessor-version":[{"id":2678,"href":"https:\/\/upcschool.upc.edu\/blog\/wp-json\/wp\/v2\/posts\/2667\/revisions\/2678"}],"wp:featuredmedia":[{"embeddable":true,"href":"https:\/\/upcschool.upc.edu\/blog\/wp-json\/wp\/v2\/media\/2669"}],"wp:attachment":[{"href":"https:\/\/upcschool.upc.edu\/blog\/wp-json\/wp\/v2\/media?parent=2667"}],"wp:term":[{"taxonomy":"category","embeddable":true,"href":"https:\/\/upcschool.upc.edu\/blog\/wp-json\/wp\/v2\/categories?post=2667"},{"taxonomy":"post_tag","embeddable":true,"href":"https:\/\/upcschool.upc.edu\/blog\/wp-json\/wp\/v2\/tags?post=2667"}],"curies":[{"name":"wp","href":"https:\/\/api.w.org\/{rel}","templated":true}]}}