{"id":2797,"date":"2014-01-23T18:34:15","date_gmt":"2014-01-23T17:34:15","guid":{"rendered":"http:\/\/www.talent.upc.edu\/blog\/?p=2797"},"modified":"2023-09-05T09:13:11","modified_gmt":"2023-09-05T08:13:11","slug":"libe-fernandez-ex-alumna-del-posgrado-en-rehabilitacion-y-restauracion-arquitectonica-gana-el-premio-al-mejor-blog-internet-euskadi-2013","status":"publish","type":"post","link":"https:\/\/upcschool.upc.edu\/blog\/libe-fernandez-ex-alumna-del-posgrado-en-rehabilitacion-y-restauracion-arquitectonica-gana-el-premio-al-mejor-blog-internet-euskadi-2013\/","title":{"rendered":"Libe Fern\u00e1ndez, ex-alumna del posgrado en Rehabilitaci\u00f3n y Restauraci\u00f3n Arquitect\u00f3nica, gana el premio al mejor blog Internet &#038; Euskadi 2013"},"content":{"rendered":"<p>Libe Fern\u00e1ndez Torr\u00f3ntegui, alumna del <a title=\"Programa en Rehabilitaci\u00f3n y Restauraci\u00f3n Arquitect\u00f3nica\" href=\"http:\/\/www.talent.upc.edu\/professionals\/presentacio\/idioma\/cat\/codi\/213400\/rehabilitacio\/restauracio\/arquitectonica\/avaluacio\/prestacional\/cte\/projecte\/intervencio\/\" target=\"_blank\" rel=\"noopener\">programa en Rehabilitaci\u00f3n y Restauraci\u00f3n Arquitect\u00f3nica<\/a> de la UPC School en la edici\u00f3n 11-12, ha sido la galardonada en la categor\u00eda mejor blog de \u200b\u200blos premios Internet &amp; Euskadi 2013 por Reharq*, un blog especializado en difusi\u00f3n de patrimonio arquitect\u00f3nico desde una mirada fresca, amena y divertida .<!--more--><\/p>\n<p><a title=\"Reharq*\" href=\"http:\/\/www.reharq.com\/\" target=\"_blank\" rel=\"noopener\">Reharq*<\/a> es una propuesta m\u00e1s que interesante para acercarse al patrimonio arquitect\u00f3nico a trav\u00e9s de una mirada viva y cercana: conociendo la historia de los edificios, su alma y toda la experiencia singular que esconden. Como ella misma explica en el blog, \u00a0Reharq* quiere hablar de la \u00abvida\u00bb de los edificios: c\u00f3mo nacieron, qui\u00e9n los habit\u00f3 y por qu\u00e9 dejaron de utilizarse.<\/p>\n<p>En definitiva, una manera de acercarse a la historia a trav\u00e9s del patrimonio y generar conciencia sobre la importancia de rehabilitarlos y preservar su valor hist\u00f3rico. Libe complementa los <em>posts<\/em> con recomendaciones gastron\u00f3micas, apuntes de fotograf\u00eda, ocio o deporte, con un estilo l\u00fadico y fresco que nos permite disfrutar del patrimonio desde una nueva perspectiva.<\/p>\n<p>Los <strong>premios Internet &amp; Euskadi &#8211; Premios Buber Sariak 2013<\/strong> premian los mejores proyectos web y blogs en \u200b\u200bel Pa\u00eds Vasco, con la participaci\u00f3n de m\u00e1s de 70 proyectos y la votaci\u00f3n de unos 800 internautas y de un jurado profesional. Su objetivo es reconocer aquellos proyectos que aporten un alto valor a la ciudadan\u00eda.<\/p>\n<p>En relaci\u00f3n al \u00e9xito de este blog, Libe Fern\u00e1ndez tambi\u00e9n es la <strong>entrevista destacada del n\u00famero 12 de la revista Hispania Nostra<\/strong>, dedicada a la defensa del patrimonio cultural y natural. Pod\u00e9is disfrutar <a title=\"Entrevista a Libe Fern\u00e1ndez en Hispania Nostra\" href=\"http:\/\/www.hispanianostra.org\/patrimonio\/wp-content\/uploads\/HISPANIA-NOSTRA-12-2.pdf\" target=\"_blank\" rel=\"noopener\">aqu\u00ed<\/a> del \u00e9xito que supone para ella haber iniciado este proyecto personal en el que consigue aglutinar sus dos pasiones: la arquitectura y la escritura.<\/p>\n<p><a href=\"https:\/\/upcschool.upc.edu\/blog\/wp-content\/uploads\/2014\/01\/LibeFernandez.jpg\"><img loading=\"lazy\" decoding=\"async\" class=\"size-medium wp-image-2799 alignnone\" src=\"https:\/\/upcschool.upc.edu\/blog\/wp-content\/uploads\/2014\/01\/LibeFernandez-300x225.jpg\" alt=\"Libe Fern\u00e1ndez\" width=\"300\" height=\"225\" srcset=\"https:\/\/upcschool.upc.edu\/blog\/wp-content\/uploads\/2014\/01\/LibeFernandez-300x225.jpg 300w, https:\/\/upcschool.upc.edu\/blog\/wp-content\/uploads\/2014\/01\/LibeFernandez-399x300.jpg 399w, https:\/\/upcschool.upc.edu\/blog\/wp-content\/uploads\/2014\/01\/LibeFernandez.jpg 481w\" sizes=\"auto, (max-width: 300px) 100vw, 300px\" \/><\/a><\/p>\n<p>&nbsp;<\/p>\n<p>&nbsp;<\/p>\n<p>&nbsp;<\/p>\n","protected":false},"excerpt":{"rendered":"<p>Libe Fern\u00e1ndez Torr\u00f3ntegui, alumna del programa en Rehabilitaci\u00f3n y Restauraci\u00f3n Arquitect\u00f3nica de la UPC School en la edici\u00f3n 11-12, ha sido la galardonada en la categor\u00eda mejor blog de \u200b\u200blos premios Internet &amp; Euskadi 2013 por Reharq*, un blog especializado en difusi\u00f3n de patrimonio arquitect\u00f3nico desde una mirada fresca, amena y divertida .<\/p>\n","protected":false},"author":2,"featured_media":2799,"comment_status":"open","ping_status":"open","sticky":false,"template":"","format":"standard","meta":{"footnotes":""},"categories":[22,44,258,27],"tags":[814,302,227,234],"class_list":["post-2797","post","type-post","status-publish","format-standard","has-post-thumbnail","hentry","category-arquitectura-2","category-entrevistas","category-rehabilitacion-2","category-sostenibilidad-2","tag-arquitectura","tag-patrimonio","tag-rehabilitacion","tag-restauracion-arquitectonica"],"aioseo_notices":[],"_links":{"self":[{"href":"https:\/\/upcschool.upc.edu\/blog\/wp-json\/wp\/v2\/posts\/2797","targetHints":{"allow":["GET"]}}],"collection":[{"href":"https:\/\/upcschool.upc.edu\/blog\/wp-json\/wp\/v2\/posts"}],"about":[{"href":"https:\/\/upcschool.upc.edu\/blog\/wp-json\/wp\/v2\/types\/post"}],"author":[{"embeddable":true,"href":"https:\/\/upcschool.upc.edu\/blog\/wp-json\/wp\/v2\/users\/2"}],"replies":[{"embeddable":true,"href":"https:\/\/upcschool.upc.edu\/blog\/wp-json\/wp\/v2\/comments?post=2797"}],"version-history":[{"count":8,"href":"https:\/\/upcschool.upc.edu\/blog\/wp-json\/wp\/v2\/posts\/2797\/revisions"}],"predecessor-version":[{"id":14870,"href":"https:\/\/upcschool.upc.edu\/blog\/wp-json\/wp\/v2\/posts\/2797\/revisions\/14870"}],"wp:featuredmedia":[{"embeddable":true,"href":"https:\/\/upcschool.upc.edu\/blog\/wp-json\/wp\/v2\/media\/2799"}],"wp:attachment":[{"href":"https:\/\/upcschool.upc.edu\/blog\/wp-json\/wp\/v2\/media?parent=2797"}],"wp:term":[{"taxonomy":"category","embeddable":true,"href":"https:\/\/upcschool.upc.edu\/blog\/wp-json\/wp\/v2\/categories?post=2797"},{"taxonomy":"post_tag","embeddable":true,"href":"https:\/\/upcschool.upc.edu\/blog\/wp-json\/wp\/v2\/tags?post=2797"}],"curies":[{"name":"wp","href":"https:\/\/api.w.org\/{rel}","templated":true}]}}