{"id":2898,"date":"2014-03-11T17:32:36","date_gmt":"2014-03-11T16:32:36","guid":{"rendered":"http:\/\/www.talent.upc.edu\/blog\/?p=2898"},"modified":"2014-04-07T13:14:16","modified_gmt":"2014-04-07T12:14:16","slug":"lestudi-de-belen-onecha-i-alicia-dotor-de-lequip-docent-del-master-en-rehabilitacio-reconegut-per-la-restauracio-de-la-casa-de-puig-i-cadafalch-a-viladecans","status":"publish","type":"post","link":"https:\/\/upcschool.upc.edu\/blog\/lestudi-de-belen-onecha-i-alicia-dotor-de-lequip-docent-del-master-en-rehabilitacio-reconegut-per-la-restauracio-de-la-casa-de-puig-i-cadafalch-a-viladecans\/?lang=ca","title":{"rendered":"L&#8217;estudi de Bel\u00e9n Onecha i Alicia Dotor, de l&#8217;equip docent del m\u00e0ster en Rehabilitaci\u00f3, reconegut per la restauraci\u00f3 de la casa de Puig i Cadafalch a Viladecans"},"content":{"rendered":"<p>Les dues autores d&#8217;aquest projecte de rehabilitaci\u00f3 de la Casa Pilar Moragas, una casa d&#8217;estiueig que l&#8217;arquitecte modernista catal\u00e0 Puig i Cadafalch va construir el 1917 a Viladecans, s\u00f3n Bel\u00e9n Onecha i Alicia Dotor, de l&#8217;equip docent del <a title=\"M\u00e0ster en Rehabilitaci\u00f3 i Restauraci\u00f3 Arquitect\u00f2nica\" href=\"http:\/\/www.talent.upc.edu\/professionals\/presentacio\/idioma\/cat\/codi\/213400\/rehabilitacion\/restauracion\/arquitectonica\/evaluacion\/prestacional\/cte\/proyecto\/intervencion\/\" target=\"_blank\">m\u00e0ster en Rehabilitaci\u00f3 i Restauraci\u00f3 i Arquitect\u00f2nica<\/a> de la UPC School. L&#8217;\u00e8xit de les obres de restauraci\u00f3 treuen a la llum ara aquesta petita joia oblidada del modernisme catal\u00e0, descoberta per primera vegada el 2008 .<!--more-->La intervenci\u00f3 que van realitzar a la Casa de Pilar Moragas va consistir, segons explica una de les seves autores,Bel\u00e9n Onecha, en <strong>consolidar l&#8217;estructura principal de l&#8217;edificaci\u00f3 i restaurar el seu envoltant<\/strong>. Aquest projecte buscava depurar l&#8217;estat progressiu de degradaci\u00f3 que amena\u00e7ava la casa\u00a0 derivat entre altres factors per una invasi\u00f3 de t\u00e8rmits en l&#8217;edificaci\u00f3. Aquesta casa \u00e9s l&#8217;edifici principal del conjunt arquitect\u00f2nic de Ca la Pilar, ubicat dins dels terrenys que formaven part de l&#8217;antic c\u00e0mping Toro Bravo.<\/p>\n<p>Arran d&#8217;aquest projecte de restauraci\u00f3, les autores van redescobrir grans sorpreses del moviment arquitect\u00f2nic modernista: els arcs conopials de la planta baixa i la \u00absingularitat de la gran coberta de fusta que cobreix l&#8217;edifici\u00bb, que es resol de manera que serveix per a la primera planta i golfes de l&#8217;edifici. Els colors originals de tots els elements de fusta exterior i el conducte de la xemeneia original van ser algunes de les sorpreses m\u00e9s interessants d&#8217;aquest treball de restauraci\u00f3, que recupera aquest projecte genial de Puig i Cadafalch executat pocs mesos abans d&#8217;assumir la presid\u00e8ncia de la Mancomunitat de Catalunya.<\/p>\n<p><strong>M\u00e9s informaci\u00f3:<\/strong><\/p>\n<p><a title=\"Not\u00edcia El Peri\u00f3dico - La Quimera Perduda de Puig i Cadafalch\" href=\"http:\/\/www.elperiodico.cat\/ca\/noticias\/barcelona\/quimera-perduda-puig-cadafalch-3044451#\" target=\"_blank\">\u00abLa quimera perduda de Puig i Cadafalch\u00bb<\/a>. Not\u00edcia El Peri\u00f3dico \/ 26 de Gener de 2014<\/p>\n<p><a href=\"https:\/\/upcschool.upc.edu\/blog\/wp-content\/uploads\/2014\/03\/CasaPilarMoragas.jpg\"><img loading=\"lazy\" decoding=\"async\" class=\"alignnone size-medium wp-image-2896\" alt=\"Casa Pilar Moragas\" src=\"https:\/\/upcschool.upc.edu\/blog\/wp-content\/uploads\/2014\/03\/CasaPilarMoragas-300x201.jpg\" width=\"300\" height=\"201\" srcset=\"https:\/\/upcschool.upc.edu\/blog\/wp-content\/uploads\/2014\/03\/CasaPilarMoragas-300x201.jpg 300w, https:\/\/upcschool.upc.edu\/blog\/wp-content\/uploads\/2014\/03\/CasaPilarMoragas-1024x686.jpg 1024w, https:\/\/upcschool.upc.edu\/blog\/wp-content\/uploads\/2014\/03\/CasaPilarMoragas-447x300.jpg 447w\" sizes=\"auto, (max-width: 300px) 100vw, 300px\" \/><\/a><\/p>\n<p>&nbsp;<\/p>\n","protected":false},"excerpt":{"rendered":"<p>Les dues autores d&#8217;aquest projecte de rehabilitaci\u00f3 de la Casa Pilar Moragas, una casa d&#8217;estiueig que l&#8217;arquitecte modernista catal\u00e0 Puig i Cadafalch va construir el 1917 a Viladecans, s\u00f3n Bel\u00e9n Onecha i Alicia Dotor, de l&#8217;equip docent del m\u00e0ster en Rehabilitaci\u00f3 i Restauraci\u00f3 i Arquitect\u00f2nica de la UPC School. L&#8217;\u00e8xit de les obres de restauraci\u00f3 &#8230; <a title=\"L&#8217;estudi de Bel\u00e9n Onecha i Alicia Dotor, de l&#8217;equip docent del m\u00e0ster en Rehabilitaci\u00f3, reconegut per la restauraci\u00f3 de la casa de Puig i Cadafalch a Viladecans\" class=\"read-more\" href=\"https:\/\/upcschool.upc.edu\/blog\/lestudi-de-belen-onecha-i-alicia-dotor-de-lequip-docent-del-master-en-rehabilitacio-reconegut-per-la-restauracio-de-la-casa-de-puig-i-cadafalch-a-viladecans\/?lang=ca\" aria-label=\"Read more about L&#8217;estudi de Bel\u00e9n Onecha i Alicia Dotor, de l&#8217;equip docent del m\u00e0ster en Rehabilitaci\u00f3, reconegut per la restauraci\u00f3 de la casa de Puig i Cadafalch a Viladecans\">Leer m\u00e1s<\/a><\/p>\n","protected":false},"author":2,"featured_media":2896,"comment_status":"open","ping_status":"open","sticky":false,"template":"","format":"standard","meta":{"footnotes":""},"categories":[5,260],"tags":[],"class_list":["post-2898","post","type-post","status-publish","format-standard","has-post-thumbnail","hentry","category-arquitectura","category-rehabilitacio-2"],"aioseo_notices":[],"_links":{"self":[{"href":"https:\/\/upcschool.upc.edu\/blog\/wp-json\/wp\/v2\/posts\/2898","targetHints":{"allow":["GET"]}}],"collection":[{"href":"https:\/\/upcschool.upc.edu\/blog\/wp-json\/wp\/v2\/posts"}],"about":[{"href":"https:\/\/upcschool.upc.edu\/blog\/wp-json\/wp\/v2\/types\/post"}],"author":[{"embeddable":true,"href":"https:\/\/upcschool.upc.edu\/blog\/wp-json\/wp\/v2\/users\/2"}],"replies":[{"embeddable":true,"href":"https:\/\/upcschool.upc.edu\/blog\/wp-json\/wp\/v2\/comments?post=2898"}],"version-history":[{"count":5,"href":"https:\/\/upcschool.upc.edu\/blog\/wp-json\/wp\/v2\/posts\/2898\/revisions"}],"predecessor-version":[{"id":2907,"href":"https:\/\/upcschool.upc.edu\/blog\/wp-json\/wp\/v2\/posts\/2898\/revisions\/2907"}],"wp:featuredmedia":[{"embeddable":true,"href":"https:\/\/upcschool.upc.edu\/blog\/wp-json\/wp\/v2\/media\/2896"}],"wp:attachment":[{"href":"https:\/\/upcschool.upc.edu\/blog\/wp-json\/wp\/v2\/media?parent=2898"}],"wp:term":[{"taxonomy":"category","embeddable":true,"href":"https:\/\/upcschool.upc.edu\/blog\/wp-json\/wp\/v2\/categories?post=2898"},{"taxonomy":"post_tag","embeddable":true,"href":"https:\/\/upcschool.upc.edu\/blog\/wp-json\/wp\/v2\/tags?post=2898"}],"curies":[{"name":"wp","href":"https:\/\/api.w.org\/{rel}","templated":true}]}}