{"id":4642,"date":"2015-03-09T16:54:11","date_gmt":"2015-03-09T15:54:11","guid":{"rendered":"http:\/\/www.talent.upc.edu\/blog\/?p=4642"},"modified":"2015-03-27T12:22:56","modified_gmt":"2015-03-27T11:22:56","slug":"jose-manuel-dominguez-professor-del-postgrau-en-eficiencia-energetica-participa-al-ii-congres-smart-destination","status":"publish","type":"post","link":"https:\/\/upcschool.upc.edu\/blog\/jose-manuel-dominguez-professor-del-postgrau-en-eficiencia-energetica-participa-al-ii-congres-smart-destination\/?lang=ca","title":{"rendered":"Jos\u00e9 Manuel Dom\u00ednguez, professor del postgrau en Efici\u00e8ncia Energ\u00e8tica, participa al II Congr\u00e9s Smart Destination"},"content":{"rendered":"<p>Jos\u00e9 Manuel Dom\u00ednguez Cerdeira, professor del <a title=\"Postgrau en Efici\u00e8ncia Energ\u00e8tica i Mercats Energ\u00e8tics\" href=\"http:\/\/www.talent.upc.edu\/cat\/professionals\/presentacio\/codi\/326000\/eficiencia-energetica-mercats-energetics\/\" target=\"_blank\">postgrau en Efici\u00e8ncia Energ\u00e8tica i Mercats Energ\u00e8tics<\/a> de la UPC School i responsable de la unitat de prescripci\u00f3 del gas a Gas Natural SDG, participa com a ponent destacat al\u00a0 <strong>II Congr\u00e9s d&#8217;Efici\u00e8ncia Energ\u00e8tica i Sostenibilitat al Sector Tur\u00edstic (Smart Destination)<\/strong>, que tindr\u00e0 lloc a Barcelona del 10 al 12 de mar\u00e7. Aquesta trobada multidisciplin\u00e0ria vol convertir-se en un espai de refer\u00e8ncia on con\u00e8ixer, compartir i fer negocis basats en les smart solutions, necess\u00e0ries per transformar les destinacions tur\u00edstiques actuals en smart destinations. <!--more--><\/p>\n<p><a href=\"https:\/\/upcschool.upc.edu\/blog\/wp-content\/uploads\/2015\/03\/SmartDestination.jpg\"><img loading=\"lazy\" decoding=\"async\" class=\"alignnone size-full wp-image-4644\" src=\"https:\/\/upcschool.upc.edu\/blog\/wp-content\/uploads\/2015\/03\/SmartDestination.jpg\" alt=\"Smart Destination\" width=\"994\" height=\"378\" srcset=\"https:\/\/upcschool.upc.edu\/blog\/wp-content\/uploads\/2015\/03\/SmartDestination.jpg 994w, https:\/\/upcschool.upc.edu\/blog\/wp-content\/uploads\/2015\/03\/SmartDestination-300x114.jpg 300w, https:\/\/upcschool.upc.edu\/blog\/wp-content\/uploads\/2015\/03\/SmartDestination-500x190.jpg 500w\" sizes=\"auto, (max-width: 994px) 100vw, 994px\" \/><\/a>Jos\u00e9 Manuel Dom\u00ednguez participar\u00e0 en la <strong>taula rodona Infraestructures Tur\u00edstiques Intel\u00b7ligents<\/strong>, en qu\u00e8 s\u2019analitzar\u00e0 el paper de les infraestructures de distribuci\u00f3 i transport de l\u2019energia en el desenvolupament de les destinacions tur\u00edstiques i la seva contribuci\u00f3 a la sostenibilitat de l\u2019activitat tur\u00edstica. El <a title=\"Congr\u00e8s Smart Destination\" href=\"http:\/\/www.congresoeest.com\/index.php\/ca\/congres\" target=\"_blank\">II Congr\u00e9s d&#8217;Efici\u00e8ncia Energ\u00e8tica i Sostenibilitat al Sector Tur\u00edstic (Smart Destination)<\/a> vol ser un f\u00f2rum dinamitzador referent en el t\u00e0ndem energia i turisme.<\/p>\n<p>Actualment, Dom\u00ednguez Cerdeira es responsable de prescripci\u00f3 del gas a Gas Natural Distribuci\u00f3 SDG. Ha desenvolupat projectes energ\u00e8tics i d&#8217;implantaci\u00f3 de noves tecnologies en el sector industrial i dels edificis i ha participat en diversos projectes europeus com el CUTE, CITYCELL, EASY, etc. Participa en organismes normalitzadores (CEN \/ AENOR) i associacions sectorials com MARCOGAZ i la pr\u00f2pia SEDIGAS.<\/p>\n","protected":false},"excerpt":{"rendered":"<p>Jos\u00e9 Manuel Dom\u00ednguez Cerdeira, professor del postgrau en Efici\u00e8ncia Energ\u00e8tica i Mercats Energ\u00e8tics de la UPC School i responsable de la unitat de prescripci\u00f3 del gas a Gas Natural SDG, participa com a ponent destacat al\u00a0 II Congr\u00e9s d&#8217;Efici\u00e8ncia Energ\u00e8tica i Sostenibilitat al Sector Tur\u00edstic (Smart Destination), que tindr\u00e0 lloc a Barcelona del 10 al &#8230; <a title=\"Jos\u00e9 Manuel Dom\u00ednguez, professor del postgrau en Efici\u00e8ncia Energ\u00e8tica, participa al II Congr\u00e9s Smart Destination\" class=\"read-more\" href=\"https:\/\/upcschool.upc.edu\/blog\/jose-manuel-dominguez-professor-del-postgrau-en-eficiencia-energetica-participa-al-ii-congres-smart-destination\/?lang=ca\" aria-label=\"Read more about Jos\u00e9 Manuel Dom\u00ednguez, professor del postgrau en Efici\u00e8ncia Energ\u00e8tica, participa al II Congr\u00e9s Smart Destination\">Leer m\u00e1s<\/a><\/p>\n","protected":false},"author":2,"featured_media":4644,"comment_status":"open","ping_status":"open","sticky":false,"template":"","format":"standard","meta":{"footnotes":""},"categories":[194,7,249,11],"tags":[125],"class_list":["post-4642","post","type-post","status-publish","format-standard","has-post-thumbnail","hentry","category-energia-i-electricitat","category-enginyeria_industrial","category-smart-cities","category-sostenibilitat","tag-smart-cities_2"],"aioseo_notices":[],"_links":{"self":[{"href":"https:\/\/upcschool.upc.edu\/blog\/wp-json\/wp\/v2\/posts\/4642","targetHints":{"allow":["GET"]}}],"collection":[{"href":"https:\/\/upcschool.upc.edu\/blog\/wp-json\/wp\/v2\/posts"}],"about":[{"href":"https:\/\/upcschool.upc.edu\/blog\/wp-json\/wp\/v2\/types\/post"}],"author":[{"embeddable":true,"href":"https:\/\/upcschool.upc.edu\/blog\/wp-json\/wp\/v2\/users\/2"}],"replies":[{"embeddable":true,"href":"https:\/\/upcschool.upc.edu\/blog\/wp-json\/wp\/v2\/comments?post=4642"}],"version-history":[{"count":4,"href":"https:\/\/upcschool.upc.edu\/blog\/wp-json\/wp\/v2\/posts\/4642\/revisions"}],"predecessor-version":[{"id":4651,"href":"https:\/\/upcschool.upc.edu\/blog\/wp-json\/wp\/v2\/posts\/4642\/revisions\/4651"}],"wp:featuredmedia":[{"embeddable":true,"href":"https:\/\/upcschool.upc.edu\/blog\/wp-json\/wp\/v2\/media\/4644"}],"wp:attachment":[{"href":"https:\/\/upcschool.upc.edu\/blog\/wp-json\/wp\/v2\/media?parent=4642"}],"wp:term":[{"taxonomy":"category","embeddable":true,"href":"https:\/\/upcschool.upc.edu\/blog\/wp-json\/wp\/v2\/categories?post=4642"},{"taxonomy":"post_tag","embeddable":true,"href":"https:\/\/upcschool.upc.edu\/blog\/wp-json\/wp\/v2\/tags?post=4642"}],"curies":[{"name":"wp","href":"https:\/\/api.w.org\/{rel}","templated":true}]}}