{"id":4727,"date":"2015-03-23T17:37:31","date_gmt":"2015-03-23T16:37:31","guid":{"rendered":"http:\/\/www.talent.upc.edu\/blog\/?p=4727"},"modified":"2015-04-23T12:16:10","modified_gmt":"2015-04-23T11:16:10","slug":"la-direccion-academica-del-master-en-planificacion-urbana-y-sostenibilidad-ha-participado-en-el-sabadell-urban-challenge-2015","status":"publish","type":"post","link":"https:\/\/upcschool.upc.edu\/blog\/la-direccion-academica-del-master-en-planificacion-urbana-y-sostenibilidad-ha-participado-en-el-sabadell-urban-challenge-2015\/","title":{"rendered":"La direcci\u00f3n acad\u00e9mica del m\u00e1ster en Planificaci\u00f3n Urbana y Sostenibilidad ha participado en el Sabadell Urban Challenge 2015"},"content":{"rendered":"<p>Josep Roca y Blanca Arellano, director y coordinadora acad\u00e9mica del m\u00e1ster en Planificaci\u00f3n Urbana y Sostenibilidad de la UPC School, han participado como miembros del jurado en el <strong>Sabadell Urban Challenge 2015<\/strong>. Este es un concurso de soluciones innovadoras para la gesti\u00f3n urbana y las smart cities que se ha celebrado en el marco del Sabadell Smart Congress. <!--more--><\/p>\n<p><a href=\"https:\/\/upcschool.upc.edu\/blog\/wp-content\/uploads\/2015\/03\/Mes-de-500-professionals-i-empreses-aborden-a-Sabadell-el-futur-de-les-ciutats-intel-ligents.jpg\"><img loading=\"lazy\" decoding=\"async\" class=\"alignleft wp-image-4720 size-medium\" src=\"https:\/\/upcschool.upc.edu\/blog\/wp-content\/uploads\/2015\/03\/Mes-de-500-professionals-i-empreses-aborden-a-Sabadell-el-futur-de-les-ciutats-intel-ligents-300x200.jpg\" alt=\"Sabadell Smart Congress\" width=\"300\" height=\"200\" srcset=\"https:\/\/upcschool.upc.edu\/blog\/wp-content\/uploads\/2015\/03\/Mes-de-500-professionals-i-empreses-aborden-a-Sabadell-el-futur-de-les-ciutats-intel-ligents-300x200.jpg 300w, https:\/\/upcschool.upc.edu\/blog\/wp-content\/uploads\/2015\/03\/Mes-de-500-professionals-i-empreses-aborden-a-Sabadell-el-futur-de-les-ciutats-intel-ligents-1024x682.jpg 1024w, https:\/\/upcschool.upc.edu\/blog\/wp-content\/uploads\/2015\/03\/Mes-de-500-professionals-i-empreses-aborden-a-Sabadell-el-futur-de-les-ciutats-intel-ligents-450x300.jpg 450w, https:\/\/upcschool.upc.edu\/blog\/wp-content\/uploads\/2015\/03\/Mes-de-500-professionals-i-empreses-aborden-a-Sabadell-el-futur-de-les-ciutats-intel-ligents.jpg 1200w\" sizes=\"auto, (max-width: 300px) 100vw, 300px\" \/><\/a>El<a title=\"Sabadell Smart Congress 2015\" href=\"http:\/\/sabadellsmartcongress.com\/es\/\" target=\"_blank\"> Sabadell Smart Congress<\/a> es un congreso organizado por el Ayuntamiento de Sabadell que llega a su tercera edici\u00f3n haciendo hincapi\u00e9 en un visi\u00f3n global, tecnol\u00f3gica, social e hist\u00f3rica de la transici\u00f3n de las ciudades hacia Smart Cities, especialmente centr\u00e1ndose en las necesidades de los n\u00facleos urbanos de tama\u00f1o medio. Esta 3\u00aa edici\u00f3n se ha focalizado en tres tem\u00e1ticas que hab\u00edan generado m\u00e1s inter\u00e9s y demanda por parte de los asistentes en las ediciones anteriores: Smart Urban Planning, Smart Health y Smart Safety.<\/p>\n<p>El <a title=\"Sabadell Urban Challenge 2015\" href=\"http:\/\/sabadellsmartcongress.com\/es\/sabadell-urban-challenge-2015-3\/\" target=\"_blank\">Sabadell Urban Challenge 2015<\/a> es un concurso de soluciones innovadoras para la gesti\u00f3n urbana que se desarrolla en el marco de este congreso. Su objetivo es fomentar la innovaci\u00f3n en el \u00e1mbito de las <em>smart cities<\/em> premiando las soluciones m\u00e1s innovadoras en estas dos categor\u00edas: <strong>aplicaciones m\u00f3viles <\/strong>y<strong> mobiliario urbano inteligente<\/strong>. Los dos proyectos ganadores, deliberados por un jurado en el que han participado los docentes del <a title=\"M\u00e1ster en Planificaci\u00f3n Urbana y Sostenibilidad\" href=\"http:\/\/www.talent.upc.edu\/esp\/professionals\/presentacio\/codi\/202900\/planificacion-urbana-sostenibilidad\/\" target=\"_blank\">m\u00e1ster en Planificaci\u00f3n Urbana y Sostenibilidad <\/a>de la UPC School, han sido Adaptative City &#8211; Indigo Grupo (categor\u00eda apps) y TNL Equipamientos Ambientales (categor\u00eda de mobiliario urbano inteligente).<\/p>\n<p>&nbsp;<\/p>\n<p>&nbsp;<\/p>\n<p>&nbsp;<\/p>\n","protected":false},"excerpt":{"rendered":"<p>Josep Roca y Blanca Arellano, director y coordinadora acad\u00e9mica del m\u00e1ster en Planificaci\u00f3n Urbana y Sostenibilidad de la UPC School, han participado como miembros del jurado en el Sabadell Urban Challenge 2015. Este es un concurso de soluciones innovadoras para la gesti\u00f3n urbana y las smart cities que se ha celebrado en el marco del &#8230; <a title=\"La direcci\u00f3n acad\u00e9mica del m\u00e1ster en Planificaci\u00f3n Urbana y Sostenibilidad ha participado en el Sabadell Urban Challenge 2015\" class=\"read-more\" href=\"https:\/\/upcschool.upc.edu\/blog\/la-direccion-academica-del-master-en-planificacion-urbana-y-sostenibilidad-ha-participado-en-el-sabadell-urban-challenge-2015\/\" aria-label=\"Read more about La direcci\u00f3n acad\u00e9mica del m\u00e1ster en Planificaci\u00f3n Urbana y Sostenibilidad ha participado en el Sabadell Urban Challenge 2015\">Leer m\u00e1s<\/a><\/p>\n","protected":false},"author":2,"featured_media":4720,"comment_status":"open","ping_status":"open","sticky":false,"template":"","format":"standard","meta":{"footnotes":""},"categories":[22,27,524],"tags":[517,518,386,125,526],"class_list":["post-4727","post","type-post","status-publish","format-standard","has-post-thumbnail","hentry","category-arquitectura-2","category-sostenibilidad-2","category-urbanismo-2","tag-ciudades-inteligentes","tag-gestion-urbana","tag-planificacion-urbana","tag-smart-cities_2","tag-urban-planning"],"aioseo_notices":[],"_links":{"self":[{"href":"https:\/\/upcschool.upc.edu\/blog\/wp-json\/wp\/v2\/posts\/4727","targetHints":{"allow":["GET"]}}],"collection":[{"href":"https:\/\/upcschool.upc.edu\/blog\/wp-json\/wp\/v2\/posts"}],"about":[{"href":"https:\/\/upcschool.upc.edu\/blog\/wp-json\/wp\/v2\/types\/post"}],"author":[{"embeddable":true,"href":"https:\/\/upcschool.upc.edu\/blog\/wp-json\/wp\/v2\/users\/2"}],"replies":[{"embeddable":true,"href":"https:\/\/upcschool.upc.edu\/blog\/wp-json\/wp\/v2\/comments?post=4727"}],"version-history":[{"count":5,"href":"https:\/\/upcschool.upc.edu\/blog\/wp-json\/wp\/v2\/posts\/4727\/revisions"}],"predecessor-version":[{"id":4733,"href":"https:\/\/upcschool.upc.edu\/blog\/wp-json\/wp\/v2\/posts\/4727\/revisions\/4733"}],"wp:featuredmedia":[{"embeddable":true,"href":"https:\/\/upcschool.upc.edu\/blog\/wp-json\/wp\/v2\/media\/4720"}],"wp:attachment":[{"href":"https:\/\/upcschool.upc.edu\/blog\/wp-json\/wp\/v2\/media?parent=4727"}],"wp:term":[{"taxonomy":"category","embeddable":true,"href":"https:\/\/upcschool.upc.edu\/blog\/wp-json\/wp\/v2\/categories?post=4727"},{"taxonomy":"post_tag","embeddable":true,"href":"https:\/\/upcschool.upc.edu\/blog\/wp-json\/wp\/v2\/tags?post=4727"}],"curies":[{"name":"wp","href":"https:\/\/api.w.org\/{rel}","templated":true}]}}