{"id":5145,"date":"2015-06-23T10:44:04","date_gmt":"2015-06-23T09:44:04","guid":{"rendered":"http:\/\/www.talent.upc.edu\/blog\/?p=5145"},"modified":"2016-12-05T11:04:22","modified_gmt":"2016-12-05T10:04:22","slug":"eloi-coloma-director-del-master-en-bim-management-participa-en-els-esdeveniments-bim-mes-destacats-de-lany","status":"publish","type":"post","link":"https:\/\/upcschool.upc.edu\/blog\/eloi-coloma-director-del-master-en-bim-management-participa-en-els-esdeveniments-bim-mes-destacats-de-lany\/?lang=ca","title":{"rendered":"Eloi Coloma, director del m\u00e0ster en BIM Management, participa en els esdeveniments BIM m\u00e9s destacats de l\u2019any"},"content":{"rendered":"<p>Eloi Coloma, director acad\u00e8mic del <a href=\"http:\/\/www.talent.upc.edu\/cat\/professionals\/presentacio\/codi\/206400\/bim-management-steering-building-information-modeling-nous-models-negoci\/\" target=\"_blank\">m\u00e0ster en BIM Management Steering. Building Information Modeling i Nous Models de Negoci<\/a> de la UPC School,\u00a0 ha participat de manera destacada com a <strong>figura referent en el seu sector<\/strong> en els congressos i <strong>esdeveniments sobre BIM Management m\u00e9s destacats<\/strong> a nivell nacional, al llarg dels darreres mesos. BIM Valladolid, BIMSummit 2015, EUBIM 2015 Val\u00e8ncia o Construmat 2015 s\u00f3n les cites BIM en qu\u00e8 ha tingut una pres\u00e8ncia destacada. <!--more--><\/p>\n<p>Eloi Coloma va participar com a ponent al <a href=\"http:\/\/www.bimvalladolid.com\/\" target=\"_blank\"><strong>Congr\u00e9s BIM Valladolid 2014<\/strong><\/a>, que va tenir lloc el passat mes de novembre. En aquesta pionera trobada professional a Espanya sobre aquest \u00e0mbit, es van debatre les principals oportunitats i <strong>desafiaments del sector de la construcci\u00f3 en el nou<\/strong> <strong>escenari del BIM Management i la gesti\u00f3 del Big Data<\/strong>. A m\u00e9s a m\u00e9s, un equip de 9 alumnes del postgrau en BIM Management de la UPC School, acompanyats pel BIM Manager i professor del programa Josep Coll Amargan, van guanyar el<a href=\"https:\/\/upcschool.upc.edu\/blog\/alumnes-del-postgrau-en-bim-management-guanyen-el-tercer-premi-al-congres-bim-valladolid-2014\/?lang=ca\" target=\"_blank\"> tercer premi del concurs<\/a> que l\u2019Ajuntament de Valladolid va posar en marxa en el marc del Congr\u00e9s. El consistori posava a concurs la licitaci\u00f3 de la construcci\u00f3 d\u2019un edifici real amb t\u00e8cniques BIM.<\/p>\n<p>A l&#8217;<a href=\"http:\/\/europeanbimsummit.com\/ca\/\" target=\"_blank\"><strong>European Bim Summit Bcn 2015<\/strong><\/a>, que es va realitzar al febrer, es van mostrar els <em>case studies<\/em> m\u00e9s representatius i actuals d&#8217;\u00e0mbit europeu, amb una selecci\u00f3 de les experi\u00e8ncies m\u00e9s rellevants, fet que va permetre compartir processos i establir <em>networking<\/em> entre els millors professionals internacionals del sector. La cita va comptar amb m\u00e9s de <strong>25 ponents internacionals<\/strong>, entre ells el mateix Eloi Coloma.<\/p>\n<p><a href=\"https:\/\/upcschool.upc.edu\/blog\/wp-content\/uploads\/2015\/06\/IMG_1220.jpg\"><img loading=\"lazy\" decoding=\"async\" class=\"alignnone size-full wp-image-5147\" src=\"https:\/\/upcschool.upc.edu\/blog\/wp-content\/uploads\/2015\/06\/IMG_1220.jpg\" alt=\"Construmat\" width=\"1280\" height=\"956\" srcset=\"https:\/\/upcschool.upc.edu\/blog\/wp-content\/uploads\/2015\/06\/IMG_1220.jpg 1280w, https:\/\/upcschool.upc.edu\/blog\/wp-content\/uploads\/2015\/06\/IMG_1220-300x224.jpg 300w, https:\/\/upcschool.upc.edu\/blog\/wp-content\/uploads\/2015\/06\/IMG_1220-1024x764.jpg 1024w, https:\/\/upcschool.upc.edu\/blog\/wp-content\/uploads\/2015\/06\/IMG_1220-401x300.jpg 401w\" sizes=\"auto, (max-width: 1280px) 100vw, 1280px\" \/><\/a>Eloi Coloma tamb\u00e9 ha estat director del <strong>comit\u00e8 cient\u00edfic de <a href=\"http:\/\/www.eubim.com\/\" target=\"_blank\">EUBIM 2015 Val\u00e8ncia<\/a><\/strong>, on va participar tamb\u00e9 com a ponent. Aquesta 4ta trobada d&#8217;usuaris BIM \u00e9s la m\u00e9s important a nivell estatal en el seu sector.<\/p>\n<p>En aquests dos congressos, els alumnes del postgrau en BIM Management comptaven amb condicions especials d\u2019acc\u00e9s.<\/p>\n<p>Per \u00faltim, tamb\u00e9 ha estat present a <a href=\"http:\/\/www.construmat.com\/en\/home?p_p_id=82&amp;p_p_lifecycle=1&amp;p_p_state=normal&amp;p_p_mode=view&amp;_82_struts_action=%2Flanguage%2Fview&amp;_82_redirect=%2Fen%2F&amp;languageId=ca_ES\" target=\"_blank\"><strong>CONSTRUMAT 2015 BBB Beyond Building Barcelona<\/strong><\/a>, on va ser ponent destacat en l\u2019\u00e0rea BIM del Sal\u00f3, una oportunitat on va posar de manifest la import\u00e0ncia del BIM com a element transformador del sector de la construcci\u00f3 i dels seus professionals.<\/p>\n","protected":false},"excerpt":{"rendered":"<p>Eloi Coloma, director acad\u00e8mic del m\u00e0ster en BIM Management Steering. Building Information Modeling i Nous Models de Negoci de la UPC School,\u00a0 ha participat de manera destacada com a figura referent en el seu sector en els congressos i esdeveniments sobre BIM Management m\u00e9s destacats a nivell nacional, al llarg dels darreres mesos. BIM Valladolid, &#8230; <a title=\"Eloi Coloma, director del m\u00e0ster en BIM Management, participa en els esdeveniments BIM m\u00e9s destacats de l\u2019any\" class=\"read-more\" href=\"https:\/\/upcschool.upc.edu\/blog\/eloi-coloma-director-del-master-en-bim-management-participa-en-els-esdeveniments-bim-mes-destacats-de-lany\/?lang=ca\" aria-label=\"Read more about Eloi Coloma, director del m\u00e0ster en BIM Management, participa en els esdeveniments BIM m\u00e9s destacats de l\u2019any\">Leer m\u00e1s<\/a><\/p>\n","protected":false},"author":2,"featured_media":5147,"comment_status":"open","ping_status":"open","sticky":false,"template":"","format":"standard","meta":{"footnotes":""},"categories":[5,579,260,11],"tags":[582],"class_list":["post-5145","post","type-post","status-publish","format-standard","has-post-thumbnail","hentry","category-arquitectura","category-enginyeria-ca","category-rehabilitacio-2","category-sostenibilitat","tag-building-information-modelling"],"aioseo_notices":[],"_links":{"self":[{"href":"https:\/\/upcschool.upc.edu\/blog\/wp-json\/wp\/v2\/posts\/5145","targetHints":{"allow":["GET"]}}],"collection":[{"href":"https:\/\/upcschool.upc.edu\/blog\/wp-json\/wp\/v2\/posts"}],"about":[{"href":"https:\/\/upcschool.upc.edu\/blog\/wp-json\/wp\/v2\/types\/post"}],"author":[{"embeddable":true,"href":"https:\/\/upcschool.upc.edu\/blog\/wp-json\/wp\/v2\/users\/2"}],"replies":[{"embeddable":true,"href":"https:\/\/upcschool.upc.edu\/blog\/wp-json\/wp\/v2\/comments?post=5145"}],"version-history":[{"count":4,"href":"https:\/\/upcschool.upc.edu\/blog\/wp-json\/wp\/v2\/posts\/5145\/revisions"}],"predecessor-version":[{"id":5153,"href":"https:\/\/upcschool.upc.edu\/blog\/wp-json\/wp\/v2\/posts\/5145\/revisions\/5153"}],"wp:featuredmedia":[{"embeddable":true,"href":"https:\/\/upcschool.upc.edu\/blog\/wp-json\/wp\/v2\/media\/5147"}],"wp:attachment":[{"href":"https:\/\/upcschool.upc.edu\/blog\/wp-json\/wp\/v2\/media?parent=5145"}],"wp:term":[{"taxonomy":"category","embeddable":true,"href":"https:\/\/upcschool.upc.edu\/blog\/wp-json\/wp\/v2\/categories?post=5145"},{"taxonomy":"post_tag","embeddable":true,"href":"https:\/\/upcschool.upc.edu\/blog\/wp-json\/wp\/v2\/tags?post=5145"}],"curies":[{"name":"wp","href":"https:\/\/api.w.org\/{rel}","templated":true}]}}