{"id":5374,"date":"2015-10-08T10:51:01","date_gmt":"2015-10-08T09:51:01","guid":{"rendered":"http:\/\/www.talent.upc.edu\/blog\/?p=5374"},"modified":"2015-10-08T11:34:23","modified_gmt":"2015-10-08T10:34:23","slug":"sinicia-la-primera-edicio-del-postgrau-larquitectura-de-lhospital-del-segle-xxi-acreditat-per-la-upc","status":"publish","type":"post","link":"https:\/\/upcschool.upc.edu\/blog\/sinicia-la-primera-edicio-del-postgrau-larquitectura-de-lhospital-del-segle-xxi-acreditat-per-la-upc\/?lang=ca","title":{"rendered":"S\u2019inicia la primera edici\u00f3 del postgrau L\u2019Arquitectura de l\u2019Hospital del segle XXI, acreditat per la UPC"},"content":{"rendered":"<p>El <strong>postgrau L\u2019Arquitectura de l\u2019Hospital del s. XXI. LA(H)B Laboratori d\u2019Arquitectura Hospital\u00e0ria<\/strong>, dirigit pel prestigi\u00f3s <a href=\"http:\/\/mariocorea.com\/\" target=\"_blank\">arquitecte Mario Corea<\/a>, forma part del cat\u00e0leg formatiu 2015\/16 de l&#8217;Escola Sert del COAC (Col\u00b7legi d&#8217;Arquitectes de Catalunya) i est\u00e0 acreditat per la UPC a trav\u00e9s de la Fundaci\u00f3 Polit\u00e8cnica de Catalunya (FPC).\u00a0 Aquest mes d\u2019octubre ha iniciat la seva primera edici\u00f3 amb 12 alumnes internacionals. <!--more--><\/p>\n<p><a href=\"https:\/\/upcschool.upc.edu\/blog\/wp-content\/uploads\/2015\/10\/Foto2.jpg\"><img loading=\"lazy\" decoding=\"async\" class=\"alignleft wp-image-5375 size-medium\" src=\"https:\/\/upcschool.upc.edu\/blog\/wp-content\/uploads\/2015\/10\/Foto2-300x300.jpg\" alt=\"Arquitectura Hospital\u00e0ria\" width=\"300\" height=\"300\" srcset=\"https:\/\/upcschool.upc.edu\/blog\/wp-content\/uploads\/2015\/10\/Foto2-300x300.jpg 300w, https:\/\/upcschool.upc.edu\/blog\/wp-content\/uploads\/2015\/10\/Foto2-150x150.jpg 150w, https:\/\/upcschool.upc.edu\/blog\/wp-content\/uploads\/2015\/10\/Foto2-1024x1024.jpg 1024w, https:\/\/upcschool.upc.edu\/blog\/wp-content\/uploads\/2015\/10\/Foto2-175x175.jpg 175w, https:\/\/upcschool.upc.edu\/blog\/wp-content\/uploads\/2015\/10\/Foto2.jpg 1936w\" sizes=\"auto, (max-width: 300px) 100vw, 300px\" \/><\/a>Es tracta d\u2019un programa de<strong> postgrau intensiu projectual<\/strong>, \u00e9s a dir, orientat a la realitzaci\u00f3 final d\u2019un <strong>projecte d\u2019arquitectura en l\u2019\u00e0mbit hospitalari<\/strong>. Recolzat en una forta base de contingut te\u00f2ric i supervisat per un important nombre de professionals experts en el desenvolupament d\u2019aquest tipus d\u2019arquitectura, <strong>cada alumne desenvolupar\u00e0 un projecte d\u2019hospital de mitjana capacitat<\/strong>, des de la seva ubicaci\u00f3 en un entorn urb\u00e0 fins al disseny dels sistemes funcionals.<\/p>\n<p>El curs funciona, en definitiva, com un <strong>laboratori de recerca de les idees actuals en aquesta disciplina<\/strong>. La primera edici\u00f3 del programa es realitzar\u00e0 des del 5 d&#8217;octubre fins el 2 de desembre.<\/p>\n<p><strong>M\u00e9s informaci\u00f3:<\/strong><\/p>\n<p><a href=\"http:\/\/www.arquitectes.cat\/iframes\/escolasert\/default2.php?fitxa&amp;idx=1756&amp;lang=C&amp;utm_source=OBRA&amp;utm_medium=link&amp;utm_campaign=LA%28H%29B\" target=\"_blank\">Postgrau en L\u2019arquitectura de l\u2019Hospital del s.XXI. LA(H)B Laboratori d\u2019Arquitectura Hospital\u00e0ria<\/a><\/p>\n<p><a href=\"https:\/\/upcschool.upc.edu\/blog\/wp-content\/uploads\/2015\/10\/IMG_00211.jpg\"><img loading=\"lazy\" decoding=\"async\" class=\"alignnone size-large wp-image-5387\" src=\"https:\/\/upcschool.upc.edu\/blog\/wp-content\/uploads\/2015\/10\/IMG_00211-1024x764.jpg\" alt=\"IMG_0021\" width=\"584\" height=\"435\" srcset=\"https:\/\/upcschool.upc.edu\/blog\/wp-content\/uploads\/2015\/10\/IMG_00211-1024x764.jpg 1024w, https:\/\/upcschool.upc.edu\/blog\/wp-content\/uploads\/2015\/10\/IMG_00211-300x224.jpg 300w, https:\/\/upcschool.upc.edu\/blog\/wp-content\/uploads\/2015\/10\/IMG_00211-401x300.jpg 401w\" sizes=\"auto, (max-width: 584px) 100vw, 584px\" \/><\/a><\/p>\n","protected":false},"excerpt":{"rendered":"<p>El postgrau L\u2019Arquitectura de l\u2019Hospital del s. XXI. LA(H)B Laboratori d\u2019Arquitectura Hospital\u00e0ria, dirigit pel prestigi\u00f3s arquitecte Mario Corea, forma part del cat\u00e0leg formatiu 2015\/16 de l&#8217;Escola Sert del COAC (Col\u00b7legi d&#8217;Arquitectes de Catalunya) i est\u00e0 acreditat per la UPC a trav\u00e9s de la Fundaci\u00f3 Polit\u00e8cnica de Catalunya (FPC).\u00a0 Aquest mes d\u2019octubre ha iniciat la seva &#8230; <a title=\"S\u2019inicia la primera edici\u00f3 del postgrau L\u2019Arquitectura de l\u2019Hospital del segle XXI, acreditat per la UPC\" class=\"read-more\" href=\"https:\/\/upcschool.upc.edu\/blog\/sinicia-la-primera-edicio-del-postgrau-larquitectura-de-lhospital-del-segle-xxi-acreditat-per-la-upc\/?lang=ca\" aria-label=\"Read more about S\u2019inicia la primera edici\u00f3 del postgrau L\u2019Arquitectura de l\u2019Hospital del segle XXI, acreditat per la UPC\">Leer m\u00e1s<\/a><\/p>\n","protected":false},"author":2,"featured_media":5375,"comment_status":"open","ping_status":"open","sticky":false,"template":"","format":"standard","meta":{"footnotes":""},"categories":[5,209],"tags":[613],"class_list":["post-5374","post","type-post","status-publish","format-standard","has-post-thumbnail","hentry","category-arquitectura","category-convenis-de-collaboracio","tag-arquitectura-hospitalaria"],"aioseo_notices":[],"_links":{"self":[{"href":"https:\/\/upcschool.upc.edu\/blog\/wp-json\/wp\/v2\/posts\/5374","targetHints":{"allow":["GET"]}}],"collection":[{"href":"https:\/\/upcschool.upc.edu\/blog\/wp-json\/wp\/v2\/posts"}],"about":[{"href":"https:\/\/upcschool.upc.edu\/blog\/wp-json\/wp\/v2\/types\/post"}],"author":[{"embeddable":true,"href":"https:\/\/upcschool.upc.edu\/blog\/wp-json\/wp\/v2\/users\/2"}],"replies":[{"embeddable":true,"href":"https:\/\/upcschool.upc.edu\/blog\/wp-json\/wp\/v2\/comments?post=5374"}],"version-history":[{"count":6,"href":"https:\/\/upcschool.upc.edu\/blog\/wp-json\/wp\/v2\/posts\/5374\/revisions"}],"predecessor-version":[{"id":5388,"href":"https:\/\/upcschool.upc.edu\/blog\/wp-json\/wp\/v2\/posts\/5374\/revisions\/5388"}],"wp:featuredmedia":[{"embeddable":true,"href":"https:\/\/upcschool.upc.edu\/blog\/wp-json\/wp\/v2\/media\/5375"}],"wp:attachment":[{"href":"https:\/\/upcschool.upc.edu\/blog\/wp-json\/wp\/v2\/media?parent=5374"}],"wp:term":[{"taxonomy":"category","embeddable":true,"href":"https:\/\/upcschool.upc.edu\/blog\/wp-json\/wp\/v2\/categories?post=5374"},{"taxonomy":"post_tag","embeddable":true,"href":"https:\/\/upcschool.upc.edu\/blog\/wp-json\/wp\/v2\/tags?post=5374"}],"curies":[{"name":"wp","href":"https:\/\/api.w.org\/{rel}","templated":true}]}}