{"id":6388,"date":"2016-07-01T11:01:16","date_gmt":"2016-07-01T10:01:16","guid":{"rendered":"http:\/\/www.talent.upc.edu\/blog\/?p=6388"},"modified":"2016-10-17T08:35:58","modified_gmt":"2016-10-17T07:35:58","slug":"alumnes-del-master-en-executive-en-supply-chain-management-presenten-un-projecte-sobre-vehicles-autoguiats-al-salo-internacional-de-la-logistica-sil","status":"publish","type":"post","link":"https:\/\/upcschool.upc.edu\/blog\/alumnes-del-master-en-executive-en-supply-chain-management-presenten-un-projecte-sobre-vehicles-autoguiats-al-salo-internacional-de-la-logistica-sil\/?lang=ca","title":{"rendered":"Alumnes del m\u00e0ster en Executive en Supply Chain Management presenten un projecte sobre vehicles autoguiats al Sal\u00f3 Internacional de la Log\u00edstica (SIL)"},"content":{"rendered":"<p>El passat 9 de juny, en el marc del Sal\u00f3 Internacional de la Log\u00edstica (SIL2016), un grup d\u2019alumnes del m\u00e0ster <a href=\"http:\/\/www.talent.upc.edu\/cat\/professionals\/presentacio\/codi\/203200\/executive-lean-supply-chain-management-direccio-operacions-logistica\/\" target=\"_blank\">Executive en Lean Supply Chain Management. Direcci\u00f3 d&#8217;Operacions i Log\u00edstica<\/a> de la UPC School van presentar un <strong>projecte pioner sobre transport per carretera mitjan\u00e7ant vehicles autoguiats<\/strong>. Aquest \u00e9s el projecte final de m\u00e0ster desenvolupat pels alumnes Annamaria de Gregorio, Pablo Vargas, Carlos Mart\u00edn y Paola Rueda.<\/p>\n<p><!--more--><\/p>\n<p><a href=\"https:\/\/upcschool.upc.edu\/blog\/wp-content\/uploads\/2016\/07\/Sil3.jpg\" target=\"_blank\"><img loading=\"lazy\" decoding=\"async\" class=\"alignleft wp-image-6389 size-medium\" src=\"https:\/\/upcschool.upc.edu\/blog\/wp-content\/uploads\/2016\/07\/Sil3-300x199.jpg\" alt=\"Presentacio SIL\" width=\"300\" height=\"199\" srcset=\"https:\/\/upcschool.upc.edu\/blog\/wp-content\/uploads\/2016\/07\/Sil3-300x199.jpg 300w, https:\/\/upcschool.upc.edu\/blog\/wp-content\/uploads\/2016\/07\/Sil3-1024x682.jpg 1024w, https:\/\/upcschool.upc.edu\/blog\/wp-content\/uploads\/2016\/07\/Sil3-450x300.jpg 450w, https:\/\/upcschool.upc.edu\/blog\/wp-content\/uploads\/2016\/07\/Sil3.jpg 1300w\" sizes=\"auto, (max-width: 300px) 100vw, 300px\" \/><\/a>L\u2019estudi ha estat dirigit pel <a href=\"http:\/\/www.portdebarcelona.cat\/\" target=\"_blank\">Port de Barcelona<\/a> i intenta analitzar l\u2019evoluci\u00f3 futura de la t\u00e8cnica coneguda com a \u201cplatooning\u201d, mitjan\u00e7ant la qual un grup de camions segueixen a un cami\u00f3 l\u00edder amb un grau d\u2019automatisme cada cop major. Aquesta nova tecnologia far\u00e0 que en un futur no tan lluny\u00e0, el conductor no sigui necessari en els camions seguidors. A Europa, les primeres proves d\u2019aquest sistema s\u2019han realitzat amb \u00e8xit a Holanda.<\/p>\n<p><a href=\"https:\/\/upcschool.upc.edu\/blog\/wp-content\/uploads\/2016\/07\/Sil1.jpg\" target=\"_blank\"><img loading=\"lazy\" decoding=\"async\" class=\"alignleft wp-image-6390 size-medium\" src=\"https:\/\/upcschool.upc.edu\/blog\/wp-content\/uploads\/2016\/07\/Sil1-300x199.jpg\" alt=\"Carles Rua\" width=\"300\" height=\"199\" srcset=\"https:\/\/upcschool.upc.edu\/blog\/wp-content\/uploads\/2016\/07\/Sil1-300x199.jpg 300w, https:\/\/upcschool.upc.edu\/blog\/wp-content\/uploads\/2016\/07\/Sil1-1024x682.jpg 1024w, https:\/\/upcschool.upc.edu\/blog\/wp-content\/uploads\/2016\/07\/Sil1-450x300.jpg 450w, https:\/\/upcschool.upc.edu\/blog\/wp-content\/uploads\/2016\/07\/Sil1.jpg 1300w\" sizes=\"auto, (max-width: 300px) 100vw, 300px\" \/><\/a>El treball ha estat tutoritzat per Carles Rua i \u00e9s una completa prospectiva sobre el futur dels camions autoconduits. Els alumnes han analitzat al detall els terminis en qu\u00e8 anir\u00e0 evolucionant la tecnologia i l<strong>\u2019impacte que pot generar en l\u2019activitat portu\u00e0ria<\/strong>.<\/p>\n<p>Els alumnes van presentar, amb gran \u00e8xit de p\u00fablic, aquest innovador treball a l\u2019estand del Port de Barcelona durant la celebraci\u00f3 de la darrera edici\u00f3 del <a href=\"http:\/\/www.silbcn.com\/es\/index.php\" target=\"_blank\">Sal\u00f3 Internacional de la Log\u00edstica (SIL 2016)<\/a>, el punt de trobada de tota l&#8217;activitat log\u00edstica al Sud d&#8217;Europa, la Mediterr\u00e0nia i Iberoam\u00e8rica. \u00c9s un dels esdeveniments de refer\u00e8ncia internacional de la log\u00edstica i del transport que reuneix inversors i compradors de tota la cadena log\u00edstica, a m\u00e9s de presentar les darreres novetats tecnol\u00f2giques en aquest sector. <span id=\"result_box\" lang=\"ca\">El Sal\u00f3 Internacional de la Log\u00edstica 2016 ha congregat m\u00e9s de 30.000 professionals i unes 1.000 empreses, un 10% m\u00e9s que l&#8217;any passat.<\/span><\/p>\n","protected":false},"excerpt":{"rendered":"<p>El passat 9 de juny, en el marc del Sal\u00f3 Internacional de la Log\u00edstica (SIL2016), un grup d\u2019alumnes del m\u00e0ster Executive en Lean Supply Chain Management. Direcci\u00f3 d&#8217;Operacions i Log\u00edstica de la UPC School van presentar un projecte pioner sobre transport per carretera mitjan\u00e7ant vehicles autoguiats. Aquest \u00e9s el projecte final de m\u00e0ster desenvolupat pels &#8230; <a title=\"Alumnes del m\u00e0ster en Executive en Supply Chain Management presenten un projecte sobre vehicles autoguiats al Sal\u00f3 Internacional de la Log\u00edstica (SIL)\" class=\"read-more\" href=\"https:\/\/upcschool.upc.edu\/blog\/alumnes-del-master-en-executive-en-supply-chain-management-presenten-un-projecte-sobre-vehicles-autoguiats-al-salo-internacional-de-la-logistica-sil\/?lang=ca\" aria-label=\"Read more about Alumnes del m\u00e0ster en Executive en Supply Chain Management presenten un projecte sobre vehicles autoguiats al Sal\u00f3 Internacional de la Log\u00edstica (SIL)\">Leer m\u00e1s<\/a><\/p>\n","protected":false},"author":2,"featured_media":6389,"comment_status":"open","ping_status":"open","sticky":false,"template":"","format":"standard","meta":{"footnotes":""},"categories":[13,581],"tags":[288],"class_list":["post-6388","post","type-post","status-publish","format-standard","has-post-thumbnail","hentry","category-logistica","category-projectes-alumni","tag-supply-chain-management"],"aioseo_notices":[],"_links":{"self":[{"href":"https:\/\/upcschool.upc.edu\/blog\/wp-json\/wp\/v2\/posts\/6388","targetHints":{"allow":["GET"]}}],"collection":[{"href":"https:\/\/upcschool.upc.edu\/blog\/wp-json\/wp\/v2\/posts"}],"about":[{"href":"https:\/\/upcschool.upc.edu\/blog\/wp-json\/wp\/v2\/types\/post"}],"author":[{"embeddable":true,"href":"https:\/\/upcschool.upc.edu\/blog\/wp-json\/wp\/v2\/users\/2"}],"replies":[{"embeddable":true,"href":"https:\/\/upcschool.upc.edu\/blog\/wp-json\/wp\/v2\/comments?post=6388"}],"version-history":[{"count":5,"href":"https:\/\/upcschool.upc.edu\/blog\/wp-json\/wp\/v2\/posts\/6388\/revisions"}],"predecessor-version":[{"id":6399,"href":"https:\/\/upcschool.upc.edu\/blog\/wp-json\/wp\/v2\/posts\/6388\/revisions\/6399"}],"wp:featuredmedia":[{"embeddable":true,"href":"https:\/\/upcschool.upc.edu\/blog\/wp-json\/wp\/v2\/media\/6389"}],"wp:attachment":[{"href":"https:\/\/upcschool.upc.edu\/blog\/wp-json\/wp\/v2\/media?parent=6388"}],"wp:term":[{"taxonomy":"category","embeddable":true,"href":"https:\/\/upcschool.upc.edu\/blog\/wp-json\/wp\/v2\/categories?post=6388"},{"taxonomy":"post_tag","embeddable":true,"href":"https:\/\/upcschool.upc.edu\/blog\/wp-json\/wp\/v2\/tags?post=6388"}],"curies":[{"name":"wp","href":"https:\/\/api.w.org\/{rel}","templated":true}]}}