{"id":6923,"date":"2017-02-01T12:47:48","date_gmt":"2017-02-01T11:47:48","guid":{"rendered":"http:\/\/www.talent.upc.edu\/blog\/?p=6923"},"modified":"2017-02-02T11:06:56","modified_gmt":"2017-02-02T10:06:56","slug":"el-master-en-rehabilitacion-de-la-upc-school-colabora-con-el-consorcio-de-turismo-del-valles-occidental","status":"publish","type":"post","link":"https:\/\/upcschool.upc.edu\/blog\/el-master-en-rehabilitacion-de-la-upc-school-colabora-con-el-consorcio-de-turismo-del-valles-occidental\/","title":{"rendered":"El m\u00e1ster en Rehabilitaci\u00f3n colabora con el Consorcio de Turismo del Vall\u00e8s Occidental"},"content":{"rendered":"<p><span id=\"result_box\" lang=\"es\"><span title=\"'Ullastrell.&lt;\/p&gt;&lt;br \/&gt;&lt;br \/&gt;\n&lt;p&gt;\"><span id=\"result_box\" lang=\"es\"><span title=\"El m\u00e0ster en Rehabilitaci\u00f3 i Restauraci\u00f3 Arquitect\u00f2nica de la UPC School i el Consorci de Turisme del Vall\u00e8s Occidental han col\u00b7laborat en la realitzaci\u00f3 dels projectes finals dels alumnes d\u2019aquesta edici\u00f3 del m\u00e0ster.\">El m\u00e1ster en Rehabilitaci\u00f3n y Restauraci\u00f3n Arquitect\u00f3nica de la UPC School y el Consorcio de Turismo del Vall\u00e8s Occidental han colaborado en la realizaci\u00f3n de los proyectos finales de los alumnos de esta edici\u00f3n del m\u00e1ster. <\/span><span title=\"Aquesta col\u00b7laboraci\u00f3 ha perm\u00e8s localitzar edificis hist\u00f2rics a la comarca amb lesions importants on els alumnes poguessin aplicar tots els coneixements apresos al llarg del programa i aportar noves propostes en rehabilitaci\u00f3 i restauraci\u00f3.\">Esta colaboraci\u00f3n ha permitido localizar edificios hist\u00f3ricos en la comarca con lesiones importantes en los que los alumnos pudieran aplicar todos los conocimientos aprendidos a lo largo del programa y aportar nuevas propuestas en rehabilitaci\u00f3n y restauraci\u00f3n. <\/span><span title=\"Aix\u00ed, al llarg de l'any 2016, els alumnes han estat treballant en quatre edificis: la Casa Alegre de Sagrera de Terrassa, la Torre del Pont de Castellar del Vall\u00e8s, la Masia Comabella de Sant Lloren\u00e7 Savall i l'edifici El Progr\u00e9s d\">As\u00ed, a lo largo del a\u00f1o 2016, los alumnos han estado trabajando en cuatro edificios: la Casa Alegre de Sagrera de Terrassa, la Torre del Pont de Castellar del Vall\u00e9s, la Mas\u00eda Comabella de Sant Lloren\u00e7 Savall y el edificio El Progr\u00e9s de <\/span><span title=\"'Ullastrell.&lt;\/p&gt;&lt;br \/&gt;&lt;br \/&gt;\n&lt;p&gt;\">Ullastrell.<\/span><\/span><br \/>\n<\/span><\/span><!--more--><\/p>\n<p><span id=\"result_box\" lang=\"es\"><span title=\"La presentaci\u00f3 en p\u00fablic del resultat d\u2019aquests treballs va tenir lloc el passar dimarts 24 de gener a la Casa Alegre de Sagrera, a Terrassa, un dels edificis sobre els quals els alumnes hi ha treballat.\"><a href=\"https:\/\/upcschool.upc.edu\/blog\/wp-content\/uploads\/2017\/02\/Rehab-e1485949109789.jpg\"><img loading=\"lazy\" decoding=\"async\" class=\"alignleft wp-image-6920 size-medium\" src=\"https:\/\/upcschool.upc.edu\/blog\/wp-content\/uploads\/2017\/02\/Rehab-e1485949109789-225x300.jpg\" alt=\"Rehab\" width=\"225\" height=\"300\" srcset=\"https:\/\/upcschool.upc.edu\/blog\/wp-content\/uploads\/2017\/02\/Rehab-e1485949109789-225x300.jpg 225w, https:\/\/upcschool.upc.edu\/blog\/wp-content\/uploads\/2017\/02\/Rehab-e1485949109789-768x1024.jpg 768w\" sizes=\"auto, (max-width: 225px) 100vw, 225px\" \/><\/a>La presentaci\u00f3n en p\u00fablico del resultado de estos trabajos tuvo lugar el pasado martes 24 de enero en la Casa Alegre de Sagrera, en Terrassa, uno de los edificios en que los alumnos han trabajado. <\/span><span title=\"A la presentaci\u00f3 van assistir representats dels municipis per veure les conclusions dels treballs realitzats.\">A la presentaci\u00f3n asistieron representantes de los municipios para ver las conclusiones de los trabajos realizados. <\/span><span title=\"Els ajuntaments que s'ha adherit a la iniciativa han facilitat l'acc\u00e9s a l'edifici, la documentaci\u00f3 disponible i les previsions de possibles usos futurs facilitant que els alumnes poguessin realitzar el treball pr\u00e0ctic del m\u00e0ster sota la supervisi\u00f3 del professor-tutor, de\">Los ayuntamientos que se han adherido a la iniciativa han <strong>facilitado el acceso al edificio, la documentaci\u00f3n disponible y las previsiones de posibles usos<\/strong> futuros facilitando que los alumnos pudieran realizar el trabajo pr\u00e1ctico del m\u00e1ster bajo la supervisi\u00f3n del profesor-tutor, de manera que la<\/span><span title=\"manera que la col\u00b7laboraci\u00f3 ha esdevingut enriquidora per ambdues parts.&lt;\/p&gt;&lt;br \/&gt;&lt;br \/&gt;\n&lt;p&gt;\"> colaboraci\u00f3n ha convertido enriquecedora para ambas partes.<\/span><\/span><\/p>\n<p><span title=\"El m\u00e0ster en Rehabilitaci\u00f3 i Restauraci\u00f3 Arquitect\u00f2nica \u00e9s un m\u00e0ster d\u2019especialitzaci\u00f3 professional adre\u00e7at fonamentalment a arquitectes i arquitectes t\u00e8cnics i que pret\u00e9n formar en el desenvolupament integral del cicle de rehabilitaci\u00f3 d\u2019edificis.\">El <a href=\"http:\/\/www.talent.upc.edu\/esp\/professionals\/presentacio\/codi\/213400\/rehabilitacion-restauracion-arquitectonica-evaluacion-prestacional-cte-proyecto-intervencion\/\" target=\"_blank\">m\u00e1ster en Rehabilitaci\u00f3n y Restauraci\u00f3n Arquitect\u00f3nica<\/a> es un m\u00e1ster de especializaci\u00f3n profesional dirigido fundamentalmente a arquitectos y arquitectos t\u00e9cnicos que pretende formar en el desarrollo integral del ciclo de rehabilitaci\u00f3n de edificios. <\/span><span title=\"Els coneixements apresos s\u2019apliquen en un projecte real on realitzen un estudi d\u2019avaluaci\u00f3 i el disseny de propostes d\u2019actuaci\u00f3 sobre un immoble concret.&lt;\/p&gt;&lt;br \/&gt;&lt;br \/&gt;\n&lt;p&gt;\">Los conocimientos aprendidos se aplican en un proyecto real donde realizan un estudio de evaluaci\u00f3n y el dise\u00f1o de propuestas de actuaci\u00f3n sobre un inmueble concreto.<\/span><\/p>\n<p><span title=\"Es preveu que de cara a l\u2019any 2017, el Consorci de Turisme torni a col\u00b7laborar amb el m\u00e0ster amb noves propostes d\u2019edificis hist\u00f2rics.\">Se prev\u00e9 que de cara a este a\u00f1o 2017, el Consorcio de Turismo vuelva a colaborar con el m\u00e1ster con nuevas propuestas de edificios hist\u00f3ricos. <\/span><span title=\"Ja s\u2019ha realitzat una crida als ajuntaments de la comarca i de moment ja en s\u00f3n 5 els consorcis que s\u2019hi ha adherit a la proposta.\">Ya se ha realizado un llamamiento a los ayuntamientos de la comarca y de momento ya son 5 los consorcios que se han adherido a la propuesta.<\/span><\/p>\n","protected":false},"excerpt":{"rendered":"<p>El m\u00e1ster en Rehabilitaci\u00f3n y Restauraci\u00f3n Arquitect\u00f3nica de la UPC School y el Consorcio de Turismo del Vall\u00e8s Occidental han colaborado en la realizaci\u00f3n de los proyectos finales de los alumnos de esta edici\u00f3n del m\u00e1ster. Esta colaboraci\u00f3n ha permitido localizar edificios hist\u00f3ricos en la comarca con lesiones importantes en los que los alumnos pudieran &#8230; <a title=\"El m\u00e1ster en Rehabilitaci\u00f3n colabora con el Consorcio de Turismo del Vall\u00e8s Occidental\" class=\"read-more\" href=\"https:\/\/upcschool.upc.edu\/blog\/el-master-en-rehabilitacion-de-la-upc-school-colabora-con-el-consorcio-de-turismo-del-valles-occidental\/\" aria-label=\"Read more about El m\u00e1ster en Rehabilitaci\u00f3n colabora con el Consorcio de Turismo del Vall\u00e8s Occidental\">Leer m\u00e1s<\/a><\/p>\n","protected":false},"author":2,"featured_media":6921,"comment_status":"open","ping_status":"open","sticky":false,"template":"","format":"standard","meta":{"footnotes":""},"categories":[22,580,258],"tags":[771,227,234,514],"class_list":["post-6923","post","type-post","status-publish","format-standard","has-post-thumbnail","hentry","category-arquitectura-2","category-proyectos-alumni","category-rehabilitacion-2","tag-master-en-rehabilitacion","tag-rehabilitacion","tag-restauracion-arquitectonica","tag-trabajos-alumnos"],"aioseo_notices":[],"_links":{"self":[{"href":"https:\/\/upcschool.upc.edu\/blog\/wp-json\/wp\/v2\/posts\/6923","targetHints":{"allow":["GET"]}}],"collection":[{"href":"https:\/\/upcschool.upc.edu\/blog\/wp-json\/wp\/v2\/posts"}],"about":[{"href":"https:\/\/upcschool.upc.edu\/blog\/wp-json\/wp\/v2\/types\/post"}],"author":[{"embeddable":true,"href":"https:\/\/upcschool.upc.edu\/blog\/wp-json\/wp\/v2\/users\/2"}],"replies":[{"embeddable":true,"href":"https:\/\/upcschool.upc.edu\/blog\/wp-json\/wp\/v2\/comments?post=6923"}],"version-history":[{"count":4,"href":"https:\/\/upcschool.upc.edu\/blog\/wp-json\/wp\/v2\/posts\/6923\/revisions"}],"predecessor-version":[{"id":6935,"href":"https:\/\/upcschool.upc.edu\/blog\/wp-json\/wp\/v2\/posts\/6923\/revisions\/6935"}],"wp:featuredmedia":[{"embeddable":true,"href":"https:\/\/upcschool.upc.edu\/blog\/wp-json\/wp\/v2\/media\/6921"}],"wp:attachment":[{"href":"https:\/\/upcschool.upc.edu\/blog\/wp-json\/wp\/v2\/media?parent=6923"}],"wp:term":[{"taxonomy":"category","embeddable":true,"href":"https:\/\/upcschool.upc.edu\/blog\/wp-json\/wp\/v2\/categories?post=6923"},{"taxonomy":"post_tag","embeddable":true,"href":"https:\/\/upcschool.upc.edu\/blog\/wp-json\/wp\/v2\/tags?post=6923"}],"curies":[{"name":"wp","href":"https:\/\/api.w.org\/{rel}","templated":true}]}}