{"id":6947,"date":"2017-02-16T13:54:17","date_gmt":"2017-02-16T12:54:17","guid":{"rendered":"https:\/\/www.talent.upc.edu\/blog\/?p=6947"},"modified":"2017-02-16T16:12:56","modified_gmt":"2017-02-16T15:12:56","slug":"alumnes-del-master-en-disseny-i-produccio-despais-participen-al-festival-llum-bcn","status":"publish","type":"post","link":"https:\/\/upcschool.upc.edu\/blog\/alumnes-del-master-en-disseny-i-produccio-despais-participen-al-festival-llum-bcn\/?lang=ca","title":{"rendered":"Alumnes del m\u00e0ster en Disseny i Producci\u00f3 d\u2019Espais participen al festival Llum Bcn"},"content":{"rendered":"<p>Alumnes del m\u00e0ster en Disseny i Producci\u00f3 d\u2019Espais de la UPC School han estat alguns dels <strong>protagonistes de les intervencions lum\u00edniques que han donat vida a la sisena edici\u00f3 del Festival Llum Bcn<\/strong>. Aquest festival es realitza amb motiu de les festes de Santa Eul\u00e0lia i cada any sorpr\u00e8n amb les creacions lum\u00edniques d\u2019artistes prestigiosos i tamb\u00e9 de joves talents que transformen la fisonomia de Barcelona amb el llenguatge de la llum.<!--more--><\/p>\n<p><a href=\"https:\/\/upcschool.upc.edu\/blog\/wp-content\/uploads\/2017\/02\/DiPE2.jpg\"><img loading=\"lazy\" decoding=\"async\" class=\"alignleft wp-image-6950 size-medium\" src=\"https:\/\/upcschool.upc.edu\/blog\/wp-content\/uploads\/2017\/02\/DiPE2-225x300.jpg\" alt=\"DiPE2\" width=\"225\" height=\"300\" srcset=\"https:\/\/upcschool.upc.edu\/blog\/wp-content\/uploads\/2017\/02\/DiPE2-225x300.jpg 225w, https:\/\/upcschool.upc.edu\/blog\/wp-content\/uploads\/2017\/02\/DiPE2.jpg 720w\" sizes=\"auto, (max-width: 225px) 100vw, 225px\" \/><\/a>Organitzat per l\u2019Institut de Cultura de Barcelona (ICUB), una de les caracter\u00edstiques distintives de Llum Bcn \u00e9s la<strong> implicaci\u00f3 d\u2019alumnes i professors de les escoles d\u2019arquitectura, art i disseny de la ciutat<\/strong>, que s\u00f3n els responsables de les instal\u00b7lacions en els patis emblem\u00e0tics.<\/p>\n<p>Els alumnes del <a href=\"https:\/\/upcschool.upc.edu\/cat\/professionals\/presentacio\/codi\/207400\/disseny-produccio-espais\/\" target=\"_blank\">m\u00e0ster en Disseny i Producci\u00f3 d\u2019Espais<\/a> han consolidat la seva participaci\u00f3 habitual al festival amb la proposta <strong>Ressorgir,<\/strong> una instal\u00b7laci\u00f3 que volia retornar la vida al <strong>Palau de Sessa-Larrard<\/strong>, un edifici que ha estat utilitzat al llarg de la seva hist\u00f2ria com a resid\u00e8ncia del virrei de Catalunya, com a hospital i com a escola. La proposta Ressorgir va fer cobrar vida a l&#8217;espai amb la pres\u00e8ncia dels visitants, que jugaven i interactuaven amb la instal\u00b7laci\u00f3. La participaci\u00f3 activa dels visitants, juntament amb el poder m\u00e0gic de la llum, va fer ressorgir la bellesa adormida de les formes i textures de l\u2019interior.<\/p>\n<p><strong><a href=\"https:\/\/upcschool.upc.edu\/blog\/wp-content\/uploads\/2017\/02\/DiPE4.jpg\"><img loading=\"lazy\" decoding=\"async\" class=\"alignleft wp-image-6951 size-medium\" src=\"https:\/\/upcschool.upc.edu\/blog\/wp-content\/uploads\/2017\/02\/DiPE4-241x300.jpg\" alt=\"DiPE4\" width=\"241\" height=\"300\" srcset=\"https:\/\/upcschool.upc.edu\/blog\/wp-content\/uploads\/2017\/02\/DiPE4-241x300.jpg 241w, https:\/\/upcschool.upc.edu\/blog\/wp-content\/uploads\/2017\/02\/DiPE4.jpg 482w\" sizes=\"auto, (max-width: 241px) 100vw, 241px\" \/><\/a>Autors: <\/strong><em>Paola A. Acosta, Elisa \u00c1lvarez, M. Teresa Campos, Luz M. Carpio, Rosa de Am\u00e9rica Cavada, Carmela Cebri\u00e1n, Paula Fern\u00e1ndez, M. In\u00e9s Fern\u00e1ndez, Andrea Ferreira, Edgar S. Ferreyra, Victor Fueris, Rut Galan, M. Virginia Icaza, Andrea S. J\u00e1come, Melisa V. Kuczek, Selina L\u00f3pez Ya\u00f1ez, Laura Medina, M. Angel Ni\u00f1o, M. Jos\u00e9 N\u00fa\u00f1ez, Beatriz A. Perea, Roberto C. P\u00e9rez, Paula Pintos, M. Alejandra Rivera, Cristina Robledano, Felipe Rodr\u00edguez, Juli\u00e0 Sol, M. Clara Toro i Eduardo V\u00e1zquez. <\/em><\/p>\n<p><strong>Tutors:<\/strong> Josep Ricart i Coque Claret<\/p>\n<p><strong>Patrocinadors:<\/strong> CCCB i Grup Gir\u00f3<\/p>\n<p>El <a href=\"http:\/\/lameva.barcelona.cat\/santaeulalia\/llumbcn\" target=\"_blank\">Festival Llum Bcn <\/a>\u00e9s una oportunitat d\u2019experimentaci\u00f3 i capacitat d\u2019innovaci\u00f3 en la qual els alumnes poden <strong>realitzar un projecte real i experimentar la forma d\u2019interacci\u00f3 del p\u00fablic amb la seva proposta.<\/strong><\/p>\n","protected":false},"excerpt":{"rendered":"<p>Alumnes del m\u00e0ster en Disseny i Producci\u00f3 d\u2019Espais de la UPC School han estat alguns dels protagonistes de les intervencions lum\u00edniques que han donat vida a la sisena edici\u00f3 del Festival Llum Bcn. Aquest festival es realitza amb motiu de les festes de Santa Eul\u00e0lia i cada any sorpr\u00e8n amb les creacions lum\u00edniques d\u2019artistes prestigiosos &#8230; <a title=\"Alumnes del m\u00e0ster en Disseny i Producci\u00f3 d\u2019Espais participen al festival Llum Bcn\" class=\"read-more\" href=\"https:\/\/upcschool.upc.edu\/blog\/alumnes-del-master-en-disseny-i-produccio-despais-participen-al-festival-llum-bcn\/?lang=ca\" aria-label=\"Read more about Alumnes del m\u00e0ster en Disseny i Producci\u00f3 d\u2019Espais participen al festival Llum Bcn\">Leer m\u00e1s<\/a><\/p>\n","protected":false},"author":2,"featured_media":6954,"comment_status":"open","ping_status":"open","sticky":false,"template":"","format":"standard","meta":{"footnotes":""},"categories":[5,10,581],"tags":[79,510,162],"class_list":["post-6947","post","type-post","status-publish","format-standard","has-post-thumbnail","hentry","category-arquitectura","category-disseny","category-projectes-alumni","tag-lighting-design_2","tag-llum-bcn","tag-master-lighting"],"aioseo_notices":[],"_links":{"self":[{"href":"https:\/\/upcschool.upc.edu\/blog\/wp-json\/wp\/v2\/posts\/6947","targetHints":{"allow":["GET"]}}],"collection":[{"href":"https:\/\/upcschool.upc.edu\/blog\/wp-json\/wp\/v2\/posts"}],"about":[{"href":"https:\/\/upcschool.upc.edu\/blog\/wp-json\/wp\/v2\/types\/post"}],"author":[{"embeddable":true,"href":"https:\/\/upcschool.upc.edu\/blog\/wp-json\/wp\/v2\/users\/2"}],"replies":[{"embeddable":true,"href":"https:\/\/upcschool.upc.edu\/blog\/wp-json\/wp\/v2\/comments?post=6947"}],"version-history":[{"count":5,"href":"https:\/\/upcschool.upc.edu\/blog\/wp-json\/wp\/v2\/posts\/6947\/revisions"}],"predecessor-version":[{"id":6962,"href":"https:\/\/upcschool.upc.edu\/blog\/wp-json\/wp\/v2\/posts\/6947\/revisions\/6962"}],"wp:featuredmedia":[{"embeddable":true,"href":"https:\/\/upcschool.upc.edu\/blog\/wp-json\/wp\/v2\/media\/6954"}],"wp:attachment":[{"href":"https:\/\/upcschool.upc.edu\/blog\/wp-json\/wp\/v2\/media?parent=6947"}],"wp:term":[{"taxonomy":"category","embeddable":true,"href":"https:\/\/upcschool.upc.edu\/blog\/wp-json\/wp\/v2\/categories?post=6947"},{"taxonomy":"post_tag","embeddable":true,"href":"https:\/\/upcschool.upc.edu\/blog\/wp-json\/wp\/v2\/tags?post=6947"}],"curies":[{"name":"wp","href":"https:\/\/api.w.org\/{rel}","templated":true}]}}