{"id":8046,"date":"2018-05-28T15:33:26","date_gmt":"2018-05-28T14:33:26","guid":{"rendered":"https:\/\/www.talent.upc.edu\/blog\/?p=8046"},"modified":"2018-06-25T15:00:48","modified_gmt":"2018-06-25T14:00:48","slug":"alumnos-del-master-en-diseno-y-produccion-de-espacios-participan-en-girona-temps-de-flors-2018","status":"publish","type":"post","link":"https:\/\/upcschool.upc.edu\/blog\/alumnos-del-master-en-diseno-y-produccion-de-espacios-participan-en-girona-temps-de-flors-2018\/","title":{"rendered":"Alumnos del m\u00e1ster en Dise\u00f1o y Producci\u00f3n de Espacios participan en Girona, Temps de Flors 2018"},"content":{"rendered":"<p>Como cada a\u00f1o, un proyecto de los alumnos del <strong><a href=\"https:\/\/upcschool.upc.edu\/esp\/professionals\/presentacio\/codi\/207400\/diseno-produccion-espacios\/\" target=\"_blank\" rel=\"noopener\">m\u00e1ster en Dise\u00f1o y Producci\u00f3n de Espacios<\/a> <\/strong>ha participado en el Festival Girona, Temps de Flors. En la edici\u00f3n 2018, realizada del 12 al 20 de mayo, han expuesto su <strong>proyecto \u201cCAUCE\u201d, situado en el lecho del r\u00edo Galligants.<\/strong><!--more--><\/p>\n<p><a href=\"https:\/\/upcschool.upc.edu\/blog\/wp-content\/uploads\/2018\/05\/Cauce-1.jpg\" target=\"_blank\" rel=\"noopener\"><img loading=\"lazy\" decoding=\"async\" class=\"alignleft wp-image-8059 size-medium\" src=\"https:\/\/upcschool.upc.edu\/blog\/wp-content\/uploads\/2018\/05\/Cauce-1-221x300.jpg\" alt=\"Cauce\" width=\"221\" height=\"300\" srcset=\"https:\/\/upcschool.upc.edu\/blog\/wp-content\/uploads\/2018\/05\/Cauce-1-221x300.jpg 221w, https:\/\/upcschool.upc.edu\/blog\/wp-content\/uploads\/2018\/05\/Cauce-1.jpg 568w\" sizes=\"auto, (max-width: 221px) 100vw, 221px\" \/><\/a>La propuesta ten\u00eda como objetivo <strong>configurar un espacio que recordase a un caudal fluvial.&nbsp;<\/strong> A trav\u00e9s de la densidad de elementos naturales, verticales y colgantes, consiguieron generar un espacio que desbordase los l\u00edmites originales del r\u00edo, invitando al visitante a adentrarse e interactuar. Para contrastar con la gama crom\u00e1tica del lugar pintaron un gran volumen de ca\u00f1izos de mimbre pelados en colores amarillo, naranja, rojo y morado, generando un degradado de colores en el paisaje.&nbsp; Las ca\u00f1as estaban colgando y levemente separadas del suelo, dando la sensaci\u00f3n que la instalaci\u00f3n se elevaba sobre el r\u00edo y traspasaba los recorridos convencionales.&nbsp;<\/p>\n<p>A trav\u00e9s de sus paisajes incre\u00edbles, Girona tiene en este lugar una interacci\u00f3n \u00fanica entre el casco hist\u00f3rico y el bosque, aprovech\u00e1ndose de sus m\u00faltiples vistas y accesos.<\/p>\n<p><a href=\"https:\/\/upcschool.upc.edu\/blog\/wp-content\/uploads\/2018\/05\/Cauce_Preparativos.jpg\" target=\"_blank\" rel=\"noopener\"><img loading=\"lazy\" decoding=\"async\" class=\"alignleft wp-image-8048 size-thumbnail\" src=\"https:\/\/upcschool.upc.edu\/blog\/wp-content\/uploads\/2018\/05\/Cauce_Preparativos-150x150.jpg\" alt=\"\" width=\"150\" height=\"150\"><\/a>El <strong><a href=\"http:\/\/www.gironatempsdeflors.cat\/cat\/inici.php\" target=\"_blank\" rel=\"noopener\">Festival Girona, Temps de Flors<\/a><\/strong> o el festival de literatura infantil y juvenil M\u00f3n Llibre son oportunidades de experimentaci\u00f3n fant\u00e1sticas para los alumnos del m\u00e1ster en Dise\u00f1o y Producci\u00f3n de Espacios, al<strong> realizar una instalaci\u00f3n real y experimentar con la interacci\u00f3n del p\u00fablico con su propuesta<\/strong>. Las instalaciones ef\u00edmeras en las que participan, en las que aplican todo lo aprendido durante el m\u00e1ster, les permiten investigar nuevas ideas y sensaciones a trav\u00e9s del espacio.<\/p>\n<p>&nbsp;<\/p>\n","protected":false},"excerpt":{"rendered":"<p>Como cada a\u00f1o, un proyecto de los alumnos del m\u00e1ster en Dise\u00f1o y Producci\u00f3n de Espacios ha participado en el Festival Girona, Temps de Flors. En la edici\u00f3n 2018, realizada del 12 al 20 de mayo, han expuesto su proyecto \u201cCAUCE\u201d, situado en el lecho del r\u00edo Galligants.<\/p>\n","protected":false},"author":2,"featured_media":8047,"comment_status":"open","ping_status":"open","sticky":false,"template":"","format":"standard","meta":{"footnotes":""},"categories":[29,580],"tags":[848,852,561,418,853],"class_list":["post-8046","post","type-post","status-publish","format-standard","has-post-thumbnail","hentry","category-diseno-2","category-proyectos-alumni","tag-diseno-y-produccion-de-espacios","tag-girona","tag-master-diseno-y-produccion-espacios","tag-proyectos-alumnos","tag-temps-flors"],"aioseo_notices":[],"_links":{"self":[{"href":"https:\/\/upcschool.upc.edu\/blog\/wp-json\/wp\/v2\/posts\/8046","targetHints":{"allow":["GET"]}}],"collection":[{"href":"https:\/\/upcschool.upc.edu\/blog\/wp-json\/wp\/v2\/posts"}],"about":[{"href":"https:\/\/upcschool.upc.edu\/blog\/wp-json\/wp\/v2\/types\/post"}],"author":[{"embeddable":true,"href":"https:\/\/upcschool.upc.edu\/blog\/wp-json\/wp\/v2\/users\/2"}],"replies":[{"embeddable":true,"href":"https:\/\/upcschool.upc.edu\/blog\/wp-json\/wp\/v2\/comments?post=8046"}],"version-history":[{"count":10,"href":"https:\/\/upcschool.upc.edu\/blog\/wp-json\/wp\/v2\/posts\/8046\/revisions"}],"predecessor-version":[{"id":8069,"href":"https:\/\/upcschool.upc.edu\/blog\/wp-json\/wp\/v2\/posts\/8046\/revisions\/8069"}],"wp:featuredmedia":[{"embeddable":true,"href":"https:\/\/upcschool.upc.edu\/blog\/wp-json\/wp\/v2\/media\/8047"}],"wp:attachment":[{"href":"https:\/\/upcschool.upc.edu\/blog\/wp-json\/wp\/v2\/media?parent=8046"}],"wp:term":[{"taxonomy":"category","embeddable":true,"href":"https:\/\/upcschool.upc.edu\/blog\/wp-json\/wp\/v2\/categories?post=8046"},{"taxonomy":"post_tag","embeddable":true,"href":"https:\/\/upcschool.upc.edu\/blog\/wp-json\/wp\/v2\/tags?post=8046"}],"curies":[{"name":"wp","href":"https:\/\/api.w.org\/{rel}","templated":true}]}}