{"id":8956,"date":"2019-04-29T10:26:06","date_gmt":"2019-04-29T09:26:06","guid":{"rendered":"https:\/\/www.talent.upc.edu\/blog\/?p=8956"},"modified":"2019-04-29T10:38:04","modified_gmt":"2019-04-29T09:38:04","slug":"els-alumnes-del-master-en-lighting-design-participen-a-la-fira-euroluce-de-mila","status":"publish","type":"post","link":"https:\/\/upcschool.upc.edu\/blog\/els-alumnes-del-master-en-lighting-design-participen-a-la-fira-euroluce-de-mila\/?lang=ca","title":{"rendered":"Els alumnes del m\u00e0ster en Lighting Design participen a la Fira Euroluce de Mil\u00e0"},"content":{"rendered":"<p>Els alumnes de l\u2019edici\u00f3 actual del <strong><a href=\"https:\/\/upcschool.upc.edu\/cat\/estudis\/formacio\/curs\/211700\/master-lighting-design-disseny-illuminacio-arquitectonica\/\" target=\"_blank\" rel=\"noopener\">m\u00e0ster en Lighting Design. Disseny d\u2019Il\u00b7luminaci\u00f3 Arquitect\u00f2nica<\/a> <\/strong>de la UPC School han participat aquest any a la 30a edici\u00f3 de la<strong> fira Euroluce de Mil\u00e0<\/strong> (It\u00e0lia).&nbsp; Aquesta exposici\u00f3 internacional presenta les solucions m\u00e9s innovadores en l\u2019\u00e0mbit de la <strong>il\u00b7luminaci\u00f3 d\u2019espais interiors i exteriors<\/strong>, amb un protagonisme especial per a l\u2019ecosostenibilitat, l\u2019avantguarda tecnol\u00f2gica i el disseny.<!--more--><\/p>\n<p><a href=\"https:\/\/upcschool.upc.edu\/blog\/wp-content\/uploads\/2019\/04\/AlumnesLighting_Mila.jpg\"><img loading=\"lazy\" decoding=\"async\" class=\"alignleft size-medium wp-image-8957\" src=\"https:\/\/upcschool.upc.edu\/blog\/wp-content\/uploads\/2019\/04\/AlumnesLighting_Mila-300x223.jpg\" alt=\"AlumnesLighting_Mila\" width=\"300\" height=\"223\" srcset=\"https:\/\/upcschool.upc.edu\/blog\/wp-content\/uploads\/2019\/04\/AlumnesLighting_Mila-300x223.jpg 300w, https:\/\/upcschool.upc.edu\/blog\/wp-content\/uploads\/2019\/04\/AlumnesLighting_Mila-768x571.jpg 768w, https:\/\/upcschool.upc.edu\/blog\/wp-content\/uploads\/2019\/04\/AlumnesLighting_Mila-403x300.jpg 403w, https:\/\/upcschool.upc.edu\/blog\/wp-content\/uploads\/2019\/04\/AlumnesLighting_Mila.jpg 871w\" sizes=\"auto, (max-width: 300px) 100vw, 300px\" \/><\/a>Amb m\u00e9s <strong>420 expositors del sector<\/strong>, la meitat dels quals s\u00f3n internacionals, la International Lighting Exhibition de Mil\u00e0 \u00e9s una cita de refer\u00e8ncia mundial pels professionals del sector.<\/p>\n<p>Els alumnes del m\u00e0ster van poder con\u00e8ixer de primera m\u00e0 les darreres innovacions internacionals en il\u00b7luminaci\u00f3 d&#8217;interiors i espais industrials, il\u00b7luminaci\u00f3 d&#8217;espectacles i esdeveniments, il\u00b7luminaci\u00f3 per a usos especials, dom\u00f2tica, fonts de llum i software d&#8217;aplicacions d&#8217;il\u00b7luminaci\u00f3. Tamb\u00e9 va ser una fant\u00e0stica oportunitat de<em> networking<\/em> i intercanvi d\u2019experi\u00e8ncies professionals.<\/p>\n","protected":false},"excerpt":{"rendered":"<p>Els alumnes de l\u2019edici\u00f3 actual del m\u00e0ster en Lighting Design. Disseny d\u2019Il\u00b7luminaci\u00f3 Arquitect\u00f2nica de la UPC School han participat aquest any a la 30a edici\u00f3 de la fira Euroluce de Mil\u00e0 (It\u00e0lia).&nbsp; Aquesta exposici\u00f3 internacional presenta les solucions m\u00e9s innovadores en l\u2019\u00e0mbit de la il\u00b7luminaci\u00f3 d\u2019espais interiors i exteriors, amb un protagonisme especial per a &#8230; <a title=\"Els alumnes del m\u00e0ster en Lighting Design participen a la Fira Euroluce de Mil\u00e0\" class=\"read-more\" href=\"https:\/\/upcschool.upc.edu\/blog\/els-alumnes-del-master-en-lighting-design-participen-a-la-fira-euroluce-de-mila\/?lang=ca\" aria-label=\"Read more about Els alumnes del m\u00e0ster en Lighting Design participen a la Fira Euroluce de Mil\u00e0\">Leer m\u00e1s<\/a><\/p>\n","protected":false},"author":2,"featured_media":8957,"comment_status":"open","ping_status":"open","sticky":false,"template":"","format":"standard","meta":{"footnotes":""},"categories":[22,5,10,310],"tags":[79,162],"class_list":["post-8956","post","type-post","status-publish","format-standard","has-post-thumbnail","hentry","category-arquitectura-2","category-arquitectura","category-disseny","category-lighting-design","tag-lighting-design_2","tag-master-lighting"],"aioseo_notices":[],"_links":{"self":[{"href":"https:\/\/upcschool.upc.edu\/blog\/wp-json\/wp\/v2\/posts\/8956","targetHints":{"allow":["GET"]}}],"collection":[{"href":"https:\/\/upcschool.upc.edu\/blog\/wp-json\/wp\/v2\/posts"}],"about":[{"href":"https:\/\/upcschool.upc.edu\/blog\/wp-json\/wp\/v2\/types\/post"}],"author":[{"embeddable":true,"href":"https:\/\/upcschool.upc.edu\/blog\/wp-json\/wp\/v2\/users\/2"}],"replies":[{"embeddable":true,"href":"https:\/\/upcschool.upc.edu\/blog\/wp-json\/wp\/v2\/comments?post=8956"}],"version-history":[{"count":2,"href":"https:\/\/upcschool.upc.edu\/blog\/wp-json\/wp\/v2\/posts\/8956\/revisions"}],"predecessor-version":[{"id":8961,"href":"https:\/\/upcschool.upc.edu\/blog\/wp-json\/wp\/v2\/posts\/8956\/revisions\/8961"}],"wp:featuredmedia":[{"embeddable":true,"href":"https:\/\/upcschool.upc.edu\/blog\/wp-json\/wp\/v2\/media\/8957"}],"wp:attachment":[{"href":"https:\/\/upcschool.upc.edu\/blog\/wp-json\/wp\/v2\/media?parent=8956"}],"wp:term":[{"taxonomy":"category","embeddable":true,"href":"https:\/\/upcschool.upc.edu\/blog\/wp-json\/wp\/v2\/categories?post=8956"},{"taxonomy":"post_tag","embeddable":true,"href":"https:\/\/upcschool.upc.edu\/blog\/wp-json\/wp\/v2\/tags?post=8956"}],"curies":[{"name":"wp","href":"https:\/\/api.w.org\/{rel}","templated":true}]}}