{"id":9005,"date":"2019-05-31T12:16:37","date_gmt":"2019-05-31T11:16:37","guid":{"rendered":"https:\/\/www.talent.upc.edu\/blog\/?p=9005"},"modified":"2019-06-13T12:46:38","modified_gmt":"2019-06-13T11:46:38","slug":"exit-del-primer-open-day-tic-de-la-upc-school","status":"publish","type":"post","link":"https:\/\/upcschool.upc.edu\/blog\/exit-del-primer-open-day-tic-de-la-upc-school\/?lang=ca","title":{"rendered":"\u00c8xit del primer Open Day TIC de la UPC School"},"content":{"rendered":"<p>El passat dijous 23 de maig va tenir lloc a la Sala d\u2019Actes de la UPC School la<strong> primera edici\u00f3 de l\u2019Open Day TIC, <\/strong>una sessi\u00f3 per posar en com\u00fa tend\u00e8ncies i reptes del sector TIC, fer networking entre professionals i con\u00e8ixer les propostes formatives de la UPC School en aquest \u00e0mbit.<!--more--><\/p>\n<p><a href=\"https:\/\/upcschool.upc.edu\/blog\/wp-content\/uploads\/2019\/05\/OpenDayTIC.jpg\" target=\"_blank\" rel=\"noopener\"><img loading=\"lazy\" decoding=\"async\" class=\"alignleft wp-image-9006 size-medium\" src=\"https:\/\/upcschool.upc.edu\/blog\/wp-content\/uploads\/2019\/05\/OpenDayTIC-300x220.jpg\" alt=\"OpenDayTIC\" width=\"300\" height=\"220\" srcset=\"https:\/\/upcschool.upc.edu\/blog\/wp-content\/uploads\/2019\/05\/OpenDayTIC-300x220.jpg 300w, https:\/\/upcschool.upc.edu\/blog\/wp-content\/uploads\/2019\/05\/OpenDayTIC-768x563.jpg 768w, https:\/\/upcschool.upc.edu\/blog\/wp-content\/uploads\/2019\/05\/OpenDayTIC-1024x751.jpg 1024w, https:\/\/upcschool.upc.edu\/blog\/wp-content\/uploads\/2019\/05\/OpenDayTIC-409x300.jpg 409w, https:\/\/upcschool.upc.edu\/blog\/wp-content\/uploads\/2019\/05\/OpenDayTIC.jpg 1706w\" sizes=\"auto, (max-width: 300px) 100vw, 300px\" \/><\/a>De la m\u00e0 de Rosa Paradell, Innovation Business Development Director a i2CAT Foundation, vam con\u00e8ixer quins s\u00f3n els perfils m\u00e9s demandats per les empreses i les noves tend\u00e8ncies del sector TIC, aix\u00ed com la <strong>nova oferta formativa de la UPC School<\/strong> en aquest \u00e0mbit, dissenyada especialment per cobrir aquestes oportunitats emergents.<\/p>\n<p>Tot seguit, vam gaudir de la <strong>confer\u00e8ncia: \u00abIntel\u00b7lig\u00e8ncia Artificial: \u00c8xits i Reptes\u00bb, a c\u00e0rrec d&#8217;Oriol Vinyals<\/strong>, research scientist a Google DeepMind.<\/p>\n<p><a href=\"https:\/\/upcschool.upc.edu\/blog\/wp-content\/uploads\/2019\/05\/Networking.jpg\" target=\"_blank\" rel=\"noopener\"><img loading=\"lazy\" decoding=\"async\" class=\"alignleft wp-image-9007 size-medium\" src=\"https:\/\/upcschool.upc.edu\/blog\/wp-content\/uploads\/2019\/05\/Networking-300x200.jpg\" alt=\"Networking_OpenDayTIC\" width=\"300\" height=\"200\" srcset=\"https:\/\/upcschool.upc.edu\/blog\/wp-content\/uploads\/2019\/05\/Networking-300x200.jpg 300w, https:\/\/upcschool.upc.edu\/blog\/wp-content\/uploads\/2019\/05\/Networking-768x512.jpg 768w, https:\/\/upcschool.upc.edu\/blog\/wp-content\/uploads\/2019\/05\/Networking-1024x683.jpg 1024w, https:\/\/upcschool.upc.edu\/blog\/wp-content\/uploads\/2019\/05\/Networking-450x300.jpg 450w, https:\/\/upcschool.upc.edu\/blog\/wp-content\/uploads\/2019\/05\/Networking.jpg 2048w\" sizes=\"auto, (max-width: 300px) 100vw, 300px\" \/><\/a>L\u2019acte es va tancar amb un <strong>networking professional<\/strong> amb els directors acad\u00e8mics dels nostres programes de formaci\u00f3 de l\u2019\u00e0rea en Tecnologies de la Informaci\u00f3 i la Comunicaci\u00f3 i tots els assistents.<\/p>\n<p>La UPC School ofereix als recent titulats, als professionals i a les empreses nacionals i internacionals un cat\u00e0leg de 200 programes, entre m\u00e0sters i postgraus, de refer\u00e8ncia a escala local i internacional. L\u2019oferta de la UPC School t\u00e9 com a objectiu actualitzar i formar als professionals a partir de la recerca i la innovaci\u00f3 que la UPC desenvolupa en els seus centres docents i de recerca i, tamb\u00e9, a partir de la vinculaci\u00f3 de les m\u00e9s de 350 empreses i institucions que hi col\u00b7laboren.<\/p>\n<p>A m\u00e9s a m\u00e9s dels 34 programes que ja s\u2019ofereixen en l\u2019\u00e0rea TIC, el proper curs acad\u00e8mic 2019-20, preveiem iniciar <strong>7 programes de formaci\u00f3 permanent nous:<\/strong><\/p>\n<ul>\n<li><a href=\"https:\/\/upcschool.upc.edu\/cat\/estudis\/formacio\/curs\/202200\/master-e-health-technology-innovation\/\" target=\"_blank\" rel=\"noopener\">M\u00e0ster en e-Health Technology Innovation<\/a><\/li>\n<li><a href=\"https:\/\/upcschool.upc.edu\/cat\/estudis\/formacio\/curs\/305600\/posgrado-digital-innovation-business-development\/\" target=\"_blank\" rel=\"noopener\">Postgrau en Digital Innovation for Business Development<\/a><\/li>\n<li>Postgrau en Full-Stack Web Technologies<\/li>\n<li><a href=\"https:\/\/upcschool.upc.edu\/cat\/estudis\/formacio\/curs\/304900\/posgrado-game-design-management\/\" target=\"_blank\" rel=\"noopener\">Postgrau en Game Design &amp; Management<\/a><\/li>\n<li><a href=\"https:\/\/upcschool.upc.edu\/cat\/estudis\/formacio\/curs\/314100\/posgrado-lean-startup-incubation\/\" target=\"_blank\" rel=\"noopener\">Postgrau Lean Startup Incubation<\/a><\/li>\n<li>Postgrau en Tecnologies i Computaci\u00f3 Qu\u00e0ntica<\/li>\n<li>Postgrau en Tecnologies 5G<\/li>\n<\/ul>\n<p><strong>V\u00cdDEO DE L&#8217;OPEN DAY TIC 2019<\/strong><\/p>\n<p><a href=\"https:\/\/vimeo.com\/340862856\" target=\"_blank\" rel=\"noopener\"><img loading=\"lazy\" decoding=\"async\" class=\"alignleft wp-image-9060 size-full\" src=\"https:\/\/upcschool.upc.edu\/blog\/wp-content\/uploads\/2019\/05\/Video_OpenDayTIC.jpg\" alt=\"Video_OpenDayTIC\" width=\"957\" height=\"538\" srcset=\"https:\/\/upcschool.upc.edu\/blog\/wp-content\/uploads\/2019\/05\/Video_OpenDayTIC.jpg 957w, https:\/\/upcschool.upc.edu\/blog\/wp-content\/uploads\/2019\/05\/Video_OpenDayTIC-300x169.jpg 300w, https:\/\/upcschool.upc.edu\/blog\/wp-content\/uploads\/2019\/05\/Video_OpenDayTIC-768x432.jpg 768w, https:\/\/upcschool.upc.edu\/blog\/wp-content\/uploads\/2019\/05\/Video_OpenDayTIC-500x281.jpg 500w\" sizes=\"auto, (max-width: 957px) 100vw, 957px\" \/><\/a><\/p>\n<p>&nbsp;<\/p>\n","protected":false},"excerpt":{"rendered":"<p>El passat dijous 23 de maig va tenir lloc a la Sala d\u2019Actes de la UPC School la primera edici\u00f3 de l\u2019Open Day TIC, una sessi\u00f3 per posar en com\u00fa tend\u00e8ncies i reptes del sector TIC, fer networking entre professionals i con\u00e8ixer les propostes formatives de la UPC School en aquest \u00e0mbit.<\/p>\n","protected":false},"author":2,"featured_media":9006,"comment_status":"open","ping_status":"open","sticky":false,"template":"","format":"standard","meta":{"footnotes":""},"categories":[6],"tags":[926,420,823,398,751,936,934],"class_list":["post-9005","post","type-post","status-publish","format-standard","has-post-thumbnail","hentry","category-tic_2","tag-artificial-intelligence","tag-big-data","tag-blockchain","tag-ciberseguridad","tag-internet-of-things","tag-it-management","tag-open-day-tic"],"aioseo_notices":[],"_links":{"self":[{"href":"https:\/\/upcschool.upc.edu\/blog\/wp-json\/wp\/v2\/posts\/9005","targetHints":{"allow":["GET"]}}],"collection":[{"href":"https:\/\/upcschool.upc.edu\/blog\/wp-json\/wp\/v2\/posts"}],"about":[{"href":"https:\/\/upcschool.upc.edu\/blog\/wp-json\/wp\/v2\/types\/post"}],"author":[{"embeddable":true,"href":"https:\/\/upcschool.upc.edu\/blog\/wp-json\/wp\/v2\/users\/2"}],"replies":[{"embeddable":true,"href":"https:\/\/upcschool.upc.edu\/blog\/wp-json\/wp\/v2\/comments?post=9005"}],"version-history":[{"count":4,"href":"https:\/\/upcschool.upc.edu\/blog\/wp-json\/wp\/v2\/posts\/9005\/revisions"}],"predecessor-version":[{"id":9062,"href":"https:\/\/upcschool.upc.edu\/blog\/wp-json\/wp\/v2\/posts\/9005\/revisions\/9062"}],"wp:featuredmedia":[{"embeddable":true,"href":"https:\/\/upcschool.upc.edu\/blog\/wp-json\/wp\/v2\/media\/9006"}],"wp:attachment":[{"href":"https:\/\/upcschool.upc.edu\/blog\/wp-json\/wp\/v2\/media?parent=9005"}],"wp:term":[{"taxonomy":"category","embeddable":true,"href":"https:\/\/upcschool.upc.edu\/blog\/wp-json\/wp\/v2\/categories?post=9005"},{"taxonomy":"post_tag","embeddable":true,"href":"https:\/\/upcschool.upc.edu\/blog\/wp-json\/wp\/v2\/tags?post=9005"}],"curies":[{"name":"wp","href":"https:\/\/api.w.org\/{rel}","templated":true}]}}