{"id":9665,"date":"2020-03-06T10:55:13","date_gmt":"2020-03-06T09:55:13","guid":{"rendered":"https:\/\/www.talent.upc.edu\/blog\/?p=9665"},"modified":"2020-03-06T10:56:02","modified_gmt":"2020-03-06T09:56:02","slug":"alumnos-del-master-en-rehabilitacion-presentan-sus-proyectos-al-consell-comarcal-del-valles-occidental-2","status":"publish","type":"post","link":"https:\/\/upcschool.upc.edu\/blog\/alumnos-del-master-en-rehabilitacion-presentan-sus-proyectos-al-consell-comarcal-del-valles-occidental-2\/","title":{"rendered":"Alumnos del m\u00e1ster en Rehabilitaci\u00f3n presentan sus proyectos al Consell Comarcal del Vall\u00e8s Occidental"},"content":{"rendered":"<p>Los alumnos del m\u00e1ster en Rehabilitaci\u00f3n y Restauraci\u00f3n Arquitect\u00f3nica han estado trabajando durante la pasada edici\u00f3n en <strong>cinco edificios hist\u00f3ricos de la comarca del Vall\u00e8s Occidental<\/strong>: la Comanda de Santa Magdalena de Palau-solit\u00e0 i Plegamans, el Castillo de Sentmenat y la Mas\u00eda de Can Borrell, el Mol\u00ed d\u2019en Torrella y la Caserna de la Guardia Civil de Sabadell. Estos cinco edificios se han a\u00f1adido a los 13 que se han trabajado en pasadas ediciones. El acto de presentaci\u00f3n y entrega de estos proyectos a los representantes de los municipios participantes se realiz\u00f3 este pasado lunes 2 de marzo en el Casal Pere Quart de Sabadell.<!--more--><\/p>\n<p><a href=\"https:\/\/upcschool.upc.edu\/blog\/wp-content\/uploads\/2020\/03\/FotoGrupRehabilitacio.jpg\" target=\"_blank\" rel=\"noopener\"><img loading=\"lazy\" decoding=\"async\" class=\"alignleft wp-image-9663 size-medium\" src=\"https:\/\/upcschool.upc.edu\/blog\/wp-content\/uploads\/2020\/03\/FotoGrupRehabilitacio-300x225.jpg\" alt=\"FotoGrupRehabilitacio\" width=\"300\" height=\"225\" srcset=\"https:\/\/upcschool.upc.edu\/blog\/wp-content\/uploads\/2020\/03\/FotoGrupRehabilitacio-300x225.jpg 300w, https:\/\/upcschool.upc.edu\/blog\/wp-content\/uploads\/2020\/03\/FotoGrupRehabilitacio-400x300.jpg 400w, https:\/\/upcschool.upc.edu\/blog\/wp-content\/uploads\/2020\/03\/FotoGrupRehabilitacio-500x375.jpg 500w, https:\/\/upcschool.upc.edu\/blog\/wp-content\/uploads\/2020\/03\/FotoGrupRehabilitacio.jpg 750w\" sizes=\"auto, (max-width: 300px) 100vw, 300px\" \/><\/a>El <a href=\"http:\/\/www.ccvoc.cat\/\" target=\"_blank\" rel=\"noopener\">Consell Comarcal del Vall\u00e8s Occidental<\/a> y la UPC colaboran en los trabajos finales desarrollados por los alumnos del m\u00e1ster. Los conocimientos te\u00f3ricos de la formaci\u00f3n se aplican en un <strong>proyecto de rehabilitaci\u00f3n real de un edificio hist\u00f3rico<\/strong> de alguno de los municipios de esta demarcaci\u00f3n.<\/p>\n<p>Los ayuntamientos del Consell Comarcal que se han adherido a la iniciativa han facilitado el acceso a la documentaci\u00f3n disponible y las previsiones de posibles usos futuros. Los alumnos, por su parte, <strong>aportan un estudio de evaluaci\u00f3n y las propuestas de actuaci\u00f3n<\/strong> en estos edificios. Una fant\u00e1stica oportunidad, beneficiosa para ambas partes, para poner en valor el patrimonio y dinamizar el territorio.<\/p>\n","protected":false},"excerpt":{"rendered":"<p>Los alumnos del m\u00e1ster en Rehabilitaci\u00f3n y Restauraci\u00f3n Arquitect\u00f3nica han estado trabajando durante la pasada edici\u00f3n en cinco edificios hist\u00f3ricos de la comarca del Vall\u00e8s Occidental: la Comanda de Santa Magdalena de Palau-solit\u00e0 i Plegamans, el Castillo de Sentmenat y la Mas\u00eda de Can Borrell, el Mol\u00ed d\u2019en Torrella y la Caserna de la Guardia &#8230; <a title=\"Alumnos del m\u00e1ster en Rehabilitaci\u00f3n presentan sus proyectos al Consell Comarcal del Vall\u00e8s Occidental\" class=\"read-more\" href=\"https:\/\/upcschool.upc.edu\/blog\/alumnos-del-master-en-rehabilitacion-presentan-sus-proyectos-al-consell-comarcal-del-valles-occidental-2\/\" aria-label=\"Read more about Alumnos del m\u00e1ster en Rehabilitaci\u00f3n presentan sus proyectos al Consell Comarcal del Vall\u00e8s Occidental\">Leer m\u00e1s<\/a><\/p>\n","protected":false},"author":2,"featured_media":9663,"comment_status":"open","ping_status":"open","sticky":false,"template":"","format":"standard","meta":{"footnotes":""},"categories":[22,580,258],"tags":[730,227,979],"class_list":["post-9665","post","type-post","status-publish","format-standard","has-post-thumbnail","hentry","category-arquitectura-2","category-proyectos-alumni","category-rehabilitacion-2","tag-proyectos-alumni-2","tag-rehabilitacion","tag-rehabilitacion-arquitectonica"],"aioseo_notices":[],"_links":{"self":[{"href":"https:\/\/upcschool.upc.edu\/blog\/wp-json\/wp\/v2\/posts\/9665","targetHints":{"allow":["GET"]}}],"collection":[{"href":"https:\/\/upcschool.upc.edu\/blog\/wp-json\/wp\/v2\/posts"}],"about":[{"href":"https:\/\/upcschool.upc.edu\/blog\/wp-json\/wp\/v2\/types\/post"}],"author":[{"embeddable":true,"href":"https:\/\/upcschool.upc.edu\/blog\/wp-json\/wp\/v2\/users\/2"}],"replies":[{"embeddable":true,"href":"https:\/\/upcschool.upc.edu\/blog\/wp-json\/wp\/v2\/comments?post=9665"}],"version-history":[{"count":2,"href":"https:\/\/upcschool.upc.edu\/blog\/wp-json\/wp\/v2\/posts\/9665\/revisions"}],"predecessor-version":[{"id":9668,"href":"https:\/\/upcschool.upc.edu\/blog\/wp-json\/wp\/v2\/posts\/9665\/revisions\/9668"}],"wp:featuredmedia":[{"embeddable":true,"href":"https:\/\/upcschool.upc.edu\/blog\/wp-json\/wp\/v2\/media\/9663"}],"wp:attachment":[{"href":"https:\/\/upcschool.upc.edu\/blog\/wp-json\/wp\/v2\/media?parent=9665"}],"wp:term":[{"taxonomy":"category","embeddable":true,"href":"https:\/\/upcschool.upc.edu\/blog\/wp-json\/wp\/v2\/categories?post=9665"},{"taxonomy":"post_tag","embeddable":true,"href":"https:\/\/upcschool.upc.edu\/blog\/wp-json\/wp\/v2\/tags?post=9665"}],"curies":[{"name":"wp","href":"https:\/\/api.w.org\/{rel}","templated":true}]}}